{"id":31515,"date":"2025-08-07T12:02:06","date_gmt":"2025-08-07T12:02:06","guid":{"rendered":"https:\/\/www.europesays.com\/es\/31515\/"},"modified":"2025-08-07T12:02:06","modified_gmt":"2025-08-07T12:02:06","slug":"veto-a-las-celebraciones-musulmanas-en-melilla-el-pp-no-rectifica-el-veto-en-jumilla-y-acusa-al-psoe-y-a-vox-de-polarizar-espana","status":"publish","type":"post","link":"https:\/\/www.europesays.com\/es\/31515\/","title":{"rendered":"Veto a las celebraciones musulmanas en Melilla: El PP no rectifica el veto en Jumilla y acusa al PSOE y a Vox de \u201cpolarizar\u201d | Espa\u00f1a"},"content":{"rendered":"<p class=\"\">El Partido Popular no ha rectificado este jueves <a href=\"https:\/\/elpais.com\/espana\/2025-08-07\/claves-el-veto-del-pp-y-vox-a-las-fiestas-musulmanas-en-jumilla-es-inconstitucional-es-antiislamico.html\" target=\"_blank\" rel=\"noreferrer nofollow noopener\" title=\"https:\/\/elpais.com\/espana\/2025-08-07\/claves-el-veto-del-pp-y-vox-a-las-fiestas-musulmanas-en-jumilla-es-inconstitucional-es-antiislamico.html\">el veto a las celebraciones isl\u00e1micas en Jumilla (Murcia) <\/a>que han sacado adelante el partido en esa localidad junto a Vox. En lugar de eso, se ha definido este jueves como \u201cel partido de la libertad\u201d y \u201cel partido constitucionalista\u201d y ha acusado a PSOE y a Vox de \u201cestar polarizando\u201d. La ministra de Inclusi\u00f3n, Seguridad Social y Migraciones, Elma Saiz, ha mostrado su \u201cm\u00e1xima condena\u201d a la moci\u00f3n aprobada en el consistorio del altiplano murciano, que ha calificado de \u201cabsolutamente racista\u201d y lamenta que el PP y Vox usen estas peque\u00f1as localidades como \u201claboratorios\u201d de lo que podr\u00eda ser Espa\u00f1a bajo su mandato.<\/p>\n<p class=\"\">El vicesecretario de Educaci\u00f3n e Igualdad del PP, Jaime de los Santos, ha dicho en declaraciones a los medios de comunicaci\u00f3n que su formaci\u00f3n siempre va a poner en el centro de sus pol\u00edticas \u201clas creencias individuales de cada uno\u201d, respetando que \u201cse crea en uno, en siete o en ning\u00fan dios\u201d. \u201cNunca vamos a se\u00f1alar a nadie por lo que crea o por lo que rece y lo mismo que yo, como cat\u00f3lico, pido respeto a mi fe, c\u00f3mo no voy a respetar cualquier otra fe\u201d, ha argumentado De los Santos, que ha acusado a Vox y al PSOE de \u201cpretender seguir polarizando\u201d con esta cuesti\u00f3n y al Gobierno de querer hacer pasar al PP por un partido \u201cxen\u00f3fobo\u201d.<\/p>\n<p>M\u00e1s informaci\u00f3n<\/p>\n<p class=\"\">Jaime de los Santos ha dicho a Vox que deben ser sus dirigentes los que expliquen \u201csus l\u00edos y sus grandes bravuconadas\u201d en esta materia y ha opinado que \u201cel problema con las personas migrantes no est\u00e1 en las personas migrantes, sino en quienes las gestionan\u201d, en referencia al Gobierno como competente \u201cen fronteras, en seguridad y en inmigraci\u00f3n\u201d. El dirigente popular ha hecho estas declaraciones tras ser preguntado por <a href=\"https:\/\/elpais.com\/espana\/2025-08-07\/incertidumbre-entre-los-musulmanes-de-jumilla-ahora-es-un-rezo-pero-no-sabemos-que-mas-nos-pueden-quitar-manana.html\" target=\"_blank\" rel=\"noreferrer nofollow noopener\" title=\"https:\/\/elpais.com\/espana\/2025-08-07\/incertidumbre-entre-los-musulmanes-de-jumilla-ahora-es-un-rezo-pero-no-sabemos-que-mas-nos-pueden-quitar-manana.html\">la aprobaci\u00f3n en el Ayuntamiento de Jumilla (Murcia) de la prohibici\u00f3n de celebrar actos religiosos,<\/a> culturales o sociales ajenos al consistorio en las instalaciones deportivas municipales, a trav\u00e9s de una moci\u00f3n de Vox modificada por el PP. Lo que pretend\u00eda Vox, que finalmente se abstuvo en la votaci\u00f3n, era que se prohibieran actos del colectivo musulm\u00e1n de la ciudad, como el rezo con el que se celebra el fin del Ramad\u00e1n que han tenido lugar otros a\u00f1os en ese tipo de instalaciones.<\/p>\n<p class=\"\">Desde el Gobierno, la titular de Inclusi\u00f3n, Seguridad Social y Migraciones del Gobierno, Elma Saiz, ha incidido en que su Ministerio va a estar \u201cmuy vigilante\u201d a trav\u00e9s de la monitorizaci\u00f3n de los discursos de odio que realiza el observatorio Espa\u00f1ol del Racismo y la Xenofobia (OBERAXE) para \u201cfrenar cualquier intento de propagar el odio contra la poblaci\u00f3n migrante\u201d, como sucedi\u00f3 en Torre Pacheco. Saiz ha evitado responder en TVE a si el Ejecutivo llevar\u00e1 la decisi\u00f3n del consistorio murciano ante la Justicia, pero ha insistido en que ser\u00e1n \u201cmuy contundentes\u201d para \u201cgarantizar el respeto m\u00e1ximo a la Constituci\u00f3n\u201d. La ministra ha denunciado que con acciones \u201cque parecen inofensivas\u201d, como el fomento del deporte en los polideportivos, intentan inocular \u201cmiedo\u201d y \u201cdesesperaci\u00f3n\u201d en personas que llevan a\u00f1os o d\u00e9cadas en estos municipios \u201caportando, integrados y trabajando\u201d. Adem\u00e1s, ha lamentado que el PP y Vox usen estas peque\u00f1as localidades como \u201claboratorios\u201d de lo que ser\u00eda la Espa\u00f1a que aspiran gobernar alg\u00fan d\u00eda.<\/p>\n<p class=\"\">Fuentes del PP han indicado que la resoluci\u00f3n finalmente aprobada con sus votos establece que los polideportivos sean usados solo para eventos deportivos, sin mencionar las palabras \u201cislam\u201d ni \u201cprohibici\u00f3n\u201d y de modo que tampoco podr\u00edan utilizarse para eventos cat\u00f3licos. Por ello, el municipio murciano est\u00e1 buscando opciones para realizar los actos de la religi\u00f3n musulmana que ya no podr\u00e1n tener lugar en esas instalaciones, han se\u00f1alado estas fuentes.<\/p>\n","protected":false},"excerpt":{"rendered":"El Partido Popular no ha rectificado este jueves el veto a las celebraciones isl\u00e1micas en Jumilla (Murcia) que&hellip;\n","protected":false},"author":2,"featured_media":31516,"comment_status":"","ping_status":"","sticky":false,"template":"","format":"standard","meta":{"footnotes":""},"categories":[8],"tags":[17,18,25,24,13,14,11,387,10025,15657,2158,19,20,1478,9,10,15,16,956,16516,5603,23,12,21,22,624],"class_list":{"0":"post-31515","1":"post","2":"type-post","3":"status-publish","4":"format-standard","5":"has-post-thumbnail","7":"category-espana","8":"tag-breaking-news","9":"tag-breakingnews","10":"tag-es","11":"tag-espana","12":"tag-featured-news","13":"tag-featurednews","14":"tag-headlines","15":"tag-islam","16":"tag-islamofobia","17":"tag-jumilla","18":"tag-justicia","19":"tag-latest-news","20":"tag-latestnews","21":"tag-murcia","22":"tag-news","23":"tag-noticias","24":"tag-noticias-destacadas","25":"tag-noticiasdestacadas","26":"tag-pp","27":"tag-pp-region-de-murcia","28":"tag-religion","29":"tag-spain","30":"tag-titulares","31":"tag-ultimas-noticias","32":"tag-ultimasnoticias","33":"tag-vox"},"share_on_mastodon":{"url":"","error":""},"_links":{"self":[{"href":"https:\/\/www.europesays.com\/es\/wp-json\/wp\/v2\/posts\/31515","targetHints":{"allow":["GET"]}}],"collection":[{"href":"https:\/\/www.europesays.com\/es\/wp-json\/wp\/v2\/posts"}],"about":[{"href":"https:\/\/www.europesays.com\/es\/wp-json\/wp\/v2\/types\/post"}],"author":[{"embeddable":true,"href":"https:\/\/www.europesays.com\/es\/wp-json\/wp\/v2\/users\/2"}],"replies":[{"embeddable":true,"href":"https:\/\/www.europesays.com\/es\/wp-json\/wp\/v2\/comments?post=31515"}],"version-history":[{"count":0,"href":"https:\/\/www.europesays.com\/es\/wp-json\/wp\/v2\/posts\/31515\/revisions"}],"wp:featuredmedia":[{"embeddable":true,"href":"https:\/\/www.europesays.com\/es\/wp-json\/wp\/v2\/media\/31516"}],"wp:attachment":[{"href":"https:\/\/www.europesays.com\/es\/wp-json\/wp\/v2\/media?parent=31515"}],"wp:term":[{"taxonomy":"category","embeddable":true,"href":"https:\/\/www.europesays.com\/es\/wp-json\/wp\/v2\/categories?post=31515"},{"taxonomy":"post_tag","embeddable":true,"href":"https:\/\/www.europesays.com\/es\/wp-json\/wp\/v2\/tags?post=31515"}],"curies":[{"name":"wp","href":"https:\/\/api.w.org\/{rel}","templated":true}]}}