{"id":315156,"date":"2025-12-31T06:17:12","date_gmt":"2025-12-31T06:17:12","guid":{"rendered":"https:\/\/www.europesays.com\/es\/315156\/"},"modified":"2025-12-31T06:17:12","modified_gmt":"2025-12-31T06:17:12","slug":"siria-impone-el-toque-de-queda-en-la-ciudad-de-latakia-tras-los-ataques-contra-los-alauitas","status":"publish","type":"post","link":"https:\/\/www.europesays.com\/es\/315156\/","title":{"rendered":"Siria impone el toque de queda en la ciudad de Latakia tras los ataques contra los alauitas"},"content":{"rendered":"<p>    <img src=\"https:\/\/www.europesays.com\/es\/wp-content\/uploads\/2025\/12\/2025-12-30T133A553A35Z-90706824.jpg\" width=\"1024\" height=\"575\" alt=\"\" loading=\"eager\" decoding=\"sync\" fetchpriority=\"high\"\/><\/p>\n<p>            afp_tickers        <\/p>\n<p>        Este contenido fue publicado en    <\/p>\n<p>        30 diciembre 2025 &#8211; 17:38\n<\/p>\n<p>Las autoridades sirias impusieron el martes un toque de queda nocturno en la ciudad de Latakia tras los ataques que dejaron al menos un muerto en los barrios alauitas.<\/p>\n<p>El Ministerio del Interior anunci\u00f3 un \u00abtoque de queda en la ciudad de Latakia, vigente desde las 17H00 (14H00 GMT) del martes 30 de diciembre de 2025 hasta las 06H00 horas (03H00 GMT) del mi\u00e9rcoles 31 de diciembre de 2025\u00bb.\u00a0<\/p>\n<p>Desde que el expresidente sirio, Bashar al Asad, tambi\u00e9n alauita, fuera derrocado en diciembre de 2024, este grupo minoritario ha sido objeto de ataques.\u00a0<\/p>\n<p>El lunes, varias personas atacaron barrios de mayor\u00eda alauita, da\u00f1ando coches y destrozando tiendas.<\/p>\n<p>Seg\u00fan el Observatorio Sirio de Derechos Humanos (OSDH), una oeneg\u00e9 que se informa con fuentes en el pa\u00eds, un alauita fue \u00ababatido en su coche tras haber sido perseguido\u00bb por tres j\u00f3venes.<\/p>\n<p>Por su parte un portavoz del Ministerio del Interior, Nureddin al Baba, declar\u00f3 que Siria rechaza \u00abcualquier acto de sabotaje o ataque que atente contra la dignidad de los ciudadanos o sus bienes\u00bb. \u00abSe tomar\u00e1n medidas (\u2026) contra los responsables\u00bb, a\u00f1adi\u00f3.<\/p>\n<p>Los ataques se produjeron un d\u00eda despu\u00e9s de que tres personas murieran durante las protestas masivas de esta comunidad minoritaria tras un atentado con bomba en la ciudad de Homs.\u00a0<\/p>\n<p>Las autoridades sirias afirmaron el lunes que las fuerzas \u00abreforzaron su despliegue en varios barrios de la ciudad de Latakia, como parte de las medidas adoptadas para supervisar la situaci\u00f3n sobre el terreno, mejorar la seguridad y la estabilidad, y garantizar la seguridad de los ciudadanos y los bienes\u00bb.\u00a0<\/p>\n<p>Latakia, una ciudad situada en el coraz\u00f3n de la zona alauita de Siria, tambi\u00e9n cuenta con varios barrios de mayor\u00eda sunita.\u00a0<\/p>\n<p>En marzo, cientos de alauitas fueron asesinados en masacres sectarias en esta zona de Siria.<\/p>\n<p>mam\/nad\/sag\/pc\/pb<\/p>\n","protected":false},"excerpt":{"rendered":"afp_tickers Este contenido fue publicado en 30 diciembre 2025 &#8211; 17:38 Las autoridades sirias impusieron el martes un&hellip;\n","protected":false},"author":2,"featured_media":315157,"comment_status":"","ping_status":"","sticky":false,"template":"","format":"standard","meta":{"footnotes":""},"categories":[42],"tags":[17,18,636,4170,13,14,11,61,62,63,64,19,20,9,10,15,16,88,90,12,21,22,65,66,67],"class_list":{"0":"post-315156","1":"post","2":"type-post","3":"status-publish","4":"format-standard","5":"has-post-thumbnail","7":"category-internacional","8":"tag-breaking-news","9":"tag-breakingnews","10":"tag-conflict","11":"tag-crisis","12":"tag-featured-news","13":"tag-featurednews","14":"tag-headlines","15":"tag-internacional","16":"tag-international","17":"tag-international-news","18":"tag-internationalnews","19":"tag-latest-news","20":"tag-latestnews","21":"tag-news","22":"tag-noticias","23":"tag-noticias-destacadas","24":"tag-noticiasdestacadas","25":"tag-politics","26":"tag-ticker","27":"tag-titulares","28":"tag-ultimas-noticias","29":"tag-ultimasnoticias","30":"tag-world","31":"tag-world-news","32":"tag-worldnews"},"share_on_mastodon":{"url":"https:\/\/pubeurope.com\/@es\/115812725145757077","error":""},"_links":{"self":[{"href":"https:\/\/www.europesays.com\/es\/wp-json\/wp\/v2\/posts\/315156","targetHints":{"allow":["GET"]}}],"collection":[{"href":"https:\/\/www.europesays.com\/es\/wp-json\/wp\/v2\/posts"}],"about":[{"href":"https:\/\/www.europesays.com\/es\/wp-json\/wp\/v2\/types\/post"}],"author":[{"embeddable":true,"href":"https:\/\/www.europesays.com\/es\/wp-json\/wp\/v2\/users\/2"}],"replies":[{"embeddable":true,"href":"https:\/\/www.europesays.com\/es\/wp-json\/wp\/v2\/comments?post=315156"}],"version-history":[{"count":0,"href":"https:\/\/www.europesays.com\/es\/wp-json\/wp\/v2\/posts\/315156\/revisions"}],"wp:featuredmedia":[{"embeddable":true,"href":"https:\/\/www.europesays.com\/es\/wp-json\/wp\/v2\/media\/315157"}],"wp:attachment":[{"href":"https:\/\/www.europesays.com\/es\/wp-json\/wp\/v2\/media?parent=315156"}],"wp:term":[{"taxonomy":"category","embeddable":true,"href":"https:\/\/www.europesays.com\/es\/wp-json\/wp\/v2\/categories?post=315156"},{"taxonomy":"post_tag","embeddable":true,"href":"https:\/\/www.europesays.com\/es\/wp-json\/wp\/v2\/tags?post=315156"}],"curies":[{"name":"wp","href":"https:\/\/api.w.org\/{rel}","templated":true}]}}