{"id":315167,"date":"2025-12-31T06:29:10","date_gmt":"2025-12-31T06:29:10","guid":{"rendered":"https:\/\/www.europesays.com\/es\/315167\/"},"modified":"2025-12-31T06:29:10","modified_gmt":"2025-12-31T06:29:10","slug":"bad-bunny-causa-controversia-por-tocar-pieza-arqueologica-en-el-museo-nacional-de-antropologia-de-mexico","status":"publish","type":"post","link":"https:\/\/www.europesays.com\/es\/315167\/","title":{"rendered":"Bad Bunny causa controversia por tocar pieza arqueol\u00f3gica en el Museo Nacional de Antropolog\u00eda de M\u00e9xico"},"content":{"rendered":"<p>      CNN Espa\u00f1ol<br \/>\n        \u00a0\u2014\u00a0<\/p>\n<p class=\"paragraph inline-placeholder vossi-paragraph\" data-uri=\"es.cms.cnn.com\/_components\/paragraph\/instances\/cmjt1y53600tv26qpfqptf0t0@published\" data-editable=\"text\" data-component-name=\"paragraph\" data-article-gutter=\"true\">\n            Bad Bunny fue criticado en redes sociales luego de que el cantante puertorrique\u00f1o compartiera una fotograf\u00eda tocando una estela arqueol\u00f3gica tallada en piedra en el Museo Nacional de Antropolog\u00eda (MNA), en la Ciudad de M\u00e9xico.\n    <\/p>\n<p class=\"paragraph inline-placeholder vossi-paragraph\" data-uri=\"es.cms.cnn.com\/_components\/paragraph\/instances\/cmjt1yvxq0002356plb6om0ol@published\" data-editable=\"text\" data-component-name=\"paragraph\" data-article-gutter=\"true\">\n            La imagen fue compartida por el cantante a trav\u00e9s de las historias de su cuenta en Instagram el viernes 26 de diciembre como parte de una recopilaci\u00f3n fotogr\u00e1fica de su paso por Ciudad de M\u00e9xico en donde ofreci\u00f3 ocho conciertos que fueron parte de su gira \u201cDeb\u00ed tirar m\u00e1s fotos\u201d.\n    <\/p>\n<p>       <img decoding=\"async\" src=\"https:\/\/www.europesays.com\/es\/wp-content\/uploads\/2025\/12\/whatsapp-image-2025-12-30-at-2-48-39-pm.jpeg\" alt=\"WhatsApp Image 2025-12-30 at 2.48.39 PM.jpeg\" class=\"image_expandable__dam-img image_expandable__dam-img--loading\" onload=\"this.classList.remove('image_expandable__dam-img--loading')\" onerror=\"imageLoadError(this)\" height=\"1600\" width=\"926\" loading=\"lazy\"\/><\/p>\n<p>       <img decoding=\"async\" src=\"https:\/\/www.europesays.com\/es\/wp-content\/uploads\/2025\/12\/whatsapp-image-2025-12-30-at-2-48-39-pm-1-20251230205005274.jpeg\" alt=\"WhatsApp Image 2025-12-30 at 2.48.39 PM (1).jpeg\" class=\"image_expandable__dam-img image_expandable__dam-img--loading\" onload=\"this.classList.remove('image_expandable__dam-img--loading')\" onerror=\"imageLoadError(this)\" height=\"1600\" width=\"920\" loading=\"lazy\"\/><\/p>\n<p class=\"paragraph inline-placeholder vossi-paragraph\" data-uri=\"es.cms.cnn.com\/_components\/paragraph\/instances\/cmjt1yz1e0005356ply3rtx6s@published\" data-editable=\"text\" data-component-name=\"paragraph\" data-article-gutter=\"true\">\n            La imagen de Benito Antonio Mart\u00ednez Ocasio tocando la gran pieza de roca grabada, titulada por el museo como Dintel 32, perteneciente a la cultura maya, que data de entre el a\u00f1o 600 y el a\u00f1o 900, y que forma parte de la colecci\u00f3n de objetos prehisp\u00e1nicos del museo, caus\u00f3 indignaci\u00f3n en algunos internautas que expresaron su molestia ante el hecho ya que est\u00e1 prohibido que los visitantes toquen las piezas exhibidas.\n    <\/p>\n<p class=\"paragraph inline-placeholder vossi-paragraph\" data-uri=\"es.cms.cnn.com\/_components\/paragraph\/instances\/cmjt1z1h10007356p1n5g33np@published\" data-editable=\"text\" data-component-name=\"paragraph\" data-article-gutter=\"true\">\n            El Instituto Nacional de Antropolog\u00eda e Historia (INAH) se pronunci\u00f3 ante la situaci\u00f3n con un comunicado el 27 de diciembre en el que comparti\u00f3 que la visita del cantante al museo ocurri\u00f3 el 17 de diciembre y explica: \u201cDurante todo el recorrido se cont\u00f3 con presencia de custodia del MNA. Cuando el artista coloc\u00f3 la mano sobre la estela, personal de custodia del museo reiter\u00f3 que no se pod\u00edan tocar las piezas, a lo cual el m\u00fasico la retir\u00f3\u201d. Adem\u00e1s, la cuenta oficial del INAH en X reiter\u00f3 que el contacto f\u00edsico con bienes arqueol\u00f3gicos est\u00e1 prohibido.\n    <\/p>\n<p class=\"paragraph inline-placeholder vossi-paragraph\" data-uri=\"es.cms.cnn.com\/_components\/paragraph\/instances\/cmjt1z52r0009356pgrbqe0nr@published\" data-editable=\"text\" data-component-name=\"paragraph\" data-article-gutter=\"true\">\n            CNN se ha comunicado con el equipo de Bad Bunny para obtener comentarios sobre la situaci\u00f3n y est\u00e1 a la espera de una respuesta.\n    <\/p>\n","protected":false},"excerpt":{"rendered":"CNN Espa\u00f1ol \u00a0\u2014\u00a0 Bad Bunny fue criticado en redes sociales luego de que el cantante puertorrique\u00f1o compartiera una&hellip;\n","protected":false},"author":2,"featured_media":315168,"comment_status":"","ping_status":"","sticky":false,"template":"","format":"standard","meta":{"footnotes":""},"categories":[174],"tags":[1282,255,146,147,25,24,256,150,23],"class_list":{"0":"post-315167","1":"post","2":"type-post","3":"status-publish","4":"format-standard","5":"has-post-thumbnail","7":"category-famosos","8":"tag-bad-bunny","9":"tag-celebrities","10":"tag-entertainment","11":"tag-entretenimiento","12":"tag-es","13":"tag-espana","14":"tag-famosos","15":"tag-instanoticias","16":"tag-spain"},"share_on_mastodon":{"url":"https:\/\/pubeurope.com\/@es\/115812772298214917","error":""},"_links":{"self":[{"href":"https:\/\/www.europesays.com\/es\/wp-json\/wp\/v2\/posts\/315167","targetHints":{"allow":["GET"]}}],"collection":[{"href":"https:\/\/www.europesays.com\/es\/wp-json\/wp\/v2\/posts"}],"about":[{"href":"https:\/\/www.europesays.com\/es\/wp-json\/wp\/v2\/types\/post"}],"author":[{"embeddable":true,"href":"https:\/\/www.europesays.com\/es\/wp-json\/wp\/v2\/users\/2"}],"replies":[{"embeddable":true,"href":"https:\/\/www.europesays.com\/es\/wp-json\/wp\/v2\/comments?post=315167"}],"version-history":[{"count":0,"href":"https:\/\/www.europesays.com\/es\/wp-json\/wp\/v2\/posts\/315167\/revisions"}],"wp:featuredmedia":[{"embeddable":true,"href":"https:\/\/www.europesays.com\/es\/wp-json\/wp\/v2\/media\/315168"}],"wp:attachment":[{"href":"https:\/\/www.europesays.com\/es\/wp-json\/wp\/v2\/media?parent=315167"}],"wp:term":[{"taxonomy":"category","embeddable":true,"href":"https:\/\/www.europesays.com\/es\/wp-json\/wp\/v2\/categories?post=315167"},{"taxonomy":"post_tag","embeddable":true,"href":"https:\/\/www.europesays.com\/es\/wp-json\/wp\/v2\/tags?post=315167"}],"curies":[{"name":"wp","href":"https:\/\/api.w.org\/{rel}","templated":true}]}}