{"id":315169,"date":"2025-12-31T06:32:09","date_gmt":"2025-12-31T06:32:09","guid":{"rendered":"https:\/\/www.europesays.com\/es\/315169\/"},"modified":"2025-12-31T06:32:09","modified_gmt":"2025-12-31T06:32:09","slug":"esta-es-la-programacion-especial-de-nochevieja-de-cada-cadena-de-television-tve-antena-3-cuatro-telecinco-y-la-sexta","status":"publish","type":"post","link":"https:\/\/www.europesays.com\/es\/315169\/","title":{"rendered":"Esta es la programaci\u00f3n especial de Nochevieja de cada cadena de televisi\u00f3n: TVE, Antena 3, Cuatro, Telecinco y La Sexta"},"content":{"rendered":"<p class=\"v-mdl-ath__p v-mdl-ath__p--6\">\nMi\u00e9rcoles, 31 de diciembre 2025, 00:11<\/p>\n<p class=\"v-p\">El 2025 llega a su fin y las cadenas de televisi\u00f3n ya saben como van a despedir el a\u00f1o. Y es que antes y despues del esperado momento de <a href=\"https:\/\/www.lasprovincias.es\/valencia-ciudad\/castillo-fin-ano-valencia-20251230105129-nt.html\" target=\"_blank\" title=\"www.lasprovincias.es\" data-voc-vtm-id=\"in-text-traffic\" data-mrf-link=\"www.lasprovincias.es\" rel=\"nofollow noopener\">las Campanadas<\/a>, cada cadena tiene preparada una emisi\u00f3n especial para amenizar la velada hasta que llegue el momento de dar la bienvenida al 2026.<\/p>\n<p class=\"v-p\">Uno de los grandes protagonistas de esta previa es Jos\u00e9 Mota, el aclamado humorista regresa un a\u00f1o m\u00e1s con su cl\u00e1sico especial de Nochevieja llamado <a href=\"https:\/\/www.lasprovincias.es\/culturas\/tv\/especial-nochevieja-jose-mota-tve-inspirado-gran-20251216011632-nt.html\" target=\"_blank\" title=\"www.lasprovincias.es\" data-voc-vtm-id=\"in-text-traffic\" data-mrf-link=\"www.lasprovincias.es\" rel=\"nofollow noopener\">&#8216;El juego del camelar&#8217;<\/a>, una s\u00e1tira pol\u00edtica basada en el gran \u00e9xito de Netflix.<\/p>\n<p class=\"v-p\">Cabe destacar que no solo el humor copa la programaci\u00f3n, tambi\u00e9n hay lugar para la m\u00fasica o recopilatorios repasando los momentos m\u00e1s destacados de este 2025. Esta es la programaci\u00f3n especial de Nochevieja de las principales cadenas nacionales de televisi\u00f3n.<\/p>\n<p><a href=\"http:\/\/www.lasprovincias.es\/culturas\/tv\/presentadores-campanadas-nochevieja-television-20251230110234-nt.html#vtm_modulosEngag=mod-rel:culturas:noticia:1:cmp:1-not\" class=\"v-a-link\" aria-label=\"Imagen\" rel=\"nofollow noopener\" target=\"_blank\"><\/p>\n<p><img decoding=\"async\" loading=\"lazy\" src=\"https:\/\/www.europesays.com\/es\/wp-content\/uploads\/2025\/12\/151071256-k90D--366x256@Las Provincias-LasProvincias.jpg\" class=\"v-a-img\" width=\"258\" height=\"180\" alt=\"\" data-voc-vtm-id=\"in-text-traffic\"\/><\/p>\n<p><\/a><\/p>\n<p class=\"v-p\"><strong>La 1<\/strong> comenzar\u00e1 la noche con el tradicional especial de humor que protagoniza Jos\u00e9 Mota, a partir de las 21:50 horas, en el que participar\u00e1n numerosos invitados. Una hora despu\u00e9s llega el turno de &#8216;La casa de la m\u00fasica&#8217;, un especial con el que La 1 quiere empezar a celebrar el 70 aniversario de la Corporaci\u00f3n y que tendr\u00e1 la esperada primera actuaci\u00f3n de &#8216;La Oreja de Van Gogh&#8217; tras el regreso de Amaia Montero.<\/p>\n<p class=\"v-p\">Tras este recital de actuaciones, dar\u00e1 comienzo el especial de las Campanadas de Fin de A\u00f1o que conducir\u00e1n <a href=\"https:\/\/www.lasprovincias.es\/culturas\/tv\/chenoa-marc-giro-presentaran-campanadas-rtve-20251218165813-nt.html\" target=\"_blank\" title=\"www.lasprovincias.es\" data-voc-vtm-id=\"in-text-traffic\" data-mrf-link=\"www.lasprovincias.es\" rel=\"nofollow noopener\">Estopa y Chenoa<\/a> desde la Puerta del Sol, que se podr\u00e1 seguir a las 23:30 horas.<\/p>\n<p class=\"v-p\">Por su parte, <strong>Antena 3<\/strong> abrir\u00e1 la programacion de Nochevieja a las 22:00 horas con un programa llamado &#8216;Adi\u00f3s al 2025&#8217;, un especial que conducir\u00e1n los presentadores Roberto Leal y Eva Gonz\u00e1lez en el que recordar\u00e1n los momentos m\u00e1s destacados que han ocurrido este 2025 en Atresmedia.<\/p>\n<p class=\"v-p\">Tras la conclusi\u00f3n del recopilatorio a las 23:30 horas, es el momento del especial de las Campanadas de Fin de A\u00f1o, presentadas por la pareja m\u00e1s ic\u00f3nica de la \u00faltima noche del a\u00f1o, Alberto Chicote y <a href=\"https:\/\/www.lasprovincias.es\/culturas\/tv\/cristina-pedroche-pistas-hormiguero-sobre-vestido-ano-20251217222353-nt.html\" target=\"_blank\" title=\"www.lasprovincias.es\" data-voc-vtm-id=\"in-text-traffic\" data-mrf-link=\"www.lasprovincias.es\" rel=\"nofollow noopener\">Cristina Pedroche<\/a>. Una vez finalicen a las 00:05 horas, dar\u00e1 comienzo el karaoke &#8216;Cantando al 2026&#8217;.<\/p>\n<p class=\"v-p\">Por otro lado, <strong>Cuatro<\/strong> ha preparado un especial Nochevieja de First Dates (21:10 &#8211; 23:35 horas). Tras la conclusi\u00f3n del programa presentado por Carlos Sobera, llega el turno de las Campanadas. Sandra Barneda y Xuso Jones son los encargados de dar la bienvenida al 2026, en una emisi\u00f3n especial desde Formigal.<\/p>\n<p class=\"v-p\">En cambio, <strong>Telecinco<\/strong> apostar\u00e1 por &#8216;R\u00edete de 2025&#8217;, un espacio en calve de humor que rememorar\u00e1 los momentos m\u00e1s destacados de los programas de Telecinco y Cuatro durante este a\u00f1o con la voz en off de Carlos Latre, desde las 21:45 a las 23:35 horas. Una vez finalice, la cadena conectar\u00e1 con Sandra Barneda y Xuso Jones para despedir este 2025 desde la estaci\u00f3n de esqu\u00ed de Formigal.<\/p>\n<p class=\"v-p\">Tras recibir el A\u00f1o Nuevo, Telecinco ofrecer\u00e1, a partir de las 00:10 horas, un programa titulado &#8217;35 a\u00f1os contigo&#8217;, otro zapping que tambi\u00e9n contar\u00e1 con la voz en off de Latre y que repasar\u00e1 algunos de los momentos m\u00e1s destacados de Atresmedia en su m\u00e1s de tres d\u00e9cadas de historia.<\/p>\n<p class=\"v-p\">Por \u00faltimo, <strong>La Sexta<\/strong> comenzar\u00e1 a las 21:30 horas con &#8216;El club del chiste&#8217;, un especial navide\u00f1o de una hora de duraci\u00f3n con humor sin filtros. A continuaci\u00f3n, emitir\u00e1 el especial &#8216;Feliz 20 a\u00f1os Neox&#8217; a las 22:30 horas, una gala especial conducida por Dani Mateo y Lola Lolita en la que repasar\u00e1n los v\u00eddeos m\u00e1s virales de la TV en los \u00faltimos 20 a\u00f1os.<\/p>\n<p class=\"v-p\">Una vez concluya a las 23:30, la cadena conectar\u00e1 en directo con la Puerta del Sol para recibir el 2026 de la mano de Alberto Chicote y Cristina Pedroche.<\/p>\n<p>Reporta un error<\/p>\n","protected":false},"excerpt":{"rendered":"Mi\u00e9rcoles, 31 de diciembre 2025, 00:11 El 2025 llega a su fin y las cadenas de televisi\u00f3n ya&hellip;\n","protected":false},"author":2,"featured_media":315170,"comment_status":"","ping_status":"","sticky":false,"template":"","format":"standard","meta":{"footnotes":""},"categories":[171],"tags":[9692,19680,954,146,147,25,24,12608,5199,8485,292,23,692,807,214,3156],"class_list":{"0":"post-315169","1":"post","2":"type-post","3":"status-publish","4":"format-standard","5":"has-post-thumbnail","7":"category-tv","8":"tag-antena","9":"tag-cadena","10":"tag-cuatro","11":"tag-entertainment","12":"tag-entretenimiento","13":"tag-es","14":"tag-espana","15":"tag-especial","16":"tag-nochevieja","17":"tag-programacion","18":"tag-sexta","19":"tag-spain","20":"tag-telecinco","21":"tag-television","22":"tag-tv","23":"tag-tve"},"share_on_mastodon":{"url":"https:\/\/pubeurope.com\/@es\/115812784118634405","error":""},"_links":{"self":[{"href":"https:\/\/www.europesays.com\/es\/wp-json\/wp\/v2\/posts\/315169","targetHints":{"allow":["GET"]}}],"collection":[{"href":"https:\/\/www.europesays.com\/es\/wp-json\/wp\/v2\/posts"}],"about":[{"href":"https:\/\/www.europesays.com\/es\/wp-json\/wp\/v2\/types\/post"}],"author":[{"embeddable":true,"href":"https:\/\/www.europesays.com\/es\/wp-json\/wp\/v2\/users\/2"}],"replies":[{"embeddable":true,"href":"https:\/\/www.europesays.com\/es\/wp-json\/wp\/v2\/comments?post=315169"}],"version-history":[{"count":0,"href":"https:\/\/www.europesays.com\/es\/wp-json\/wp\/v2\/posts\/315169\/revisions"}],"wp:featuredmedia":[{"embeddable":true,"href":"https:\/\/www.europesays.com\/es\/wp-json\/wp\/v2\/media\/315170"}],"wp:attachment":[{"href":"https:\/\/www.europesays.com\/es\/wp-json\/wp\/v2\/media?parent=315169"}],"wp:term":[{"taxonomy":"category","embeddable":true,"href":"https:\/\/www.europesays.com\/es\/wp-json\/wp\/v2\/categories?post=315169"},{"taxonomy":"post_tag","embeddable":true,"href":"https:\/\/www.europesays.com\/es\/wp-json\/wp\/v2\/tags?post=315169"}],"curies":[{"name":"wp","href":"https:\/\/api.w.org\/{rel}","templated":true}]}}