{"id":315172,"date":"2025-12-31T06:34:08","date_gmt":"2025-12-31T06:34:08","guid":{"rendered":"https:\/\/www.europesays.com\/es\/315172\/"},"modified":"2025-12-31T06:34:08","modified_gmt":"2025-12-31T06:34:08","slug":"rondallas-un-amable-duelo-colectivo-a-ritmo-de-folclore-gallego-cine-estrenos-y-criticas","status":"publish","type":"post","link":"https:\/\/www.europesays.com\/es\/315172\/","title":{"rendered":"\u2018Rondallas\u2019: un amable duelo colectivo a ritmo de folclore gallego | Cine: estrenos y cr\u00edticas"},"content":{"rendered":"<p class=\"\">Pocas cosas se antojan m\u00e1s impropias para un duelo que las panderetas, las gaitas y los cascabeles de las rondallas populares. Pero es precisamente ese destemple musical el encanto de <a href=\"https:\/\/elpais.com\/cultura\/cine\/2025-12-30\/rondallas-la-pelicula-espanola-que-aspira-a-emocionar-a-todo-el-mundo-con-la-tradicion-de-las-bandas-gallegas.html\" target=\"_self\" rel=\"nofollow noopener\" title=\"https:\/\/elpais.com\/cultura\/cine\/2025-12-30\/rondallas-la-pelicula-espanola-que-aspira-a-emocionar-a-todo-el-mundo-con-la-tradicion-de-las-bandas-gallegas.html\">Rondallas, sexto largometraje de Daniel S\u00e1nchez Ar\u00e9valo,<\/a> un drama amable y sentimental sobre c\u00f3mo una localidad pesquera gallega supera el duelo del naufragio de un barco del pueblo reviviendo a su equipo de rondallas.<\/p>\n<p>M\u00e1s informaci\u00f3n<\/p>\n<p class=\"\">Con la tradici\u00f3n folcl\u00f3rica de esas bandas multitudinarias que tocan instrumentos de cuerda, percusi\u00f3n y gaitas de fondo, S\u00e1nchez Ar\u00e9valo construye una pel\u00edcula coral que, con un tono afable bien medido y estructurado, aborda asuntos tan dispares como la salud mental y la depresi\u00f3n juvenil, el marisqueo furtivo o el alcoholismo. Las pel\u00edculas de <a href=\"https:\/\/elpais.com\/noticias\/daniel-sanchez-arevalo\/#?rel=arch\" target=\"_self\" rel=\"nofollow noopener\" title=\"https:\/\/elpais.com\/noticias\/daniel-sanchez-arevalo\/#?rel=arch\">S\u00e1nchez Ar\u00e9valo<\/a> (AzulOscuroCasiNegro, Gordos, Primos, La gran familia espa\u00f1ola, Diecisiete) se caracterizan por ese cruce entre comedia y drama, y Rondallas incide en explorar un cine agridulce en sus emociones, realista en su fondo, para hablar de vac\u00edo, familia y comunidad. <\/p>\n<p><img decoding=\"auto\" class=\"_re lazyload a_m-h\" height=\"171\"  width=\"414\"  src=\"https:\/\/www.europesays.com\/es\/wp-content\/uploads\/2025\/12\/1767162848_202_G4NXFT65KRH3BLYFSKYFELKEUY.jpg\" loading=\"lazy\"\/>Judith Fern\u00e1ndez y Mar\u00eda V\u00e1zquez (a la derecha), en &#8216;Rondallas&#8217;.<\/p>\n<p class=\"\">As\u00ed, Rondallas avanza haciendo equilibrios con su tono. Propone un zigzag entre la sonrisa y la l\u00e1grima que persigue (y en gran medida consigue) a trav\u00e9s de unos personajes que juegan al estereotipo, pero ofrecen personalidad y matices propios. Los dos pescadores supervivientes del naufragio que interpretan <a href=\"https:\/\/elpais.com\/noticias\/javier-gutierrez\/#?rel=arch\" target=\"_self\" rel=\"nofollow noopener\" title=\"https:\/\/elpais.com\/noticias\/javier-gutierrez\/#?rel=arch\">Javier Guti\u00e9rrez <\/a>y Carlos Blanco pod\u00edan caer en esos t\u00f3picos pero no ocurre. Bajo su actitud taciturna (Guti\u00e9rrez) y de borracho (Blanco), hay dos grandes int\u00e9rpretes que hacen de contrapeso de las dos tonalidades de la pel\u00edcula. La verdad tranquila que transmiten ambos se suma a la de <a href=\"https:\/\/elpais.com\/noticias\/maria-vazquez\/#?rel=arch\" target=\"_self\" rel=\"nofollow noopener\" title=\"https:\/\/elpais.com\/noticias\/maria-vazquez\/#?rel=arch\">Mar\u00eda V\u00e1zquez<\/a> y <a href=\"https:\/\/elpais.com\/noticias\/tamar-novas\/#?rel=arch\" target=\"_self\" rel=\"nofollow noopener\" title=\"https:\/\/elpais.com\/noticias\/tamar-novas\/#?rel=arch\">Tamar Novas,<\/a> sus afinadas parejas de baile.<\/p>\n<p class=\"\">La idea de comunidad es importante en una pel\u00edcula que apela al confort de las emociones a trav\u00e9s de una utop\u00eda tradicional que tiene algo de fetichismo de pueblo: la imagen de una banda popular, con su tosquedad musical y coreogr\u00e1fica a cuestas, pero con su feliz mezcla de ni\u00f1os, j\u00f3venes y ancianos. <\/p>\n<p>M\u00e1s informaci\u00f3n<\/p>\n<p class=\"\">Esa idea de grupo (expresada en un tablero de fichas de colores en un bar, en las reuniones de vecinos o en los planos generales de la explanada donde el pueblo ensaya sus n\u00fameros musicales) se erige como s\u00edmbolo de lo que une a una comunidad marcada por la desgracia. S\u00e1nchez Ar\u00e9valo trasciende lo local y lo hace sin necesidad de hurgar en exceso en las heridas de sus personajes, otorg\u00e1ndole el peso del dolor al duelo de una hija, por encima del de una esposa o un amigo. Le preocupan los personajes, pero m\u00e1s el conjunto, el fuego de lo com\u00fan. Es esa calidez el gran m\u00e9rito de una pel\u00edcula capaz de transmitir el silencio y la ausencia a golpe de panderetas, gaitas y cascabeles.<\/p>\n<p>Rondallas<\/p>\n<p><strong>Direcci\u00f3n:<\/strong> Daniel S\u00e1nchez Ar\u00e9valo.<\/p>\n<p><strong>Int\u00e9rpretes:<\/strong> Javier Guti\u00e9rrez, Mar\u00eda V\u00e1zquez, Judith Fern\u00e1ndez, Tamar Novas, Carlos Blanco, Marta Larralde, Fer Fraga. <\/p>\n<p><strong>G\u00e9nero: <\/strong>comedia, Espa\u00f1a, 2025.<\/p>\n<p><strong>Duraci\u00f3n:<\/strong> 112 minutos.<\/p>\n<p><strong>Estreno: 1 de enero.<\/strong><\/p>\n","protected":false},"excerpt":{"rendered":"Pocas cosas se antojan m\u00e1s impropias para un duelo que las panderetas, las gaitas y los cascabeles de&hellip;\n","protected":false},"author":2,"featured_media":315173,"comment_status":"","ping_status":"","sticky":false,"template":"","format":"standard","meta":{"footnotes":""},"categories":[169],"tags":[1014,1015,177,12374,11344,209,69974,9265,146,147,25,24,176,816,26676,20820,175,58824,753,23,73560],"class_list":{"0":"post-315172","1":"post","2":"type-post","3":"status-publish","4":"format-standard","5":"has-post-thumbnail","7":"category-cine","8":"tag-actores","9":"tag-actrices","10":"tag-cine","11":"tag-cine-espanol","12":"tag-critica-cine","13":"tag-cultura","14":"tag-daniel-sanchez-arevalo","15":"tag-directores-cine","16":"tag-entertainment","17":"tag-entretenimiento","18":"tag-es","19":"tag-espana","20":"tag-film","21":"tag-galicia","22":"tag-javier-gutierrez","23":"tag-maria-vazquez","24":"tag-movies","25":"tag-musica-folk","26":"tag-peliculas","27":"tag-spain","28":"tag-tamar-novas"},"share_on_mastodon":{"url":"https:\/\/pubeurope.com\/@es\/115812791989025034","error":""},"_links":{"self":[{"href":"https:\/\/www.europesays.com\/es\/wp-json\/wp\/v2\/posts\/315172","targetHints":{"allow":["GET"]}}],"collection":[{"href":"https:\/\/www.europesays.com\/es\/wp-json\/wp\/v2\/posts"}],"about":[{"href":"https:\/\/www.europesays.com\/es\/wp-json\/wp\/v2\/types\/post"}],"author":[{"embeddable":true,"href":"https:\/\/www.europesays.com\/es\/wp-json\/wp\/v2\/users\/2"}],"replies":[{"embeddable":true,"href":"https:\/\/www.europesays.com\/es\/wp-json\/wp\/v2\/comments?post=315172"}],"version-history":[{"count":0,"href":"https:\/\/www.europesays.com\/es\/wp-json\/wp\/v2\/posts\/315172\/revisions"}],"wp:featuredmedia":[{"embeddable":true,"href":"https:\/\/www.europesays.com\/es\/wp-json\/wp\/v2\/media\/315173"}],"wp:attachment":[{"href":"https:\/\/www.europesays.com\/es\/wp-json\/wp\/v2\/media?parent=315172"}],"wp:term":[{"taxonomy":"category","embeddable":true,"href":"https:\/\/www.europesays.com\/es\/wp-json\/wp\/v2\/categories?post=315172"},{"taxonomy":"post_tag","embeddable":true,"href":"https:\/\/www.europesays.com\/es\/wp-json\/wp\/v2\/tags?post=315172"}],"curies":[{"name":"wp","href":"https:\/\/api.w.org\/{rel}","templated":true}]}}