{"id":315184,"date":"2025-12-31T06:40:08","date_gmt":"2025-12-31T06:40:08","guid":{"rendered":"https:\/\/www.europesays.com\/es\/315184\/"},"modified":"2025-12-31T06:40:08","modified_gmt":"2025-12-31T06:40:08","slug":"mueren-tres-excursionistas-en-el-monte-baldy","status":"publish","type":"post","link":"https:\/\/www.europesays.com\/es\/315184\/","title":{"rendered":"Mueren tres excursionistas en el monte Baldy"},"content":{"rendered":"<p> Las <strong>autoridades<\/strong> del <strong>condado de San Bernardino<\/strong> localizaron los cuerpos de tres <strong>excursionistas<\/strong> en el <strong>monte Baldy<\/strong>, la monta\u00f1a m\u00e1s alta del Condado de Los \u00c1ngeles, tras una operaci\u00f3n de <strong>b\u00fasqueda<\/strong> y rescate que se prolong\u00f3 durante varias horas y se vio dificultada por <strong>fuertes vientos<\/strong>, informaron este martes fuentes oficiales. <\/p>\n<p>Las <strong>autoridades<\/strong> comenzaron la <strong>b\u00fasqueda<\/strong> el lunes por la ma\u00f1ana tras recibir el aviso para localizar a un <strong>joven herido<\/strong> de 19 a\u00f1os, quien presuntamente hab\u00eda <strong>ca\u00eddo 500 pies<\/strong> (152 metros) de altura, cerca de Devils Backbone.<\/p>\n<ul class=\"list-text\">\n<li>De acuerdo con el informe, su <strong>amigo<\/strong> y su <strong>compa\u00f1ero<\/strong> caminaron hasta<strong\/> un \u00e1rea con servicio celular y proporcionaron las <strong>coordenadas GPS<\/strong> para ayudar a los rescatistas.<\/li>\n<\/ul>\n<p>Un rescate frustrado<\/p>\n<p>Durante la <strong>b\u00fasqueda<\/strong> a\u00e9rea, los agentes localizaron al <strong>excursionista herido<\/strong> y a otras dos personas en las inmediaciones, cuya identidad no ha sido revelada, aunque los <strong>fuertes vientos<\/strong> impidieron completar la operaci\u00f3n de rescate de forma segura.<\/p>\n<p>Posteriormente, un <strong>m\u00e9dico a\u00e9reo<\/strong> logr\u00f3 descender hasta el lugar y confirm\u00f3 el <strong>fallecimiento<\/strong> de las tres personas, si bien el helic\u00f3ptero no pudo efectuar la evacuaci\u00f3n. Las <strong>autoridades<\/strong> informaron que las labores para recuperar los cuerpos contin\u00faan este martes.\u00a0<\/p>\n<p class=\"w-auto\" style=\"font-size: 21px;\">Fehaciente, fidedigno y f\u00e1cil. Agencia de\u00a0noticias\u00a0multimedia en espa\u00f1ol.\u00a0<\/p>\n","protected":false},"excerpt":{"rendered":"Las autoridades del condado de San Bernardino localizaron los cuerpos de tres excursionistas en el monte Baldy, la&hellip;\n","protected":false},"author":2,"featured_media":315185,"comment_status":"","ping_status":"","sticky":false,"template":"","format":"standard","meta":{"footnotes":""},"categories":[42],"tags":[17,18,13,14,11,61,62,63,64,19,20,9,10,15,16,12,21,22,65,66,67],"class_list":{"0":"post-315184","1":"post","2":"type-post","3":"status-publish","4":"format-standard","5":"has-post-thumbnail","7":"category-internacional","8":"tag-breaking-news","9":"tag-breakingnews","10":"tag-featured-news","11":"tag-featurednews","12":"tag-headlines","13":"tag-internacional","14":"tag-international","15":"tag-international-news","16":"tag-internationalnews","17":"tag-latest-news","18":"tag-latestnews","19":"tag-news","20":"tag-noticias","21":"tag-noticias-destacadas","22":"tag-noticiasdestacadas","23":"tag-titulares","24":"tag-ultimas-noticias","25":"tag-ultimasnoticias","26":"tag-world","27":"tag-world-news","28":"tag-worldnews"},"share_on_mastodon":{"url":"https:\/\/pubeurope.com\/@es\/115812815490499243","error":""},"_links":{"self":[{"href":"https:\/\/www.europesays.com\/es\/wp-json\/wp\/v2\/posts\/315184","targetHints":{"allow":["GET"]}}],"collection":[{"href":"https:\/\/www.europesays.com\/es\/wp-json\/wp\/v2\/posts"}],"about":[{"href":"https:\/\/www.europesays.com\/es\/wp-json\/wp\/v2\/types\/post"}],"author":[{"embeddable":true,"href":"https:\/\/www.europesays.com\/es\/wp-json\/wp\/v2\/users\/2"}],"replies":[{"embeddable":true,"href":"https:\/\/www.europesays.com\/es\/wp-json\/wp\/v2\/comments?post=315184"}],"version-history":[{"count":0,"href":"https:\/\/www.europesays.com\/es\/wp-json\/wp\/v2\/posts\/315184\/revisions"}],"wp:featuredmedia":[{"embeddable":true,"href":"https:\/\/www.europesays.com\/es\/wp-json\/wp\/v2\/media\/315185"}],"wp:attachment":[{"href":"https:\/\/www.europesays.com\/es\/wp-json\/wp\/v2\/media?parent=315184"}],"wp:term":[{"taxonomy":"category","embeddable":true,"href":"https:\/\/www.europesays.com\/es\/wp-json\/wp\/v2\/categories?post=315184"},{"taxonomy":"post_tag","embeddable":true,"href":"https:\/\/www.europesays.com\/es\/wp-json\/wp\/v2\/tags?post=315184"}],"curies":[{"name":"wp","href":"https:\/\/api.w.org\/{rel}","templated":true}]}}