{"id":315188,"date":"2025-12-31T06:51:08","date_gmt":"2025-12-31T06:51:08","guid":{"rendered":"https:\/\/www.europesays.com\/es\/315188\/"},"modified":"2025-12-31T06:51:08","modified_gmt":"2025-12-31T06:51:08","slug":"once-de-los-doce-jugadores-del-unicaja-anotaron-al-menos-un-triple-ante-el-joventut","status":"publish","type":"post","link":"https:\/\/www.europesays.com\/es\/315188\/","title":{"rendered":"Once de los doce jugadores del Unicaja anotaron al menos un triple ante el Joventut"},"content":{"rendered":"<p>Once de los doce jugadores que formaban el roster del Unicaja en la &#8216;final&#8217; por la Copa ante el Joventut anotaron al menos un triple,  &#8230; una estad\u00edstica sin precedentes en la historia del club y que habla de la coralidad de un equipo que reparte roles. El anterior tope, en ese sentido, se estableci\u00f3 ante el Karditsa, en el &#8216;fest\u00edn&#8217; que se dio el equipo para cerrar la fase de grupos de la Champions, envite en el que nueve jugadores del equipo llegaron a los dos d\u00edgitos de anotaci\u00f3n.<\/p>\n<p class=\"v-p\">Barreiro, Alberto D\u00edaz y Kalinoski, con tres cada uno, fueron los m\u00e1ximos artilleros desde el per\u00edmetro, y Balcerowski fue el \u00fanico que se qued\u00f3 sin disparar desde la l\u00ednea de 6,75. El acierto fue del 61%, unos datos que representan de maravilla y justifican este importante triunfo. Webb, Djedovic, Rubit y Perry dispararon s\u00f3lo una vez&#8230; y no fallaron. En la \u00faltima tarde-noche de baloncesto del a\u00f1o en el Carpena Alberto D\u00edaz fue el h\u00e9roe ofensivo de la jornada con 14 puntos anotados y tambi\u00e9n el m\u00e1s aclamado por la afici\u00f3n.<\/p>\n<p class=\"v-p\">Ibon Navarro fue preguntado por esta cuesti\u00f3n en su comparecencia pospartido, y as\u00ed lo valor\u00f3: \u00abPas\u00f3 lo mismo, si no me equivoco, el d\u00eda del Karditsa. Los dos equipos hemos estado muy por encima de nuestros porcentajes de tres. Era necesario estar acertado y lo hemos estado. Es un dato\u2026 Tenemos amenaza. Incluso Olek puede meter. Se vio en Madrid. Necesitas generar en tiros abiertos. Tiene que ver con generar tiros abiertos, no de bloqueo directo, porque no te deja el Joventut. Kalinoski genera ventajas que te hacer abrir tiros de otra manera. No hay pizarra, hay trabajo y respetar espacios\u00bb, expres\u00f3.<\/p>\n","protected":false},"excerpt":{"rendered":"Once de los doce jugadores que formaban el roster del Unicaja en la &#8216;final&#8217; por la Copa ante&hellip;\n","protected":false},"author":2,"featured_media":315189,"comment_status":"","ping_status":"","sticky":false,"template":"","format":"standard","meta":{"footnotes":""},"categories":[269],"tags":[73814,1575,299,298,168,2235,25,24,4079,2713,531,23,167,13890,2246],"class_list":{"0":"post-315188","1":"post","2":"type-post","3":"status-publish","4":"format-standard","5":"has-post-thumbnail","7":"category-baloncesto","8":"tag-anotaron","9":"tag-ante","10":"tag-baloncesto","11":"tag-basketball","12":"tag-deportes","13":"tag-doce","14":"tag-es","15":"tag-espana","16":"tag-joventut","17":"tag-jugadores","18":"tag-once","19":"tag-spain","20":"tag-sports","21":"tag-triple","22":"tag-unicaja"},"share_on_mastodon":{"url":"https:\/\/pubeurope.com\/@es\/115812858906073119","error":""},"_links":{"self":[{"href":"https:\/\/www.europesays.com\/es\/wp-json\/wp\/v2\/posts\/315188","targetHints":{"allow":["GET"]}}],"collection":[{"href":"https:\/\/www.europesays.com\/es\/wp-json\/wp\/v2\/posts"}],"about":[{"href":"https:\/\/www.europesays.com\/es\/wp-json\/wp\/v2\/types\/post"}],"author":[{"embeddable":true,"href":"https:\/\/www.europesays.com\/es\/wp-json\/wp\/v2\/users\/2"}],"replies":[{"embeddable":true,"href":"https:\/\/www.europesays.com\/es\/wp-json\/wp\/v2\/comments?post=315188"}],"version-history":[{"count":0,"href":"https:\/\/www.europesays.com\/es\/wp-json\/wp\/v2\/posts\/315188\/revisions"}],"wp:featuredmedia":[{"embeddable":true,"href":"https:\/\/www.europesays.com\/es\/wp-json\/wp\/v2\/media\/315189"}],"wp:attachment":[{"href":"https:\/\/www.europesays.com\/es\/wp-json\/wp\/v2\/media?parent=315188"}],"wp:term":[{"taxonomy":"category","embeddable":true,"href":"https:\/\/www.europesays.com\/es\/wp-json\/wp\/v2\/categories?post=315188"},{"taxonomy":"post_tag","embeddable":true,"href":"https:\/\/www.europesays.com\/es\/wp-json\/wp\/v2\/tags?post=315188"}],"curies":[{"name":"wp","href":"https:\/\/api.w.org\/{rel}","templated":true}]}}