{"id":315194,"date":"2025-12-31T06:54:12","date_gmt":"2025-12-31T06:54:12","guid":{"rendered":"https:\/\/www.europesays.com\/es\/315194\/"},"modified":"2025-12-31T06:54:12","modified_gmt":"2025-12-31T06:54:12","slug":"la-familia-de-joan-balaguer-cede-su-archivo-fotografico","status":"publish","type":"post","link":"https:\/\/www.europesays.com\/es\/315194\/","title":{"rendered":"La familia de Joan Balaguer cede su archivo fotogr\u00e1fico"},"content":{"rendered":"<p>La familia de <strong>Joan Balaguer<\/strong>, reconocido<strong> fot\u00f3grafo<\/strong> de Algaida, que muri\u00f3 el 24 de septiembre de <strong>2018<\/strong>, ha cedido el<strong> archivo<\/strong> de sus fotograf\u00edas al <strong>Ajuntament de Algaida<\/strong>. La cesi\u00f3n se aprob\u00f3 en el \u00faltimo <strong>pleno<\/strong> celebrado en<strong> diciembre<\/strong> y el consistorio ha iniciado el <strong>proyecto<\/strong> de la digitalizaci\u00f3n, difusi\u00f3n y <strong>conservaci\u00f3n<\/strong> de las im\u00e1genes <strong>captadas<\/strong> por el ilustre artista <strong>algaid\u00ed.<\/strong><\/p>\n<p>El regidor de Cultura, <strong>Xisco Ramis Oliver<\/strong>, es el encargado de llevar a cabo este proyecto. \u00abEl <strong>fondo fotogr\u00e1fico<\/strong> de Joan Balaguer constituye un testimonio \u00fanico y <strong>esencial<\/strong> para la comprensi\u00f3n y la preservaci\u00f3n de la <strong>memoria visual<\/strong> del municipio de Algaida\u00bb comenta.<\/p>\n<p>Por estos motivos, y \u00abpor la relevancia hist\u00f3rica, social y etnol\u00f3gica, hemos propuesto su incorporaci\u00f3n en el \u2018<strong>Arxiu de la imatge i so<\/strong>\u2019 del municipio de Algaida, con la digitalizaci\u00f3n de los negativos\u00bb apunta Ramis.<\/p>\n<p>El <strong>objetivo<\/strong> principal es el de \u00abgarantizar su <strong>preservaci\u00f3n<\/strong> a largo plazo, evitando la <strong>degradaci\u00f3n<\/strong> progresiva del soporte f\u00edsico y facilitar el<strong> acceso<\/strong> en entornos digitales\u00bb explica el regidor de Cultura.<br \/>El<strong> estado<\/strong> de conservaci\u00f3n general \u00abse considera<strong> aceptable<\/strong> pero se ha detectado que una parte de los negativos podr\u00eda no ser de utilidad plena a causa de limitaciones t\u00e9cnicas inherentes al material original\u00bb comenta Ramis.<\/p>\n<p><strong>Valoraci\u00f3n<\/strong><br \/>El fondo est\u00e1 integrado por aproximadamente <strong>7.000 negativos<\/strong> que documentan <strong>50 a\u00f1os de vida<\/strong> en el municipio de <strong>Algaida<\/strong>.<br \/>Las im\u00e1genes reflejan<strong> fiestas<\/strong> populares, tradiciones y actos culturales; <strong>escenas<\/strong> cotidianas y retratos de la vida en el pueblo; <strong>transformaciones<\/strong> sociales, urbanas y econ\u00f3micas; <strong>oficios<\/strong>, entornos rurales y paisaje humano del pueblo.<\/p>\n<p>La profesora de la UIB, <strong>Maria Josep Mulet<\/strong>, encargada de realizar el informe de <strong>valoraci\u00f3n<\/strong>, apunta que \u00abesta <strong>documentaci\u00f3n<\/strong> constituye una fuente etnogr\u00e1fica de <strong>primer orden<\/strong>, de enorme valor para la<strong> investigaci\u00f3n<\/strong> hist\u00f3rica, cultural y antropol\u00f3gica y una<strong> herramienta<\/strong> esencial para la preservaci\u00f3n de la identidad colectiva\u00bb. El valor econ\u00f3mico \u00absimb\u00f3lico\u00bb que se le atribuye es de<strong> 10.000 euros.<\/strong><\/p>\n","protected":false},"excerpt":{"rendered":"La familia de Joan Balaguer, reconocido fot\u00f3grafo de Algaida, que muri\u00f3 el 24 de septiembre de 2018, ha&hellip;\n","protected":false},"author":2,"featured_media":315195,"comment_status":"","ping_status":"","sticky":false,"template":"","format":"standard","meta":{"footnotes":""},"categories":[173],"tags":[229,233,231,230,232,234,146,147,25,24,1528,1527,23,1529,21],"class_list":{"0":"post-315194","1":"post","2":"type-post","3":"status-publish","4":"format-standard","5":"has-post-thumbnail","7":"category-arte-y-diseno","8":"tag-arte","9":"tag-arte-y-diseno","10":"tag-arts","11":"tag-arts-and-design","12":"tag-design","13":"tag-diseno","14":"tag-entertainment","15":"tag-entretenimiento","16":"tag-es","17":"tag-espana","18":"tag-municipios-de-mallorca","19":"tag-part-forana","20":"tag-spain","21":"tag-ultima-hora","22":"tag-ultimas-noticias"},"share_on_mastodon":{"url":"https:\/\/pubeurope.com\/@es\/115812870553112626","error":""},"_links":{"self":[{"href":"https:\/\/www.europesays.com\/es\/wp-json\/wp\/v2\/posts\/315194","targetHints":{"allow":["GET"]}}],"collection":[{"href":"https:\/\/www.europesays.com\/es\/wp-json\/wp\/v2\/posts"}],"about":[{"href":"https:\/\/www.europesays.com\/es\/wp-json\/wp\/v2\/types\/post"}],"author":[{"embeddable":true,"href":"https:\/\/www.europesays.com\/es\/wp-json\/wp\/v2\/users\/2"}],"replies":[{"embeddable":true,"href":"https:\/\/www.europesays.com\/es\/wp-json\/wp\/v2\/comments?post=315194"}],"version-history":[{"count":0,"href":"https:\/\/www.europesays.com\/es\/wp-json\/wp\/v2\/posts\/315194\/revisions"}],"wp:featuredmedia":[{"embeddable":true,"href":"https:\/\/www.europesays.com\/es\/wp-json\/wp\/v2\/media\/315195"}],"wp:attachment":[{"href":"https:\/\/www.europesays.com\/es\/wp-json\/wp\/v2\/media?parent=315194"}],"wp:term":[{"taxonomy":"category","embeddable":true,"href":"https:\/\/www.europesays.com\/es\/wp-json\/wp\/v2\/categories?post=315194"},{"taxonomy":"post_tag","embeddable":true,"href":"https:\/\/www.europesays.com\/es\/wp-json\/wp\/v2\/tags?post=315194"}],"curies":[{"name":"wp","href":"https:\/\/api.w.org\/{rel}","templated":true}]}}