{"id":315198,"date":"2025-12-31T06:57:10","date_gmt":"2025-12-31T06:57:10","guid":{"rendered":"https:\/\/www.europesays.com\/es\/315198\/"},"modified":"2025-12-31T06:57:10","modified_gmt":"2025-12-31T06:57:10","slug":"la-curiosa-historia-de-como-miley-cyrus-llego-a-formar-parte-de-avatar","status":"publish","type":"post","link":"https:\/\/www.europesays.com\/es\/315198\/","title":{"rendered":"La curiosa historia de c\u00f3mo Miley Cyrus lleg\u00f3 a formar parte de \u00abAvatar\u00bb"},"content":{"rendered":"<p class=\"paragraph font__body-regular\"><a href=\"https:\/\/tn.com.ar\/musica\/noticias\/2025\/10\/27\/miley-cyrus-anuncio-dream-as-one-como-parte-de-la-banda-sonora-de-avatar-fire-and-fresh\/\" target=\"_self\" rel=\"nofollow noopener\" title=\"https:\/\/tn.com.ar\/musica\/noticias\/2025\/10\/27\/miley-cyrus-anuncio-dream-as-one-como-parte-de-la-banda-sonora-de-avatar-fire-and-fresh\/\">Miley Cyrus<\/a> grab\u00f3 este a\u00f1o la canci\u00f3n principal de \u201cAvatar: Fire and Ash\u201d, la tercera pel\u00edcula de la exitosa franquicia \u201c<b>Avatar\u201d del director James Cameron. \u201cDream as One<\/b>\u201d , compuesto por la cantante junto a Andrew Wyatt, Mark Ronson y Simon Franglen se la puede escuchar en los cr\u00e9ditos finales y apareci\u00f3 en la banda original del film.<\/p>\n<p class=\"paragraph font__body-regular\"><b>Le\u00e9 tambi\u00e9n: <\/b><a href=\"https:\/\/tn.com.ar\/musica\/noticias\/2025\/10\/27\/miley-cyrus-anuncio-dream-as-one-como-parte-de-la-banda-sonora-de-avatar-fire-and-fresh\/\" target=\"_self\" rel=\"nofollow noopener\" title=\"https:\/\/tn.com.ar\/musica\/noticias\/2025\/10\/27\/miley-cyrus-anuncio-dream-as-one-como-parte-de-la-banda-sonora-de-avatar-fire-and-fresh\/\">Miley Cyrus anunci\u00f3 \u201cDream As One\u201d como parte de la banda sonora de \u201cAvatar: Fire and Fresh\u201d<\/a><\/p>\n<p class=\"paragraph font__body-regular\">Con \u201cAvatar: Fire and Ash\u201d, James Cameron lleva al p\u00fablico de regreso a Pandora en una nueva aventura inmersiva con el marine convertido en l\u00edder Jake Sully (Sam Worthington), la guerrera Na\u2019vi Neytiri (Zoe Salda\u00f1a) y la familia Sully.<\/p>\n<p class=\"paragraph font__body-regular\">La pel\u00edcula, que tiene un gui\u00f3n de James Cameron y Rick Jaffa y Amanda Silver, y una historia de James Cameron y Rick Jaffa y Amanda Silver y Josh Friedman y Shane Salerno, tambi\u00e9n est\u00e1 protagonizada por Sigourney Weaver, Stephen Lang, Oona Chaplin, Cliff Curtis, Joel David Moore, CCH Pounder, Edie Falco, David Thewlis, Jemaine Clement, Giovanni Ribisi, Britain Dalton, Jamie Flatters, Trinity Jo-Li Bliss, Jack Champion, Brendan Cowell, Bailey Bass, Filip Geljo, Duane Evans, Jr. y Kate Winslet.<\/p>\n<p>C\u00f3mo fue la llegada de Miley Cyrus a \u201cAvatar\u201d<\/p>\n<p class=\"paragraph font__body-regular\">La cantante cont\u00f3 detalles sobre la colaboraci\u00f3n en la cinta de James Cameron. En una conversaci\u00f3n durante la<b> D23 Expo de 2024<\/b>, donde ambos fueron nombrados Disney Legends, Miley le dijo al famoso cineasta: \u201c<b>Si alguna vez necesitas m\u00fasica, solo ten\u00e9s que dec\u00edrmelo<\/b>\u201d. \u201cSimplemente sucedi\u00f3 de forma org\u00e1nica\u201d, reconoci\u00f3 la artista a People. Una estrategia que ten\u00eda en mente y que le dio buen resultado. <\/p>\n<p><img decoding=\"async\" loading=\"lazy\" fetchpriority=\"low\" data-testid=\"loading-testid\" class=\"image content-image image_placeholder\" alt=\"Miley Cyrus anunci\u00f3 la salida de la canci\u00f3n en su cuenta de Instagram.\" width=\"767\" height=\"606\" src=\"https:\/\/www.europesays.com\/es\/wp-content\/uploads\/2025\/12\/miley-cyrus-anuncio-la-salida-de-la-cancion-en-su-cuenta-de-instagram-AHM26UWCBJALVDPQY27OEBJSZ4.PNG\"\/><\/p>\n<p>Miley Cyrus anunci\u00f3 la salida de la canci\u00f3n en su cuenta de Instagram.<\/p>\n<p class=\"paragraph font__body-regular\">Esto no fue todo. En la presencia de Cyrus en los Oscar 2025 tuvo mucho que ver con el objetivo. \u201cFui este a\u00f1o por esto. A todos los que se acercaron y se presentaron, les dije: \u2018Bueno, <b>si necesitan m\u00fasica, aqu\u00ed estoy\u2019<\/b>\u201d.<\/p>\n","protected":false},"excerpt":{"rendered":"Miley Cyrus grab\u00f3 este a\u00f1o la canci\u00f3n principal de \u201cAvatar: Fire and Ash\u201d, la tercera pel\u00edcula de la&hellip;\n","protected":false},"author":2,"featured_media":315199,"comment_status":"","ping_status":"","sticky":false,"template":"","format":"standard","meta":{"footnotes":""},"categories":[170],"tags":[146,147,25,24,2841,184,185,23],"class_list":{"0":"post-315198","1":"post","2":"type-post","3":"status-publish","4":"format-standard","5":"has-post-thumbnail","7":"category-musica","8":"tag-entertainment","9":"tag-entretenimiento","10":"tag-es","11":"tag-espana","12":"tag-miley-cyrus","13":"tag-music","14":"tag-musica","15":"tag-spain"},"share_on_mastodon":{"url":"https:\/\/pubeurope.com\/@es\/115812882418318099","error":""},"_links":{"self":[{"href":"https:\/\/www.europesays.com\/es\/wp-json\/wp\/v2\/posts\/315198","targetHints":{"allow":["GET"]}}],"collection":[{"href":"https:\/\/www.europesays.com\/es\/wp-json\/wp\/v2\/posts"}],"about":[{"href":"https:\/\/www.europesays.com\/es\/wp-json\/wp\/v2\/types\/post"}],"author":[{"embeddable":true,"href":"https:\/\/www.europesays.com\/es\/wp-json\/wp\/v2\/users\/2"}],"replies":[{"embeddable":true,"href":"https:\/\/www.europesays.com\/es\/wp-json\/wp\/v2\/comments?post=315198"}],"version-history":[{"count":0,"href":"https:\/\/www.europesays.com\/es\/wp-json\/wp\/v2\/posts\/315198\/revisions"}],"wp:featuredmedia":[{"embeddable":true,"href":"https:\/\/www.europesays.com\/es\/wp-json\/wp\/v2\/media\/315199"}],"wp:attachment":[{"href":"https:\/\/www.europesays.com\/es\/wp-json\/wp\/v2\/media?parent=315198"}],"wp:term":[{"taxonomy":"category","embeddable":true,"href":"https:\/\/www.europesays.com\/es\/wp-json\/wp\/v2\/categories?post=315198"},{"taxonomy":"post_tag","embeddable":true,"href":"https:\/\/www.europesays.com\/es\/wp-json\/wp\/v2\/tags?post=315198"}],"curies":[{"name":"wp","href":"https:\/\/api.w.org\/{rel}","templated":true}]}}