{"id":315206,"date":"2025-12-31T07:01:09","date_gmt":"2025-12-31T07:01:09","guid":{"rendered":"https:\/\/www.europesays.com\/es\/315206\/"},"modified":"2025-12-31T07:01:09","modified_gmt":"2025-12-31T07:01:09","slug":"la-derecha-francesa-reabre-la-polemica-por-el-legado-de-brigitte-bardot-y-pide-un-homenaje-nacional","status":"publish","type":"post","link":"https:\/\/www.europesays.com\/es\/315206\/","title":{"rendered":"La derecha francesa reabre la pol\u00e9mica por el legado de Brigitte Bardot y pide un homenaje nacional"},"content":{"rendered":"<p>La clase pol\u00edtica francesa est\u00e1 <strong>profundamente dividida<\/strong> sobre c\u00f3mo, o incluso si, rendir <a href=\"https:\/\/es.euronews.com\/cultura\/2025\/12\/28\/fallece-brigitte-bardot-a-los-91-anos-de-edad-ya-va-rumbo-al-cielo-la-estrella-del-cine-fr\" rel=\"nofollow noopener\" target=\"_blank\">homenaje a Brigitte Bardot tras su muerte<\/a>, pues la pol\u00edtica que defendi\u00f3 en su \u00faltima etapa result\u00f3 tan pol\u00e9mica como influyentes fueron sus pel\u00edculas.<\/p>\n<p><a href=\"https:\/\/es.euronews.com\/cultura\/2025\/12\/28\/la-vida-de-brigitte-bardot-en-imagenes-de-sex-symbol-en-los-60-a-activista-de-los-derechos\" rel=\"nofollow noopener\" target=\"_blank\">Bardot muri\u00f3 el domingo a los 91 a\u00f1os<\/a> en su casa de Saint-Tropez, en la costa mediterr\u00e1nea del sur del pa\u00eds. La noticia desat\u00f3 una <strong>cascada de homenajes que celebraban a una mujer convertida<\/strong> en s\u00edmbolo de la cultura francesa, de la liberaci\u00f3n sexual y del glamour cinematogr\u00e1fico, gracias a pel\u00edculas como &#8216;Y Dios cre\u00f3 a la mujer&#8217;, &#8216;El desprecio&#8217; y &#8216;Los joyeros del claro de luna&#8217;.<\/p>\n<p>Tambi\u00e9n ser\u00e1 <strong>recordada por su activismo en defensa de los animales.<\/strong> Viaj\u00f3 al \u00c1rtico para denunciar la matanza de cr\u00edas de foca, conden\u00f3 el uso de animales en experimentos de laboratorio y se opuso a enviar monos al espacio. Con todo, <strong>su legado sigue siendo objeto de una viva controversia.<\/strong><\/p>\n<p>\u00bfPor qu\u00e9 Bardot es una figura controvertida?<\/p>\n<p>En sus \u00faltimos a\u00f1os, Bardot se acerc\u00f3 a la ultraderecha y fue condenada en cinco ocasiones por <strong>incitaci\u00f3n al odio racial<\/strong>, en gran medida por comentarios dirigidos contra los musulmanes y lo que ella llamaba una <strong>\u00abinvasi\u00f3n\u00bb de extranjeros en Francia<\/strong>, as\u00ed como contra los habitantes de la isla francesa del oc\u00e9ano \u00cdndico de Reuni\u00f3n, a quienes lleg\u00f3 a calificar de \u00absalvajes\u00bb.<\/p>\n<p>En particular, <strong>critic\u00f3 el sacrificio de ovejas durante festividades religiosas<\/strong> como el Eid al Adha. \u00abEs cierto que a veces me dejo llevar, pero cuando veo lo despacio que avanzan las cosas&#8230; me puede la angustia\u00bb, dijo Bardot a la agencia AP cuando le preguntaron por sus condenas por incitaci\u00f3n al odio racial y por su <strong>oposici\u00f3n al sacrificio ritual musulm\u00e1n.<\/strong><\/p>\n<p>En sus \u00faltimos a\u00f1os, Bardot fue muy cr\u00edtica<a href=\"https:\/\/es.euronews.com\/tag\/-metoo\" rel=\"nofollow noopener\" target=\"_blank\"> con el movimiento #MeToo<\/a>. Dijo en una entrevista que la mayor\u00eda de las actrices que denunciaban <strong>el acoso sexual en la industria del cine eran hip\u00f3critas y rid\u00edculas<\/strong> porque muchas coqueteaban con los productores para conseguir papeles. Asegur\u00f3 que nunca hab\u00eda sido v\u00edctima de acoso sexual y que le parec\u00eda \u00abencantador que me dijeran que era guapa o que ten\u00eda un culito bonito\u00bb.<\/p>\n<p><strong>En su \u00faltima entrevista televisiva<\/strong> a comienzos de este a\u00f1o, Bardot rechaz\u00f3 de plano el feminismo. \u00abEl feminismo no es lo m\u00edo&#8230; me gustan los hombres\u00bb, dijo a &#8216;BFM TV&#8217;, antes de cortar la sugerencia de la entrevistadora de que ambas cosas eran compatibles con un tajante \u00ab\u00a1No!\u00bb<\/p>\n<p>Vuelven las tensiones en torno a su legado<\/p>\n<p>Tras su fallecimiento, han resurgido las tensiones pol\u00edticas en torno a su figura. <strong>El dirigente de derechas \u00c9ric Ciotti<\/strong> ha pedido un homenaje nacional, al sostener que Francia debe honrar a una de sus figuras culturales m\u00e1s reconocibles.<\/p>\n<p>\u00abEl presidente de la Rep\u00fablica debe tener el valor de organizar un homenaje nacional para nuestra BB\u00bb, reza una<a href=\"https:\/\/www.aol.com\/news\/french-pushes-national-tribute-film-112031112.html\" target=\"_blank\" rel=\"noreferrer nofollow noopener\"> petici\u00f3n en l\u00ednea<\/a>, que a la hora de escribir estas l\u00edneas <strong>suma casi 25.000 firmas.<\/strong> Propone una despedida multitudinaria similar a las que se dedicaron <a href=\"https:\/\/es.euronews.com\/2017\/12\/09\/lloran-las-guitarras-en-el-multitudinario-funeral-de-johnny-hallyday-el-elvis-frances\" rel=\"nofollow noopener\" target=\"_blank\">al rockero Johnny Hallyday<\/a> en 2017 o al cantante y <a href=\"https:\/\/es.euronews.com\/video\/2018\/10\/02\/la-muerte-de-aznavour-conmociona-al-planeta\" rel=\"nofollow noopener\" target=\"_blank\">actor Charles Aznavour en 2018<\/a>.<\/p>\n<p>La l\u00edder de la ultraderecha, Marine Le Pen, <strong>actualmente inhabilitada para ejercer cargos p\u00fablicos a la espera de una vista de apelaci\u00f3n<\/strong> en enero, se sum\u00f3 tambi\u00e9n a los homenajes y la describi\u00f3 como \u00abuna mujer excepcional, incre\u00edblemente francesa, libre, indomable, \u00edntegra\u00bb.<\/p>\n<p>Seg\u00fan la agencia AFP, <strong>la oficina del presidente Emmanuel Macron lleg\u00f3 a ofrecer organizar un homenaje a Bardot<\/strong>, pero su familia no respondi\u00f3 a la propuesta. El domingo, poco despu\u00e9s de conocerse la noticia, Macron public\u00f3 en X sus condolencias. <\/p>\n<p>Lloramos a una leyenda\u00bb, escribi\u00f3. \u00abSus pel\u00edculas, su voz, su fulgurante fama, sus iniciales, sus penas, su generosa pasi\u00f3n por los animales, su rostro convertido en Marianne, Brigitte Bardot encarn\u00f3 una vida de libertad. <strong>Una existencia francesa, un fulgor universal.<\/strong> Nos conmovi\u00f3. Lloramos a una leyenda del siglo\u00bb.<\/p>\n<p>Mientras, el alcalde de Niza, Christian Estrosi, ha dicho que <strong>la ciudad planea poner el nombre de Bardot<\/strong> a un lugar emblem\u00e1tico en su honor. P<strong>ero desde la izquierda ha habido voces m\u00e1s cr\u00edticas<\/strong>. \u00abConmoverse por el destino de los delfines y permanecer indiferente ante las muertes de migrantes en el Mediterr\u00e1neo, \u00bfqu\u00e9 nivel de cinismo es ese?\u00bb, escribi\u00f3 en las redes sociales la diputada ecologista Sandrine Rousseau.<\/p>\n<p><strong>El l\u00edder socialista Olivier Faure se\u00f1al\u00f3 que<\/strong>, aunque Bardot fue sin duda una actriz ic\u00f3nica, <strong>los homenajes nacionales se reservan a figuras que prestaron servicios excepcionales<\/strong> a la naci\u00f3n. Sostuvo que Bardot hab\u00eda dado la espalda a los valores republicanos.<\/p>\n<p><strong>Bardot ser\u00e1 enterrada en privado en el cementerio marino<\/strong> de Saint-Tropez, con vistas al Mediterr\u00e1neo. El funeral se celebrar\u00e1 el 7 de enero en la iglesia de Notre-Dame de la Asunci\u00f3n y se retransmitir\u00e1 en pantallas por toda la ciudad.<\/p>\n<p><strong>Sigue sin decidirse si Francia conceder\u00e1 a Bardot un homenaje nacional<\/strong>, y el pa\u00eds debate c\u00f3mo, y si, deber\u00eda honrar oficialmente a alguien cuya vida fue tan legendaria como divisiva.<\/p>\n","protected":false},"excerpt":{"rendered":"La clase pol\u00edtica francesa est\u00e1 profundamente dividida sobre c\u00f3mo, o incluso si, rendir homenaje a Brigitte Bardot tras&hellip;\n","protected":false},"author":2,"featured_media":315207,"comment_status":"","ping_status":"","sticky":false,"template":"","format":"standard","meta":{"footnotes":""},"categories":[91],"tags":[6456,146,147,25,24,317,14980,35851,3941,23],"class_list":{"0":"post-315206","1":"post","2":"type-post","3":"status-publish","4":"format-standard","5":"has-post-thumbnail","7":"category-entretenimiento","8":"tag-actriz","9":"tag-entertainment","10":"tag-entretenimiento","11":"tag-es","12":"tag-espana","13":"tag-francia","14":"tag-herencia-cultural","15":"tag-politica-francesa","16":"tag-racismo","17":"tag-spain"},"share_on_mastodon":{"url":"https:\/\/pubeurope.com\/@es\/115812898111667206","error":""},"_links":{"self":[{"href":"https:\/\/www.europesays.com\/es\/wp-json\/wp\/v2\/posts\/315206","targetHints":{"allow":["GET"]}}],"collection":[{"href":"https:\/\/www.europesays.com\/es\/wp-json\/wp\/v2\/posts"}],"about":[{"href":"https:\/\/www.europesays.com\/es\/wp-json\/wp\/v2\/types\/post"}],"author":[{"embeddable":true,"href":"https:\/\/www.europesays.com\/es\/wp-json\/wp\/v2\/users\/2"}],"replies":[{"embeddable":true,"href":"https:\/\/www.europesays.com\/es\/wp-json\/wp\/v2\/comments?post=315206"}],"version-history":[{"count":0,"href":"https:\/\/www.europesays.com\/es\/wp-json\/wp\/v2\/posts\/315206\/revisions"}],"wp:featuredmedia":[{"embeddable":true,"href":"https:\/\/www.europesays.com\/es\/wp-json\/wp\/v2\/media\/315207"}],"wp:attachment":[{"href":"https:\/\/www.europesays.com\/es\/wp-json\/wp\/v2\/media?parent=315206"}],"wp:term":[{"taxonomy":"category","embeddable":true,"href":"https:\/\/www.europesays.com\/es\/wp-json\/wp\/v2\/categories?post=315206"},{"taxonomy":"post_tag","embeddable":true,"href":"https:\/\/www.europesays.com\/es\/wp-json\/wp\/v2\/tags?post=315206"}],"curies":[{"name":"wp","href":"https:\/\/api.w.org\/{rel}","templated":true}]}}