{"id":315222,"date":"2025-12-31T07:16:08","date_gmt":"2025-12-31T07:16:08","guid":{"rendered":"https:\/\/www.europesays.com\/es\/315222\/"},"modified":"2025-12-31T07:16:08","modified_gmt":"2025-12-31T07:16:08","slug":"boris-izaguirre-nos-cuenta-sus-navidades-su-proposito-para-2026-y-que-le-pide-a-los-reyes-magos-quiero-una-camara-hiperbarica","status":"publish","type":"post","link":"https:\/\/www.europesays.com\/es\/315222\/","title":{"rendered":"Boris Izaguirre nos cuenta sus Navidades, su prop\u00f3sito para 2026 y qu\u00e9 le pide a los Reyes Magos: \u201cQuiero una c\u00e1mara hiperb\u00e1rica\u201d"},"content":{"rendered":"<p id=\"eRDES0yA8h\" data-wc=\"75\"><strong>\u201cMe encanta la Navidad. Yo deb\u00ed haber sido como Ricky Mart\u00edn y haber nacido el 24 de diciembre, porque yo soy la Navidad\u201d<\/strong>, cuenta Boris Izaguirre a \u00a1HOLA! con gracia. Queda claro que el presentador y escritor venezolano vive entregado a estas fiestas, que este a\u00f1o las est\u00e1 pasando en Galicia, la tierra de su marido. Nos referimos al interiorista Rub\u00e9n Nogueira, al que conoci\u00f3 en 1992 y con el que se cas\u00f3 en 2006.<\/p>\n<p> <img src=\"https:\/\/www.europesays.com\/es\/wp-content\/uploads\/2025\/12\/c90614ffa2d9-borisizaguirre-1.jpg\"   width=\"768\" height=\"1024\" loading=\"lazy\" decoding=\"async\" alt=\"Boris Izaguirre nos confiesa que la Navidad le &quot;encanta&quot;\" fetchpriority=\"auto\" class=\"image ho-image\"\/>\u00a9 borisizaguirreBoris Izaguirre nos confiesa que la Navidad le \u00abencanta\u00bb<\/p>\n<p id=\"e-LZDdTVba\" data-wc=\"94\">\u201cEstas Navidades est\u00e1n siendo muy divertidas porque las estoy pasando entre Vigo, con la familia de Rub\u00e9n, y Santiago de Compostela, trabajando en Luar, el m\u00edtico programa de la televisi\u00f3n de Galicia. \u00a1Y me encanta!\u201d, <a class=\"hm-link ho-link\" href=\"https:\/\/www.hola.com\/actualidad\/20250930858648\/fiesta-cumple-boris-izaguirre-amaia-salamanca-eugenia-martinez-de-irujo\/\" data-mrf-recirculation=\"article-body-link\" rel=\"nofollow noopener\" target=\"_blank\">nos explica Boris, quien siente una conexi\u00f3n muy especial<\/a> con esta regi\u00f3n del norte de nuestro pa\u00eds. \u201cSantiago de Compostela fue el lugar de Espa\u00f1a al que llegu\u00e9 a vivir en 1992 y donde empez\u00f3 mi existencia en aqu\u00ed. As\u00ed que, treinta y tres a\u00f1os despu\u00e9s, es como un c\u00edrculo que se cierra para empezar otra vez\u201d, nos apunta.<\/p>\n<p> <img src=\"https:\/\/www.europesays.com\/es\/wp-content\/uploads\/2025\/12\/1c40ced2a539-gettyimages-2233970234.jpg\"   width=\"682\" height=\"1024\" loading=\"lazy\" decoding=\"async\" alt=\"Boris Izaguirre en el Europe Congress Palace durante el FesTVal 2025 \" fetchpriority=\"auto\" class=\"image ho-image\"\/>\u00a9 Getty ImagesBoris Izaguirre en el Europe Congress Palace durante el FesTVal 2025 <\/p>\n<p id=\"eVQdaoZsCp\" data-wc=\"72\">Cuando le preguntamos qu\u00e9 le gusta m\u00e1s de estas fiestas, <a class=\"hm-link ho-link\" href=\"https:\/\/www.hola.com\/actualidad\/20250929858389\/boris-izaguirre-cumple-60\/\" data-mrf-recirculation=\"article-body-link\" rel=\"nofollow noopener\" target=\"_blank\">el presentador y escritor <\/a>responde ipso facto y entre risas: \u201c\u00a1Comer mucho! Incluso, \u00a1lo que no coma mi marido!\u201d. Despu\u00e9s de confesar c\u00f3mo cae en uno de los siete pecados capitales, la gula, Boris no tarda en se\u00f1alar qu\u00e9 es con lo que disfruta comiendo: :\u201cEn casa de la hermana de Rub\u00e9n hay Salpic\u00f3n, que es mi favorito. \u00a1Tambi\u00e9n n\u00e9coras y lubina!\u201d.<\/p>\n<p id=\"eqNdq4Zjx0\" data-wc=\"69\">Por supuesto, Izaguirre tambi\u00e9n hace hueco en el est\u00f3mago para el postre, ya que hay una buena especialidad en la familia de su marido. \u201cPreparan una tarta de pi\u00f1a, adornada con rodajas de pi\u00f1a en alm\u00edbar y crema\u201d, nos explica el venezolano.<strong> \u201cLo mejor es que, al d\u00eda siguiente, \u00a1\u00a1se puede desayunar con la tarta!!<\/strong> Bueno y si quieres repetirlo todo, tambi\u00e9n\u201d, a\u00f1ade con su singular sentido del humor.<\/p>\n<p> <img src=\"https:\/\/www.europesays.com\/es\/wp-content\/uploads\/2025\/12\/7ccfc27ca439-borisizaguirre-2.jpg\"   width=\"832\" height=\"1024\" loading=\"lazy\" decoding=\"async\" alt=\"Nos ha confesado que lo que m\u00e1s le gusta de estas fechas es comer\" fetchpriority=\"auto\" class=\"image ho-image\"\/>\u00a9 borisizaguirreNos ha confesado que lo que m\u00e1s le gusta de estas fechas es comer<\/p>\n<p id=\"e2lEtGRiSB\" data-wc=\"61\">Pero Boris no tiene pensado quedarse todas las fechas navide\u00f1as en Galicia. \u201cPara Nochevieja, hacemos como la Familia Real y realizamos un viaje nosotros dos\u201d. El escritor y presentador nos contin\u00faa explicando que es un plan que lo ha tomado de las memorias de don Juan Carlos. \u201cEsto lo acabo de leer en Reconciliaci\u00f3n y me ha encantado\u201d, expresa a \u00a0HOLA!<\/p>\n<p id=\"ekW1q7X80F\" data-wc=\"102\">Adem\u00e1s de hacer balance m\u00e1s que bueno de su 2025 \u2013\u201cha sido maravilloso\u201d, nos apunta\u2013<a class=\"hm-link ho-link\" href=\"https:\/\/www.hola.com\/actualidad\/20231106243016\/boris-izaguirre-ictus-testimonio\/\" data-mrf-recirculation=\"article-body-link\" rel=\"nofollow noopener\" target=\"_blank\">, Boris Izaguirre nos cuenta qu\u00e9 le ha pedido a los Reyes<\/a> Magos y qu\u00e9 espera del este nuevo a\u00f1o que est\u00e1 a punto de comenzar. En relaci\u00f3n al regalo que desea recibir el pr\u00f3ximo 6 es, ni m\u00e1s ni menos, que una \u201cc\u00e1mara hiperb\u00f3lica\u201d, que se utiliza en medicina para suministrar m\u00e1s ox\u00edgeno al organismo. Eso s\u00ed, lo m\u00e1s especial es el prop\u00f3sito que se ha fijado para el 2026: \u201cTerminar mi nueva novela\u201d. Seguro que Boris lo cumple y suma otro \u00e9xito a su carrera literaria.<\/p>\n","protected":false},"excerpt":{"rendered":"\u201cMe encanta la Navidad. Yo deb\u00ed haber sido como Ricky Mart\u00edn y haber nacido el 24 de diciembre,&hellip;\n","protected":false},"author":2,"featured_media":315223,"comment_status":"","ping_status":"","sticky":false,"template":"","format":"standard","meta":{"footnotes":""},"categories":[174],"tags":[517,44520,255,146,147,25,24,256,23],"class_list":{"0":"post-315222","1":"post","2":"type-post","3":"status-publish","4":"format-standard","5":"has-post-thumbnail","7":"category-famosos","8":"tag-actualidad","9":"tag-boris-izaguirre","10":"tag-celebrities","11":"tag-entertainment","12":"tag-entretenimiento","13":"tag-es","14":"tag-espana","15":"tag-famosos","16":"tag-spain"},"share_on_mastodon":{"url":"https:\/\/pubeurope.com\/@es\/115812957241082933","error":""},"_links":{"self":[{"href":"https:\/\/www.europesays.com\/es\/wp-json\/wp\/v2\/posts\/315222","targetHints":{"allow":["GET"]}}],"collection":[{"href":"https:\/\/www.europesays.com\/es\/wp-json\/wp\/v2\/posts"}],"about":[{"href":"https:\/\/www.europesays.com\/es\/wp-json\/wp\/v2\/types\/post"}],"author":[{"embeddable":true,"href":"https:\/\/www.europesays.com\/es\/wp-json\/wp\/v2\/users\/2"}],"replies":[{"embeddable":true,"href":"https:\/\/www.europesays.com\/es\/wp-json\/wp\/v2\/comments?post=315222"}],"version-history":[{"count":0,"href":"https:\/\/www.europesays.com\/es\/wp-json\/wp\/v2\/posts\/315222\/revisions"}],"wp:featuredmedia":[{"embeddable":true,"href":"https:\/\/www.europesays.com\/es\/wp-json\/wp\/v2\/media\/315223"}],"wp:attachment":[{"href":"https:\/\/www.europesays.com\/es\/wp-json\/wp\/v2\/media?parent=315222"}],"wp:term":[{"taxonomy":"category","embeddable":true,"href":"https:\/\/www.europesays.com\/es\/wp-json\/wp\/v2\/categories?post=315222"},{"taxonomy":"post_tag","embeddable":true,"href":"https:\/\/www.europesays.com\/es\/wp-json\/wp\/v2\/tags?post=315222"}],"curies":[{"name":"wp","href":"https:\/\/api.w.org\/{rel}","templated":true}]}}