{"id":315228,"date":"2025-12-31T07:20:07","date_gmt":"2025-12-31T07:20:07","guid":{"rendered":"https:\/\/www.europesays.com\/es\/315228\/"},"modified":"2025-12-31T07:20:07","modified_gmt":"2025-12-31T07:20:07","slug":"su-respuesta-para-que-muchos-se-lo-metan-en-la-cabeza","status":"publish","type":"post","link":"https:\/\/www.europesays.com\/es\/315228\/","title":{"rendered":"su respuesta, para que muchos se lo metan en la cabeza"},"content":{"rendered":"<p><a href=\"https:\/\/www.huffingtonpost.es\/life\/influencers-celebrities\/le-preguntan-omar-montes-melody-acaba-soltando-esto.html\" rel=\"nofollow noopener\" target=\"_blank\">El cantante Omar Montes<\/a> ha estado en el programa\u00a0@grimey_grmy y ha salido a la palestra un tema que est\u00e1 en auge en este 2025: <b>\u00bfpuede el rap, que siempre ha denunciado las injusticias, ser fascista?<\/b><\/p>\n<p>El diario El Pa\u00eds public\u00f3 hace poco un reportaje <a href=\"https:\/\/www.huffingtonpost.es\/entry\/los-chikos-del-maiz-ser-amigos-de-pablo-iglesias-es-una-cruz-que-llevamos-con-orgullo-y-dignidad_es_638a1f7ce4b0151bdb20ef6a.html\" rel=\"nofollow noopener\" target=\"_blank\">hablando del \u00abhip-hop facha\u00bb<\/a> en auge con canciones como la de Angie Corine, que <b>denigra a mujeres llam\u00e1ndolas \u00abcharos\u00bb<\/b> y donde se\u00f1ala que todo lo que no sea pensar como ella es \u00abcomunismo\u00bb.\u00a0<\/p>\n<p><b>Pero Omar Montes lo tiene claro, el rap no puede ser facha: \u00abNo tiene sentido\u00bb<\/b>. El mismo presentador dice que no cree que el rap sea de izquierdas <b>\u00abpero lo que no es ultraderecha, pero vamos, seguro\u00bb.\u00a0<\/b><\/p>\n<p>El Choj\u00edn, claro ejemplo<\/p>\n<p><a href=\"https:\/\/www.huffingtonpost.es\/life\/cultura\/el-chojin.html\" rel=\"nofollow noopener\" target=\"_blank\">En una entrevista reciente con El HuffPost<\/a>, El Choj\u00edn, uno de los raperos m\u00e1s conocidos y respetados de Espa\u00f1a, demostr\u00f3 que <b>el rap y el hip-hop no pueden ser fascistas<\/b> porque llevan dentro un compromiso social que no tiene la ultraderecha.\u00a0<\/p>\n<p>Por ejemplo, dijo de la extrema derecha: \u00abTengo la esperanza, es solo una esperanza, de que despu\u00e9s de esta ola de ultraderecha que est\u00e1 barriendo Europa, pues la cosa termine bajando. Porque van a terminar tocando poder en todas partes\u00bb.\u00a0<\/p>\n<p>\u00abUna vez pase, cuando nos demos cuenta de que el camino a la justicia social no es que unos tengan m\u00e1s y otros tengan menos, sino que todo lo que hay se reparta entre todos, seg\u00fan las necesidades de cada uno. Cuando nos demos cuenta de eso, digo yo que volver\u00e1 a bajar otra vez todo este tipo de mensajes porque muchas veces parece que las generaciones tienen que verlo, que no basta con leerlo en un libro de historia\u00bb, prosigui\u00f3.\u00a0<\/p>\n<p>Tambi\u00e9n habl\u00f3 de la masacre de Israel en Gaza y en la Cisjordania ocupada: \u00abHay un momento en el que las palabras no llegan para expresar lo que sientes. <b>Lo que estamos viviendo es la mayor verg\u00fcenza de mi generaci\u00f3n\u00bb.\u00a0<\/b><\/p>\n<p>\u00abEs vergonzoso <b>no ya porque sea un genocidio, que eso ya lo es todo<\/b>, no hay nada peor que eso, sino porque los l\u00edderes de los pa\u00edses que dicen defender los derechos humanos no solo se callan sino que les dan apoyo y cobertura. Alemania es el segundo pa\u00eds que m\u00e1s armas est\u00e1 vendiendo a Israel, armas que no son para la defensa, repito. Son para exterminar a un pueblo, a uno que no se puede defender\u00bb, zanj\u00f3.\u00a0<\/p>\n","protected":false},"excerpt":{"rendered":"El cantante Omar Montes ha estado en el programa\u00a0@grimey_grmy y ha salido a la palestra un tema que&hellip;\n","protected":false},"author":2,"featured_media":315229,"comment_status":"","ping_status":"","sticky":false,"template":"","format":"standard","meta":{"footnotes":""},"categories":[170],"tags":[146,147,25,24,25698,184,185,16910,213,23],"class_list":{"0":"post-315228","1":"post","2":"type-post","3":"status-publish","4":"format-standard","5":"has-post-thumbnail","7":"category-musica","8":"tag-entertainment","9":"tag-entretenimiento","10":"tag-es","11":"tag-espana","12":"tag-fascismo","13":"tag-music","14":"tag-musica","15":"tag-omar-montes","16":"tag-rap","17":"tag-spain"},"share_on_mastodon":{"url":"https:\/\/pubeurope.com\/@es\/115812972882890511","error":""},"_links":{"self":[{"href":"https:\/\/www.europesays.com\/es\/wp-json\/wp\/v2\/posts\/315228","targetHints":{"allow":["GET"]}}],"collection":[{"href":"https:\/\/www.europesays.com\/es\/wp-json\/wp\/v2\/posts"}],"about":[{"href":"https:\/\/www.europesays.com\/es\/wp-json\/wp\/v2\/types\/post"}],"author":[{"embeddable":true,"href":"https:\/\/www.europesays.com\/es\/wp-json\/wp\/v2\/users\/2"}],"replies":[{"embeddable":true,"href":"https:\/\/www.europesays.com\/es\/wp-json\/wp\/v2\/comments?post=315228"}],"version-history":[{"count":0,"href":"https:\/\/www.europesays.com\/es\/wp-json\/wp\/v2\/posts\/315228\/revisions"}],"wp:featuredmedia":[{"embeddable":true,"href":"https:\/\/www.europesays.com\/es\/wp-json\/wp\/v2\/media\/315229"}],"wp:attachment":[{"href":"https:\/\/www.europesays.com\/es\/wp-json\/wp\/v2\/media?parent=315228"}],"wp:term":[{"taxonomy":"category","embeddable":true,"href":"https:\/\/www.europesays.com\/es\/wp-json\/wp\/v2\/categories?post=315228"},{"taxonomy":"post_tag","embeddable":true,"href":"https:\/\/www.europesays.com\/es\/wp-json\/wp\/v2\/tags?post=315228"}],"curies":[{"name":"wp","href":"https:\/\/api.w.org\/{rel}","templated":true}]}}