{"id":315242,"date":"2025-12-31T07:27:07","date_gmt":"2025-12-31T07:27:07","guid":{"rendered":"https:\/\/www.europesays.com\/es\/315242\/"},"modified":"2025-12-31T07:27:07","modified_gmt":"2025-12-31T07:27:07","slug":"la-onu-adopta-un-presupuesto-de-3450-millones-de-dolares-para-2026","status":"publish","type":"post","link":"https:\/\/www.europesays.com\/es\/315242\/","title":{"rendered":"La ONU adopta un presupuesto de 3450 millones de d\u00f3lares para 2026"},"content":{"rendered":"<p>Luego de semanas de arduas negociaciones, la <a href=\"https:\/\/www.un.org\/es\/ga\/about\/index.shtml\" rel=\"nofollow noopener\" target=\"_blank\">Asamblea General<\/a> de las Naciones Unidas adopt\u00f3 este martes el presupuesto de la Organizaci\u00f3n para 2026: 3450 millones de d\u00f3lares, una disminuci\u00f3n de m\u00e1s del 7% con respecto al a\u00f1o anterior. Los Estados miembros tambi\u00e9n aprobaron la eliminaci\u00f3n de unos 2600 puestos, culminando una de las negociaciones presupuestarias m\u00e1s dif\u00edciles de los \u00faltimos a\u00f1os.<\/p>\n<p>El presupuesto para 2026, alcanzado con tanto esfuerzo, refleja un compromiso fr\u00e1gil, que combina disciplina financiera, concesiones pol\u00edticas y la preservaci\u00f3n de la capacidad operativa de la ONU.<\/p>\n<p>Las reducciones acordadas, tanto en el tama\u00f1o del presupuesto como en la dotaci\u00f3n de personal, eran esperadas, dado que la Organizaci\u00f3n lleva varios a\u00f1os atravesando una crisis financiera y de liquidez que ha limitado su capacidad de acci\u00f3n. Adem\u00e1s, varias delegaciones las hab\u00edan exigido desde hac\u00eda tiempo, espec\u00edficamente Estados Unidos, el mayor contribuyente financiero de la ONU, seguido de China, Europa y Jap\u00f3n.<\/p>\n<p>Exigencias de Estados Unidos<\/p>\n<p>El representante de Estados Unidos en el Comit\u00e9 de Finanzas de la Asamblea General aplaudi\u00f3 las reformas, calific\u00e1ndolas de \u201csentido com\u00fan\u201d, y destacando la reducci\u00f3n de empleos como una herramienta necesaria para reducir la burocracia y modernizar la Organizaci\u00f3n.<\/p>\n<p>Criticado por concentrar m\u00e1s de la mitad de los atrasos en el presupuesto de la ONU y en el presupuesto separado para las operaciones de mantenimiento de la paz, Estados Unidos rechaz\u00f3 cualquier cuestionamiento a su compromiso pol\u00edtico con el multilateralismo. Seg\u00fan el representante de Washington, el presidente estadounidense, Donald Trump, cree en el potencial de la ONU y sus directrices hicieron posibles los recortes necesarios.<\/p>\n<p>Pero el pa\u00eds ha establecido una l\u00ednea clara: el acuerdo de 2026 es, en su opini\u00f3n, solo un primer paso. Dado que las reformas son un proceso, Estados Unidos ahora espera propuestas \u201cambiciosas\u201d para 2027 y 2028, con el fin de lograr cambios estructurales m\u00e1s profundos.<\/p>\n<p>Recortes inferiores a la propuesta original del Secretario General<\/p>\n<p>Si bien los recortes son sustanciales, no alcanzan las propuestas iniciales del <a href=\"https:\/\/www.un.org\/sg\/es\" rel=\"nofollow noopener\" target=\"_blank\">Secretario General<\/a>. El 17 de octubre, Ant\u00f3nio Guterres present\u00f3 un proyecto de presupuesto de 3200 millones de d\u00f3lares e incluy\u00f3 la eliminaci\u00f3n de aproximadamente 2680 puestos, como parte de su iniciativa de reforma ONU80. Tras negociaciones intergubernamentales, esta propuesta se suaviz\u00f3 parcialmente: el presupuesto final es aproximadamente 200 millones de d\u00f3lares mayor y se han conservado casi 300 puestos.<\/p>\n<p>Para quienes apoyan el compromiso, el acuerdo evita \u201crecortes masivos\u201d que podr\u00edan socavar la implementaci\u00f3n de los mandatos, a la vez que env\u00eda una fuerte se\u00f1al pol\u00edtica sobre el control del gasto. El presupuesto abarca los tres pilares de la Organizaci\u00f3n: paz y seguridad, desarrollo y <a href=\"https:\/\/news.un.org\/es\/news\/topic\/human-rights\" rel=\"nofollow noopener\" target=\"_blank\">derechos humanos<\/a>, en un momento en que las crisis se multiplican y las necesidades aumentan exponencialmente.<\/p>\n<p>Traducir en acciones<\/p>\n<p>Ahora, estas decisiones deben traducirse en acciones. \u201cMientras ustedes, las delegaciones, se tomar\u00e1n un descanso durante el nuevo a\u00f1o, nosotros en las Naciones Unidas emprenderemos un camino a\u00fan complejo\u201d, advirti\u00f3 el contralor de la ONU, Chandramouli Ramanathan.<\/p>\n<p>El funcionario de finanzas, sin embargo, adopt\u00f3 un tono cautelosamente optimista, celebrando la cifra r\u00e9cord de contribuciones anticipadas en un contexto de recurrentes crisis de liquidez.\u00a0<\/p>\n<p>Pero persiste una pregunta: \u00bfpermitir\u00e1n los pagos previstos que el presupuesto de 2026 alcance su objetivo de 3400 millones de d\u00f3lares? \u201cEl tiempo lo dir\u00e1\u201d, respondi\u00f3 el contralor.<\/p>\n<p>Aprobado en v\u00edsperas del cierre del ejercicio fiscal, el presupuesto de 2026 se presenta como un compromiso transitorio: la primera expresi\u00f3n cuantificada de las ambiciones de reforma, que tambi\u00e9n revela las persistentes vulnerabilidades financieras de una Organizaci\u00f3n obligada a transformarse mientras sigue operando con un presupuesto limitado.<\/p>\n","protected":false},"excerpt":{"rendered":"Luego de semanas de arduas negociaciones, la Asamblea General de las Naciones Unidas adopt\u00f3 este martes el presupuesto&hellip;\n","protected":false},"author":2,"featured_media":315243,"comment_status":"","ping_status":"","sticky":false,"template":"","format":"standard","meta":{"footnotes":""},"categories":[42],"tags":[17,18,13,14,11,61,62,63,64,19,20,9,10,15,16,12,21,22,65,66,67],"class_list":{"0":"post-315242","1":"post","2":"type-post","3":"status-publish","4":"format-standard","5":"has-post-thumbnail","7":"category-internacional","8":"tag-breaking-news","9":"tag-breakingnews","10":"tag-featured-news","11":"tag-featurednews","12":"tag-headlines","13":"tag-internacional","14":"tag-international","15":"tag-international-news","16":"tag-internationalnews","17":"tag-latest-news","18":"tag-latestnews","19":"tag-news","20":"tag-noticias","21":"tag-noticias-destacadas","22":"tag-noticiasdestacadas","23":"tag-titulares","24":"tag-ultimas-noticias","25":"tag-ultimasnoticias","26":"tag-world","27":"tag-world-news","28":"tag-worldnews"},"share_on_mastodon":{"url":"https:\/\/pubeurope.com\/@es\/115813000312219698","error":""},"_links":{"self":[{"href":"https:\/\/www.europesays.com\/es\/wp-json\/wp\/v2\/posts\/315242","targetHints":{"allow":["GET"]}}],"collection":[{"href":"https:\/\/www.europesays.com\/es\/wp-json\/wp\/v2\/posts"}],"about":[{"href":"https:\/\/www.europesays.com\/es\/wp-json\/wp\/v2\/types\/post"}],"author":[{"embeddable":true,"href":"https:\/\/www.europesays.com\/es\/wp-json\/wp\/v2\/users\/2"}],"replies":[{"embeddable":true,"href":"https:\/\/www.europesays.com\/es\/wp-json\/wp\/v2\/comments?post=315242"}],"version-history":[{"count":0,"href":"https:\/\/www.europesays.com\/es\/wp-json\/wp\/v2\/posts\/315242\/revisions"}],"wp:featuredmedia":[{"embeddable":true,"href":"https:\/\/www.europesays.com\/es\/wp-json\/wp\/v2\/media\/315243"}],"wp:attachment":[{"href":"https:\/\/www.europesays.com\/es\/wp-json\/wp\/v2\/media?parent=315242"}],"wp:term":[{"taxonomy":"category","embeddable":true,"href":"https:\/\/www.europesays.com\/es\/wp-json\/wp\/v2\/categories?post=315242"},{"taxonomy":"post_tag","embeddable":true,"href":"https:\/\/www.europesays.com\/es\/wp-json\/wp\/v2\/tags?post=315242"}],"curies":[{"name":"wp","href":"https:\/\/api.w.org\/{rel}","templated":true}]}}