{"id":315244,"date":"2025-12-31T07:29:14","date_gmt":"2025-12-31T07:29:14","guid":{"rendered":"https:\/\/www.europesays.com\/es\/315244\/"},"modified":"2025-12-31T07:29:14","modified_gmt":"2025-12-31T07:29:14","slug":"asi-afectara-a-sevilla-en-ano-nuevo-y-reyes","status":"publish","type":"post","link":"https:\/\/www.europesays.com\/es\/315244\/","title":{"rendered":"as\u00ed afectar\u00e1 a Sevilla en A\u00f1o Nuevo y Reyes"},"content":{"rendered":"<p class=\"ft-text\">El <strong>A\u00f1o Nuevo<\/strong> irrumpir\u00e1 marcado por el tiempo adverso con la llegada de <strong>Francis<\/strong>, una <strong>borrasca de gran impacto<\/strong> que inaugurar\u00e1 <strong>2026<\/strong> con <strong>lluvias intensas<\/strong>, viento y un episodio meteorol\u00f3gico que afectar\u00e1 de forma progresiva a <strong>Canarias<\/strong>, el <strong>oeste peninsular<\/strong> y, durante el fin de semana, al <strong>conjunto del territorio<\/strong>, seg\u00fan el avance de la <a class=\"ft-link ft-link--decoration\" href=\"https:\/\/www.aemet.es\/es\/eltiempo\/prediccion\/municipios\/sevilla-id41091\" rel=\"nofollow noopener\" target=\"_blank\">Agencia Estatal de Meteorolog\u00eda (AEMET)<\/a>.<\/p>\n<p>Una nueva borrasca con nombre propio<\/p>\n<p class=\"ft-text\"><strong>Francis<\/strong>, que provocar\u00e1 <strong>lluvias fuertes <\/strong>desde el <strong>viernes<\/strong> afectar\u00e1n al <strong>oeste peninsular<\/strong>, con <strong>lluvias abundantes<\/strong>, mientras que el <strong>fin de semana<\/strong> se extender\u00e1n al <strong>resto del territorio<\/strong>, seg\u00fan ha avanzado la <strong>Agencia Estatal de Meteorolog\u00eda (AEMET)<\/strong>.<\/p>\n<p class=\"ft-text\"><strong>Francis<\/strong> es la <strong>sexta<\/strong> en la lista de <strong>borrascas y danas de gran impacto<\/strong> en la <strong>temporada 2025\/2026<\/strong>, nombradas por el <strong>Grupo Suroeste europeo<\/strong>, conformado por los <strong>Servicios Meteorol\u00f3gicos de Portugal (IPMA)<\/strong>, <strong>Francia (M\u00e9t\u00e9o-France)<\/strong>, <strong>B\u00e9lgica (RMI)<\/strong>, <strong>Luxemburgo (MeteoLux)<\/strong>, <strong>Andorra (Servei Meteorol\u00f2gic Nacional)<\/strong> y <strong>Espa\u00f1a (AEMET)<\/strong>.<\/p>\n<p class=\"ft-text\">Tras <strong>Alice<\/strong> \u2014que fue una <strong>dana<\/strong>\u2014, <strong>Benjamin<\/strong>, <strong>Claudia<\/strong><strong>Davide<\/strong> y <strong>Emilia<\/strong>, hay previstos otros <strong>15 fen\u00f3menos clim\u00e1ticos<\/strong> de esta <strong>categor\u00eda<\/strong> para la misma <strong>temporada<\/strong>.<\/p>\n<p class=\"ft-text\">A partir del <strong>mi\u00e9rcoles 31 de diciembre<\/strong>, este es el <strong>resumen por d\u00edas y tramos horarios en <\/strong><a class=\"ft-link ft-link--decoration\" href=\"https:\/\/www.elcorreoweb.es\/tags\/sevilla\/\" rel=\"nofollow noopener\" target=\"_blank\">Sevilla capital<\/a>, seg\u00fan los datos de AEMET, con un panorama marcado por cielos cubiertos y un aumento progresivo de la probabilidad de lluvias conforme avance la semana.<\/p>\n<p class=\"ft-text\"><strong>Mi\u00e9rcoles 31 de diciembre<\/strong><\/p>\n<p class=\"ft-text\"><strong>00:00\u201312:00 horas<\/strong>: cielo cubierto, <strong>30%<\/strong> de probabilidad de lluvias, <strong>4\u00baC m\u00ednima y 15\u00baC m\u00e1xima<\/strong>.<\/p>\n<p class=\"ft-text\"><strong>12:00\u201324:00 horas<\/strong>: cielo cubierto, <strong>25%<\/strong> de probabilidad de lluvias, <strong>4\u00baC m\u00ednima y 15\u00baC m\u00e1xima<\/strong>.<\/p>\n<p class=\"ft-text\"><strong>Jueves 1 de enero<\/strong><\/p>\n<p class=\"ft-text\"><strong>00:00\u201312:00 horas<\/strong>: cielo cubierto, <strong>45%<\/strong> de probabilidad de lluvias, <strong>7\u00baC m\u00ednima y 16\u00baC m\u00e1xima<\/strong>.<\/p>\n<p class=\"ft-text\"><strong>12:00\u201324:00 horas<\/strong>: cielo cubierto, <strong>35%<\/strong> de probabilidad de lluvias, <strong>7\u00baC m\u00ednima y 16\u00baC m\u00e1xima<\/strong>.<\/p>\n<p class=\"ft-text\"><strong>Viernes 2 de enero<\/strong><\/p>\n<p class=\"ft-text\"><strong>0:00\u201324:00 horas<\/strong>: cubierto con lluvia, <strong>65%<\/strong> de probabilidad de lluvias, <strong>10\u00baC m\u00ednima y 19\u00baC m\u00e1xima<\/strong>.<\/p>\n<p class=\"ft-text\"><strong>S\u00e1bado 3 de enero<\/strong><\/p>\n<p class=\"ft-text\"><strong>00:00\u201324:00 horas<\/strong>: cubierto con lluvia, <strong>95%<\/strong> de probabilidad de lluvias, <strong>11\u00baC m\u00ednima y 18\u00baC m\u00e1xima<\/strong>.<\/p>\n<p class=\"ft-text\"><strong>Domingo 4 de enero<\/strong><\/p>\n<p class=\"ft-text\"><strong>00:00\u201324:00 horas<\/strong>: cubierto con lluvia, <strong>90%<\/strong> de probabilidad de lluvias, <strong>10\u00baC m\u00ednima y 17\u00baC m\u00e1xima<\/strong>.<\/p>\n<p class=\"ft-text\"><strong>Lunes 5 de enero<\/strong><\/p>\n<p class=\"ft-text\"><strong> 00:00\u201324:00 horas<\/strong>: cubierto con lluvia, <strong>10%<\/strong> de probabilidad de lluvias, <strong>10\u00baC m\u00ednima y 14\u00baC m\u00e1xima<\/strong>.<\/p>\n<p class=\"ft-text\"><strong>Martes 6 de enero<\/strong><\/p>\n<p class=\"ft-text\"><strong> 00:00\u201324:00 horas<\/strong>: cubierto con lluvia, <strong>5%<\/strong> de probabilidad de lluvias, <strong>8\u00baC m\u00ednima y 12\u00baC m\u00e1xima<\/strong>.<\/p>\n<p>El cambio llega con 2026<\/p>\n<p class=\"ft-text\">Con la llegada de <strong>2026<\/strong>, el <strong>jueves<\/strong> las <strong>altas presiones<\/strong> se retirar\u00e1n y dar\u00e1n paso a una <strong>borrasca atl\u00e1ntica<\/strong> y sus <strong>frentes asociados<\/strong>, por lo que se esperan <strong>precipitaciones generalizadas<\/strong>, ocasionalmente con <strong>tormenta<\/strong>, desde el d\u00eda <strong>1 en Canarias<\/strong> y \u2014en el escenario m\u00e1s probable\u2014 desde el d\u00eda <strong>2 en el oeste peninsular<\/strong>, que se extender\u00e1n hasta afectar al <strong>resto del territorio<\/strong>.<\/p>\n<p class=\"ft-text\">En este sentido, los mayores <strong>acumulados<\/strong> se dar\u00e1n en el <strong>tercio occidental<\/strong>, <strong>Pirineos<\/strong>, <strong>Albor\u00e1n<\/strong> y<strong> Canarias<\/strong>, con probables <strong>acumulados significativos<\/strong>. Adem\u00e1s, se prev\u00e9n en forma de <strong>nieve<\/strong> en <strong>cotas altas<\/strong> de zonas de <strong>monta\u00f1a<\/strong> de la <strong>mitad norte<\/strong>.<\/p>\n<p class=\"ft-text\">Al mismo tiempo, las <strong>temperaturas<\/strong> aumentar\u00e1n a nivel general, con probables <strong>descensos<\/strong> al final de la jornada, y con <strong>heladas<\/strong> que afectar\u00e1n a interiores de la <strong>mitad norte<\/strong> y <strong>cuadrante sureste<\/strong>, con tendencia a perder extensi\u00f3n e intensidad a lo largo de los d\u00edas. Asimismo, predominar\u00e1 el <strong>viento<\/strong> de componentes <strong>sur y oeste<\/strong>, con probables <strong>intervalos fuertes<\/strong> y <strong>rachas muy fuertes<\/strong> en ambos <strong>archipi\u00e9lagos<\/strong> y <strong>litorales y monta\u00f1as de la Pen\u00ednsula<\/strong>.<\/p>\n<p>\u00bfReyes pasados por agua?<\/p>\n<p class=\"ft-text\">La <strong>AEMET<\/strong> ha matizado que a\u00fan prevalece mucha <strong>incertidumbre<\/strong> por el alcance de <strong>predicci\u00f3n<\/strong> para el pr\u00f3ximo <strong>lunes<\/strong>, pero prev\u00e9 que la <strong>borrasca atl\u00e1ntica<\/strong> se transforme en una <strong>baja poco profunda<\/strong> situada en el <strong>Mediterr\u00e1neo occidental<\/strong> que dejar\u00e1 <strong>cielos cubiertos<\/strong> en la <strong>mitad sureste peninsular<\/strong>, donde ir\u00e1n acompa\u00f1ados de <strong>precipitaciones<\/strong> que pueden ser <strong>intensas<\/strong> en zonas pr\u00f3ximas al <strong>litoral<\/strong>.<\/p>\n<p class=\"ft-text\">De esta forma, espera la presencia de <strong>nieve<\/strong> en una buena parte de la <strong>mitad sureste<\/strong> en <strong>cotas relativamente bajas<\/strong>, <strong>cielos nubosos<\/strong> con <strong>precipitaciones<\/strong> en los <strong>litorales atl\u00e1nticos<\/strong> y \u2014en general\u2014 <strong>vientos del norte<\/strong> acompa\u00f1ados de un <strong>descenso de temperaturas<\/strong>.<\/p>\n","protected":false},"excerpt":{"rendered":"El A\u00f1o Nuevo irrumpir\u00e1 marcado por el tiempo adverso con la llegada de Francis, una borrasca de gran&hellip;\n","protected":false},"author":2,"featured_media":315245,"comment_status":"","ping_status":"","sticky":false,"template":"","format":"standard","meta":{"footnotes":""},"categories":[5],"tags":[2980,1611,45206,17,18,73823,25,24,13,14,27045,11,19,20,5012,6194,9,10,15,16,524,15384,3051,1171,23,12,21,22],"class_list":{"0":"post-315244","1":"post","2":"type-post","3":"status-publish","4":"format-standard","5":"has-post-thumbnail","7":"category-titulares","8":"tag-aemet","9":"tag-ano","10":"tag-borrasca","11":"tag-breaking-news","12":"tag-breakingnews","13":"tag-el-tiempo-en-sevilla","14":"tag-es","15":"tag-espana","16":"tag-featured-news","17":"tag-featurednews","18":"tag-francis","19":"tag-headlines","20":"tag-latest-news","21":"tag-latestnews","22":"tag-llega","23":"tag-lluvias","24":"tag-news","25":"tag-noticias","26":"tag-noticias-destacadas","27":"tag-noticiasdestacadas","28":"tag-nuevo","29":"tag-quinta","30":"tag-reyes","31":"tag-sevilla","32":"tag-spain","33":"tag-titulares","34":"tag-ultimas-noticias","35":"tag-ultimasnoticias"},"share_on_mastodon":{"url":"https:\/\/pubeurope.com\/@es\/115813008185523285","error":""},"_links":{"self":[{"href":"https:\/\/www.europesays.com\/es\/wp-json\/wp\/v2\/posts\/315244","targetHints":{"allow":["GET"]}}],"collection":[{"href":"https:\/\/www.europesays.com\/es\/wp-json\/wp\/v2\/posts"}],"about":[{"href":"https:\/\/www.europesays.com\/es\/wp-json\/wp\/v2\/types\/post"}],"author":[{"embeddable":true,"href":"https:\/\/www.europesays.com\/es\/wp-json\/wp\/v2\/users\/2"}],"replies":[{"embeddable":true,"href":"https:\/\/www.europesays.com\/es\/wp-json\/wp\/v2\/comments?post=315244"}],"version-history":[{"count":0,"href":"https:\/\/www.europesays.com\/es\/wp-json\/wp\/v2\/posts\/315244\/revisions"}],"wp:featuredmedia":[{"embeddable":true,"href":"https:\/\/www.europesays.com\/es\/wp-json\/wp\/v2\/media\/315245"}],"wp:attachment":[{"href":"https:\/\/www.europesays.com\/es\/wp-json\/wp\/v2\/media?parent=315244"}],"wp:term":[{"taxonomy":"category","embeddable":true,"href":"https:\/\/www.europesays.com\/es\/wp-json\/wp\/v2\/categories?post=315244"},{"taxonomy":"post_tag","embeddable":true,"href":"https:\/\/www.europesays.com\/es\/wp-json\/wp\/v2\/tags?post=315244"}],"curies":[{"name":"wp","href":"https:\/\/api.w.org\/{rel}","templated":true}]}}