{"id":315266,"date":"2025-12-31T07:49:12","date_gmt":"2025-12-31T07:49:12","guid":{"rendered":"https:\/\/www.europesays.com\/es\/315266\/"},"modified":"2025-12-31T07:49:12","modified_gmt":"2025-12-31T07:49:12","slug":"china-insta-a-paises-bajos-a-corregir-los-errores-con-nexperia","status":"publish","type":"post","link":"https:\/\/www.europesays.com\/es\/315266\/","title":{"rendered":"China insta a Pa\u00edses Bajos a corregir los \u00aberrores\u00bb con Nexperia"},"content":{"rendered":"\n<p class=\"yf-7hmkaz\">PEK\u00cdN, 31 dic (Reuters) &#8211; China inst\u00f3 el mi\u00e9rcoles a Pa\u00edses Bajos a corregir inmediatamente sus \u00aberrores\u00bb y eliminar los obst\u00e1culos que impiden \u200bgarantizar la estabilidad de la cadena mundial de producci\u00f3n y \u200csuministro de chips.<\/p>\n<p class=\"yf-7hmkaz\">\u00abPa\u00edses Bajos permanece indiferente e insiste obstinadamente en seguir su propio camino, sin \u200cmostrar ninguna actitud responsable hacia la seguridad de la cadena mundial de suministro de semiconductores y sin tomar ninguna medida sustantiva\u00bb, declar\u00f3 el Ministerio de Comercio chino en un comunicado.<\/p>\n<p class=\"yf-7hmkaz\">En septiembre, Pa\u00edses Bajos tom\u00f3 el \u2060control de Nexperia, filial neerlandesa \u200cde la empresa china Wingtech , afirmando que pretend\u00edan impedir que el fundador trasladara secretos de la empresa y \u200dla producci\u00f3n a China.<\/p>\n<p class=\"yf-7hmkaz\">Pek\u00edn tom\u00f3 represalias bloqueando la exportaci\u00f3n de los chips de Nexperia, la mayor\u00eda de los cuales se empaquetan en China.<\/p>\n<p class=\"yf-7hmkaz\">Aunque Wingtech ha \u200bentablado conversaciones con los depositarios judiciales de Nexperia para hacerse con \u200cel control del fabricante de chips con sede en Pa\u00edses Bajos, el ministro de Asuntos Econ\u00f3micos, Vincent Karremans, ha defendido su decisi\u00f3n de intervenir.<\/p>\n<p class=\"yf-7hmkaz\">En una entrevista reciente con De Telegraaf, Karremans volvi\u00f3 a defender su medida contra Nexperia.<\/p>\n<p class=\"yf-7hmkaz\">\u00abNo la calificar\u00eda de agradable, pero era necesaria\u00bb, dijo \u2060al diario neerland\u00e9s. \u00abY no dejo que mis \u200bdecisiones se gu\u00eden por si son agradables \u200bo no\u00bb.<\/p>\n<p class=\"yf-7hmkaz\">En respuesta al comentario de Karremans, el Ministerio de Comercio chino calific\u00f3 la postura neerlandesa de \u00abdesconcertante\u00bb.<\/p>\n<p class=\"yf-7hmkaz\">\u00abChina ha insistido \u200drepetidamente en que \u2060la injerencia administrativa inapropiada de Pa\u00edses Bajos en los asuntos internos de Nexperia ha provocado una crisis en la cadena mundial \u2060de suministro de semiconductores, y Pa\u00edses Bajos debe asumir toda su responsabilidad.\u00bb<\/p>\n<p class=\"yf-7hmkaz\">(Informaci\u00f3n de \u200cRyan Woo; edici\u00f3n de Clarence Fernandez y Saad Sayeed; edici\u00f3n \u200cen espa\u00f1ol de Mar\u00eda Bayarri C\u00e1rdenas)<\/p>\n","protected":false},"excerpt":{"rendered":"PEK\u00cdN, 31 dic (Reuters) &#8211; China inst\u00f3 el mi\u00e9rcoles a Pa\u00edses Bajos a corregir inmediatamente sus \u00aberrores\u00bb y&hellip;\n","protected":false},"author":2,"featured_media":315267,"comment_status":"","ping_status":"","sticky":false,"template":"","format":"standard","meta":{"footnotes":""},"categories":[80],"tags":[82,1615,73826,95,94,25,24,73824,9542,23,73825],"class_list":{"0":"post-315266","1":"post","2":"type-post","3":"status-publish","4":"format-standard","5":"has-post-thumbnail","7":"category-economia","8":"tag-business","9":"tag-china","10":"tag-de-telegraaf","11":"tag-economia","12":"tag-economy","13":"tag-es","14":"tag-espana","15":"tag-ministerio-de-comercio","16":"tag-paises-bajos","17":"tag-spain","18":"tag-vincent-karremans"},"share_on_mastodon":{"url":"https:\/\/pubeurope.com\/@es\/115813086867456765","error":""},"_links":{"self":[{"href":"https:\/\/www.europesays.com\/es\/wp-json\/wp\/v2\/posts\/315266","targetHints":{"allow":["GET"]}}],"collection":[{"href":"https:\/\/www.europesays.com\/es\/wp-json\/wp\/v2\/posts"}],"about":[{"href":"https:\/\/www.europesays.com\/es\/wp-json\/wp\/v2\/types\/post"}],"author":[{"embeddable":true,"href":"https:\/\/www.europesays.com\/es\/wp-json\/wp\/v2\/users\/2"}],"replies":[{"embeddable":true,"href":"https:\/\/www.europesays.com\/es\/wp-json\/wp\/v2\/comments?post=315266"}],"version-history":[{"count":0,"href":"https:\/\/www.europesays.com\/es\/wp-json\/wp\/v2\/posts\/315266\/revisions"}],"wp:featuredmedia":[{"embeddable":true,"href":"https:\/\/www.europesays.com\/es\/wp-json\/wp\/v2\/media\/315267"}],"wp:attachment":[{"href":"https:\/\/www.europesays.com\/es\/wp-json\/wp\/v2\/media?parent=315266"}],"wp:term":[{"taxonomy":"category","embeddable":true,"href":"https:\/\/www.europesays.com\/es\/wp-json\/wp\/v2\/categories?post=315266"},{"taxonomy":"post_tag","embeddable":true,"href":"https:\/\/www.europesays.com\/es\/wp-json\/wp\/v2\/tags?post=315266"}],"curies":[{"name":"wp","href":"https:\/\/api.w.org\/{rel}","templated":true}]}}