{"id":315268,"date":"2025-12-31T07:50:06","date_gmt":"2025-12-31T07:50:06","guid":{"rendered":"https:\/\/www.europesays.com\/es\/315268\/"},"modified":"2025-12-31T07:50:06","modified_gmt":"2025-12-31T07:50:06","slug":"mamadi-doumbouya-gana-las-presidenciales-de-guinea-segun-los-resultados-provisionales","status":"publish","type":"post","link":"https:\/\/www.europesays.com\/es\/315268\/","title":{"rendered":"Mamadi Doumbouya gana las presidenciales de Guinea, seg\u00fan los resultados provisionales"},"content":{"rendered":"<p>El general <strong>Mamadi Doumbouya<\/strong> ha sido elegido presidente de Guinea, seg\u00fan los resultados provisionales anunciados este martes. Doumbouya ha obtenido el <strong>86,72 % de los votos<\/strong> de las <a href=\"https:\/\/www.rtve.es\/noticias\/20251228\/mamady-doumbouya-tomo-poder-golpe-2021-favorito-elecciones-guinea-conakri-este-domingo\/16875960.shtml\" rel=\"nofollow noopener\" target=\"_blank\">elecciones presidenciales celebradas el pasado 28 de diciembre<\/a>, una mayor\u00eda absoluta que le permite evitar una segunda vuelta. A partir de ahora, el Tribunal Supremo del pa\u00eds situado al noroeste de \u00c1frica, tiene ocho d\u00edas para validar los resultados en caso de que se presente alguna impugnaci\u00f3n.<\/p>\n<p>Doumbouya, el presidente de transici\u00f3n y l\u00edder de la junta militar que dirige Guinea-Conakri desde el <strong><a href=\"https:\/\/www.rtve.es\/noticias\/20210906\/grupo-militares-detiene-presidente-guinea-conakri-intentona-golpista\/2168847.shtml\" rel=\"nofollow noopener\" target=\"_blank\">golpe de Estado de 2021<\/a><\/strong><a href=\"https:\/\/www.rtve.es\/noticias\/20210906\/grupo-militares-detiene-presidente-guinea-conakri-intentona-golpista\/2168847.shtml\" rel=\"nofollow noopener\" target=\"_blank\">,<\/a> mantiene una amplia ventaja sobre sus ocho rivales, la mayor\u00eda con escaso peso pol\u00edtico y sin cr\u00edtica real a la junta militar, tras la exclusi\u00f3n de m\u00e1s de medio centenar de aspirantes. <\/p>\n<p>El presidente se elige por sufragio universal directo en un <strong>sistema de doble vuelta electoral<\/strong>: si en la primera ronda ning\u00fan candidato alcanza la mayor\u00eda absoluta (m\u00e1s del 50 % de los votos), se celebra una segunda entre los dos m\u00e1s votados.<\/p>\n<p>Seg\u00fan la Direcci\u00f3n General de Elecciones (DGE), Doumbouya vence -de momento- con gran margen en circunscripciones electorales de la capital, Conakri, como Kaloum (89,96 % de los votos), Matam (86,49 %), Sonfonia (67,79 %), Ratoma (69,14 %), Gbessia (78,98 %) y Kassa (97,82 %).<\/p>\n<p>El l\u00edder de la junta, de 41 a\u00f1os, muestra una ventaja similar en zonas del interior del pa\u00eds, como Coyah (81,97 %), Boffa (94,72 %), Fria (82,12 %), Gaoual (84,26 %) o Koundara (83,55 %), seg\u00fan estos resultados, le\u00eddos por la directora de la DGE, Djenabou Tour\u00e9.<\/p>\n<p>La victoria de Doumbouya, que le otorga un <strong>mandato de siete a\u00f1os<\/strong> en esta naci\u00f3n de \u00c1frica Occidental rica en bauxita y mineral de hierro, era ampliamente predecible, debido a que Cond\u00e9 y Celleu Dalein Diallo, veterano l\u00edder de la oposici\u00f3n guineana, se encuentran en el exilio, lo que dej\u00f3 a Doumbouya frente a un grupo fragmentado de ocho contrincantes.<\/p>\n","protected":false},"excerpt":{"rendered":"El general Mamadi Doumbouya ha sido elegido presidente de Guinea, seg\u00fan los resultados provisionales anunciados este martes. Doumbouya&hellip;\n","protected":false},"author":2,"featured_media":315269,"comment_status":"","ping_status":"","sticky":false,"template":"","format":"standard","meta":{"footnotes":""},"categories":[42],"tags":[17,18,13,14,11,61,62,63,64,19,20,9,10,15,16,12,21,22,65,66,67],"class_list":{"0":"post-315268","1":"post","2":"type-post","3":"status-publish","4":"format-standard","5":"has-post-thumbnail","7":"category-internacional","8":"tag-breaking-news","9":"tag-breakingnews","10":"tag-featured-news","11":"tag-featurednews","12":"tag-headlines","13":"tag-internacional","14":"tag-international","15":"tag-international-news","16":"tag-internationalnews","17":"tag-latest-news","18":"tag-latestnews","19":"tag-news","20":"tag-noticias","21":"tag-noticias-destacadas","22":"tag-noticiasdestacadas","23":"tag-titulares","24":"tag-ultimas-noticias","25":"tag-ultimasnoticias","26":"tag-world","27":"tag-world-news","28":"tag-worldnews"},"share_on_mastodon":{"url":"https:\/\/pubeurope.com\/@es\/115813090780951089","error":""},"_links":{"self":[{"href":"https:\/\/www.europesays.com\/es\/wp-json\/wp\/v2\/posts\/315268","targetHints":{"allow":["GET"]}}],"collection":[{"href":"https:\/\/www.europesays.com\/es\/wp-json\/wp\/v2\/posts"}],"about":[{"href":"https:\/\/www.europesays.com\/es\/wp-json\/wp\/v2\/types\/post"}],"author":[{"embeddable":true,"href":"https:\/\/www.europesays.com\/es\/wp-json\/wp\/v2\/users\/2"}],"replies":[{"embeddable":true,"href":"https:\/\/www.europesays.com\/es\/wp-json\/wp\/v2\/comments?post=315268"}],"version-history":[{"count":0,"href":"https:\/\/www.europesays.com\/es\/wp-json\/wp\/v2\/posts\/315268\/revisions"}],"wp:featuredmedia":[{"embeddable":true,"href":"https:\/\/www.europesays.com\/es\/wp-json\/wp\/v2\/media\/315269"}],"wp:attachment":[{"href":"https:\/\/www.europesays.com\/es\/wp-json\/wp\/v2\/media?parent=315268"}],"wp:term":[{"taxonomy":"category","embeddable":true,"href":"https:\/\/www.europesays.com\/es\/wp-json\/wp\/v2\/categories?post=315268"},{"taxonomy":"post_tag","embeddable":true,"href":"https:\/\/www.europesays.com\/es\/wp-json\/wp\/v2\/tags?post=315268"}],"curies":[{"name":"wp","href":"https:\/\/api.w.org\/{rel}","templated":true}]}}