{"id":315272,"date":"2025-12-31T08:00:09","date_gmt":"2025-12-31T08:00:09","guid":{"rendered":"https:\/\/www.europesays.com\/es\/315272\/"},"modified":"2025-12-31T08:00:09","modified_gmt":"2025-12-31T08:00:09","slug":"lo-hizo-para-mandarme-un-mensaje","status":"publish","type":"post","link":"https:\/\/www.europesays.com\/es\/315272\/","title":{"rendered":"Lo hizo para mandarme un mensaje"},"content":{"rendered":"<p class=\"ft-text\">Sergio Andr\u00e9s y Jos\u00e9 S\u00e1enz de Tejada, creadores de Drafteados, junto a Daimiel y Jos\u00e9 Manuel Calder\u00f3n, recibieron a la leyenda del baloncesto, Pau Gasol, en su podcast 3+1 en el que repasan semanalmente toda la actualidad NBA. En una charla muy amena de algo m\u00e1s de una hora, el exjugador del FC Barcelona, Los Angeles Lakers y los Memphis Grizzlies, entre otros, <strong>repas\u00f3 su exitosa trayectoria y cont\u00f3 an\u00e9cdotas de sus brillantes a\u00f1os en la mejor liga de baloncesto del mundo.<\/strong><\/p>\n<p class=\"ft-text\">Para entrar en calor, la primera pregunta ya se la hizo uno de sus compa\u00f1eros en la selecci\u00f3n, Rudy Fern\u00e1ndez, protagonista de ese concurso de mates en el All Star Game donde la asistencia se la dio el mismo Gasol: <strong>\u00abNo lo preparamos nada\u00bb, explic\u00f3<\/strong>. Y con esta introducci\u00f3n y un peque\u00f1o repaso de su vida actual, en la que su Fundaci\u00f3n y todos los proyectos le ocupan la mayor\u00eda del tiempo, se arrancaron a hablar sobre varios temas de su paso por la NBA.<\/p>\n<p>\u00bfC\u00d3MO SE LLEVA PERDER UNOS PLAYOFFS POR 4-0?<\/p>\n<p class=\"ft-text\"><strong>Pau, que se retir\u00f3 con dos anillos, arranc\u00f3 su paso por la liga perdiendo tres veces por 4-0<\/strong>. \u00ab\u00c9ramos j\u00f3venes, sin mucha experiencia y nos dieron por todos lados. Pero el tercer partido es clave&#8230;\u00bb. \u00ab\u00bfQui\u00e9n no ha perdido 4-0 en playoffs?\u00bb, apunt\u00f3 Calde antes de que el mayor de los Gasol explicara el momento de su movimiento hacia Los \u00c1ngeles: \u00abFueron a\u00f1os duros, pero sobre todo al tercero, la franquicia decidi\u00f3 reconstruir y todo empieza a cambiar. Yo me encontraba en un momento de mi carrera en el que quer\u00eda m\u00e1s. Y acab\u00f3 funcionando para ambos\u00bb.<\/p>\n<p>SU ETAPA CON NAVARRO<\/p>\n<p class=\"ft-text\">En la \u00e9poca del traspaso que le llev\u00f3 de los Grizzlies a Los Lakers, Pau dej\u00f3 atr\u00e1s tambi\u00e9n a Juan Carlos Navarro, con quien compart\u00eda equipo en Memphis: \u00ab<strong>A nivel emocional fue dif\u00edcil.<\/strong> Yo confiaba en que \u00e9l pod\u00eda continuar y conseguir un contrato de unos 5-6 millones, pero el Bar\u00e7a dio un paso adelante y decidi\u00f3 volver a casa. Gan\u00f3 la Euroliga en Par\u00eds y me alegr\u00e9 mucho\u00bb.<\/p>\n<p>\u00bfPOD\u00c9IS PEDIR A JUGADORES?<\/p>\n<p class=\"ft-text\">\u00abTodo depende del rol que tienes en el equipo. Empuj\u00e9 mucho para que draftearan a Marc, pero no pudo ser y al final s\u00ed lo consiguieron en mi traspaso. <strong>Cuando fui agente libre te llama Tim Duncan, te llama Ginobili, Greg Popovich&#8230; te vienen con la artiller\u00eda<\/strong>. Yo lo intent\u00e9 con Nocioni, que no acab\u00f3 viniendo, pero me dijo &#8216;pensaba que no te ca\u00eda bien por nuestros enfrentamientos en los Argentina &#8211; Espa\u00f1a&#8217;, a lo que yo le dije que valoraba mucho su actitud competitiva\u00bb.<\/p>\n<p>LA NUEVA NBA Y LAS &#8216;DINAST\u00cdAS&#8217;<\/p>\n<p class=\"ft-text\">\u00abCon el estilo de juego de ahora las opciones est\u00e1n un poco m\u00e1s abiertas. Hay una opci\u00f3n grande de que Oklahoma est\u00e9 arriba los pr\u00f3ximos a\u00f1os. Ahora aun perdiendo un partido por +20 no est\u00e1n fuera. Con tres o cuatro triples seguidos vuelven a meterse. Por eso creo que todo puede estar m\u00e1s abierto. <strong>Aunque este s\u00ed es un estilo que me ha costado digerir, es verdad que hay jugadores que tienen luz verde para tirar c\u00f3mo y cuando quieran<\/strong>.<\/p>\n<p class=\"ft-text\">Sobre esto, tanto Pau como Calde destacaron que: \u00abHay jugadores de nuestra \u00e9poca que est\u00e1n tirando de tres y nunca lo hubi\u00e9ramos imaginado\u00bb. \u00ab<strong>Est\u00e1 Drummond metiendo de tres desde la esquina<\/strong>\u00bb apunt\u00f3 Daimiel.<\/p>\n<p class=\"ft-text\">\u00abNosotros quer\u00edamos repetir. Cuando est\u00e1s en la NBA, ves que puedes y <strong>tienes l\u00edderes como Kobe Bryant en el equipo vas a por todas<\/strong>. Ahora creo que no hay este hambre de querer m\u00e1s\u00bb. Algo que matizaron los otros participantes: \u00abShai parece que s\u00ed podr\u00eda ser ese\u00bb.<\/p>\n<p>SU RELACI\u00d3N CON KOBE Y LA AN\u00c9CDOTA DE LA MEDALLA <\/p>\n<p class=\"ft-text\">Sobre el mismo Kobe, con quien manten\u00eda una relaci\u00f3n como de hermanos, explic\u00f3 que tras perder la final de los Juegos Ol\u00edmpicos ante Estados Unidos (tambi\u00e9n ven\u00edan de caer juntos ante los Celtics), al d\u00eda siguiente de regresar a compartir vestuario en los Lakers, \u00e9l se present\u00f3 con la medalla de oro: \u00ab<strong>Lo hizo para mandarme un mensaje. Era para decir &#8216;oye, empezamos la temporada y vamos a por todas, te necesito al m\u00e1ximo desde ya&#8217;. Habla mucho del tipo de l\u00edder que era<\/strong>. Lo ten\u00eda pensado para motivarme\u00bb.<\/p>\n<p>EL ANILLO DE SU HERMANO MARC<\/p>\n<p class=\"ft-text\">\u00ab<strong>Marc lo celebr\u00f3 por m\u00ed, por toda la familia, amigos y compa\u00f1eros. Marc\u00f3 un precedente sobre como celebrar el t\u00edtulo<\/strong>. Yo estaba con muletas y me alegr\u00e9 mucho pero lo hice m\u00e1s por dentro\u00bb, afirm\u00f3 entre risas. \u00abQu\u00e9 imagen tan hist\u00f3rica\u00bb afirmaron los otros sobre el mediano de los Gasol. M\u00e1s adelante, tambi\u00e9n coment\u00f3 su salto conjunto en el All Star Game: \u00abLo quer\u00eda ganar en un 9,5. Yo tengo m\u00e1s salto que Marc. Lo ten\u00eda que ganar y \u00e9l se llev\u00f3 el partido. Todos contentos\u00bb.<\/p>\n<p>UN INICIO &#8216;COMPLICADO&#8217;<\/p>\n<p class=\"ft-text\">\u00abMi objetivo siempre ha sido convertirme en uno de los mejores. En la pretemporada del primer a\u00f1o pensaba que pod\u00edamos optar a m\u00e1s despu\u00e9s del 4-4, <strong>pero al arrancar la temporada notaba mucha tensi\u00f3n y ve\u00eda que no acababa de fluir<\/strong>. Despu\u00e9s del tercer partido uno de los veteranos vino y me dio muchos \u00e1nimos. Al cuarto ya fui titular por una lesi\u00f3n y ya nunca mir\u00e9 para atr\u00e1s. La primera semana no fue bien, pero confiaba en mis posibilidades\u00bb.<\/p>\n<p>LA RETIRADA<\/p>\n<p class=\"ft-text\">\u00ab<strong>Si hubiera sabido que mi pie no aguantaba me hubiera tomado las cosas distintas.<\/strong> En aquel momento la liga ya iba para jugar con jugadores m\u00e1s peque\u00f1os. No fue f\u00e1cil de llevar y yo quer\u00eda jugar teniendo un papel relevante aun con las molestias en el pie, pero no pensaba que llegara el nivel de fractura tan r\u00e1pido, pero por eso tom\u00e9 la decisi\u00f3n de irme. Si lo hubiera sabido hubiera parado, descansado y quiz\u00e1s habr\u00eda podido jugar el Mundial de 2019 que Espa\u00f1a gana en China. Pero se tiene que saber vivir con las consecuencias\u00bb.<\/p>\n<p>UN QUINTETO DE COMPA\u00d1EROS<\/p>\n<p class=\"ft-text\">\u00abHe jugado con Nash y Tony Parker en el final de sus carreras, con Rose, pero por ejemplo Fisher para m\u00ed fue un base muy importante.<strong> Pero Ricky, Calder\u00f3n&#8230; tambi\u00e9n. Podr\u00eda poner a 4 o 5 por posici\u00f3n y me quedo tan ancho. El men\u00fa es muy amplio<\/strong>. Pero os digo Kobe, que es de los mejores de la historia, Jimmy Butler, Juan Carlos Navarro, Gin\u00f3bili. De tres, tambi\u00e9n he jugado con Antetokounmpo, Kawhi Leonard o Shane Battier. De cuatro con LaMarcus Aldridge y Lamar Odom, que podr\u00eda haber sido titular en cualquier equipo de la liga cuando estaba con nosotros en los Lakers. De 5 os digo a Marc, que aunque no haya jugado en la NBA con \u00e9l ha sido uno de los mejores del mundo durante a\u00f1os. Adem\u00e1s de Bynum o Noah\u00bb.<\/p>\n","protected":false},"excerpt":{"rendered":"Sergio Andr\u00e9s y Jos\u00e9 S\u00e1enz de Tejada, creadores de Drafteados, junto a Daimiel y Jos\u00e9 Manuel Calder\u00f3n, recibieron&hellip;\n","protected":false},"author":2,"featured_media":315273,"comment_status":"","ping_status":"","sticky":false,"template":"","format":"standard","meta":{"footnotes":""},"categories":[269],"tags":[23835,299,298,27920,168,25,24,25652,27919,4968,12431,23,167],"class_list":{"0":"post-315272","1":"post","2":"type-post","3":"status-publish","4":"format-standard","5":"has-post-thumbnail","7":"category-baloncesto","8":"tag-anecdota","9":"tag-baloncesto","10":"tag-basketball","11":"tag-bryant","12":"tag-deportes","13":"tag-es","14":"tag-espana","15":"tag-gasol","16":"tag-kobe","17":"tag-pau","18":"tag-pau-gasol","19":"tag-spain","20":"tag-sports"},"share_on_mastodon":{"url":"https:\/\/pubeurope.com\/@es\/115813130260383217","error":""},"_links":{"self":[{"href":"https:\/\/www.europesays.com\/es\/wp-json\/wp\/v2\/posts\/315272","targetHints":{"allow":["GET"]}}],"collection":[{"href":"https:\/\/www.europesays.com\/es\/wp-json\/wp\/v2\/posts"}],"about":[{"href":"https:\/\/www.europesays.com\/es\/wp-json\/wp\/v2\/types\/post"}],"author":[{"embeddable":true,"href":"https:\/\/www.europesays.com\/es\/wp-json\/wp\/v2\/users\/2"}],"replies":[{"embeddable":true,"href":"https:\/\/www.europesays.com\/es\/wp-json\/wp\/v2\/comments?post=315272"}],"version-history":[{"count":0,"href":"https:\/\/www.europesays.com\/es\/wp-json\/wp\/v2\/posts\/315272\/revisions"}],"wp:featuredmedia":[{"embeddable":true,"href":"https:\/\/www.europesays.com\/es\/wp-json\/wp\/v2\/media\/315273"}],"wp:attachment":[{"href":"https:\/\/www.europesays.com\/es\/wp-json\/wp\/v2\/media?parent=315272"}],"wp:term":[{"taxonomy":"category","embeddable":true,"href":"https:\/\/www.europesays.com\/es\/wp-json\/wp\/v2\/categories?post=315272"},{"taxonomy":"post_tag","embeddable":true,"href":"https:\/\/www.europesays.com\/es\/wp-json\/wp\/v2\/tags?post=315272"}],"curies":[{"name":"wp","href":"https:\/\/api.w.org\/{rel}","templated":true}]}}