{"id":315292,"date":"2025-12-31T08:12:09","date_gmt":"2025-12-31T08:12:09","guid":{"rendered":"https:\/\/www.europesays.com\/es\/315292\/"},"modified":"2025-12-31T08:12:09","modified_gmt":"2025-12-31T08:12:09","slug":"las-bazas-de-una-accion-del-ibex-35-en-minimos","status":"publish","type":"post","link":"https:\/\/www.europesays.com\/es\/315292\/","title":{"rendered":"las bazas de una acci\u00f3n del Ibex 35 en m\u00ednimos"},"content":{"rendered":"<p>    <img fetchpriority=\"high\" decoding=\"async\" src=\"data:image\/gif;base64,R0lGODlhAQABAIAAAAAAAP\/\/\/ywAAAAAAQABAAACAUwAOw==\" alt=\"Dividendo y potencial de doble d\u00edgito: las bazas de una acci\u00f3n del Ibex 35 en m\u00ednimos\" loading=\"eager\" height=\"440\" width=\"660\" class=\"yf-lglytj loader\"\/> Dividendo y potencial de doble d\u00edgito: las bazas de una acci\u00f3n del Ibex 35 en m\u00ednimos      <\/p>\n<p class=\"yf-7hmkaz\">Los cazadores de dividendos tendr\u00e1n <a class=\"link \" href=\"https:\/\/www.estrategiasdeinversion.com\/actualidad\/noticias\/bolsa-espana\/dividendos-en-el-ibex-35-para-estrenar-2026-n-875177\" rel=\"nofollow noopener\" target=\"_blank\" data-ylk=\"slk:un mes de enero muy ajetreado;elm:context_link;itc:0;sec:content-canvas\">un mes de enero muy ajetreado<\/a>, pero si no quieren perderse el primer pago del a\u00f1o tienen que darse prisa. <a class=\"link \" href=\"https:\/\/www.estrategiasdeinversion.com\/cotizaciones\/indices\/mercado-continuo\/redeia-ree\" rel=\"nofollow noopener\" target=\"_blank\" data-ylk=\"slk:Redeia (REE);elm:context_link;itc:0;sec:content-canvas\">Redeia (REE)<\/a>\u00a0pagar\u00e1 el pr\u00f3ximo 7 de enero un dividendo a cuenta de los resultados de 2025 por un importe bruto de <strong>0,20 euros por acci\u00f3n<\/strong>.<\/p>\n<p class=\"yf-7hmkaz\">La fecha de cotizaci\u00f3n ex dividendo (ex date) ser\u00e1 el 5 de enero, lo que implica que <strong>la \u00faltima jornada en la que las acciones de Redeia se negociar\u00e1n con derecho a este cobro ser\u00e1 este viernes 2 de enero<\/strong>.<\/p>\n<p class=\"yf-7hmkaz\">El importe est\u00e1 en l\u00ednea con la pol\u00edtica de dividendos que la compa\u00f1\u00eda ha establecido en el marco de su plan estrat\u00e9gico para el periodo 2021-2025, que establece un suelo de 0,80 euros por acci\u00f3n con cargo a los resultados del a\u00f1o 2025. La compa\u00f1\u00eda realiza normalmente el pago de un dividendo a cuenta del ejercicio al cierre del mismo y de un dividendo complementario una vez aprobado el dividendo del ejercicio por la Junta General de Accionistas.<\/p>\n<p>    <img decoding=\"async\" src=\"data:image\/gif;base64,R0lGODlhAQABAIAAAAAAAP\/\/\/ywAAAAAAQABAAACAUwAOw==\" alt=\"Dividendo y potencial de doble d\u00edgito: las bazas de una acci\u00f3n del Ibex 35 en m\u00ednimos\" loading=\"lazy\" height=\"440\" width=\"960\" class=\"yf-lglytj loader\"\/> Dividendo y potencial de doble d\u00edgito: las bazas de una acci\u00f3n del Ibex 35 en m\u00ednimos      <\/p>\n<p class=\"yf-7hmkaz\">Las acciones de <a class=\"link \" href=\"https:\/\/www.estrategiasdeinversion.com\/cotizaciones\/indices\/mercado-continuo\/redeia-ree\" rel=\"nofollow noopener\" target=\"_blank\" data-ylk=\"slk:Redeia (REE);elm:context_link;itc:0;sec:content-canvas\">Redeia (REE)<\/a>\u00a0han vivido un 2025 muy complicado, con una ca\u00edda acumulada de casi un 4,5%. Y eso que han rebotado un 2,7% desde que el pasado 12 de diciembre tocaron unos m\u00ednimos anuales de 14,68 euros.<\/p>\n<p class=\"yf-7hmkaz\">No obstante, los analistas le pronostican un 2026 algo m\u00e1s amable. Seg\u00fan los datos recopilados por Reuters, las casas de an\u00e1lisis que cubren a Redeia le otorgan de media un precio objetivo de <strong>17,18 euros por acci\u00f3n<\/strong>, lo que implica un <strong>potencial alcista de casi un 14%<\/strong> frente a la cotizaci\u00f3n actual. La recomendaci\u00f3n mayoritaria es de \u2018mantener\u2019.<\/p>\n<p class=\"yf-7hmkaz\"><a class=\"link \" href=\"https:\/\/www.estrategiasdeinversion.com\/actualidad\/noticias\/bolsa-espana\/redeia-reduce-un-46-su-beneficio-por-el-efecto-n-858483\" rel=\"nofollow noopener\" target=\"_blank\" data-ylk=\"slk:Redeia obtuvo un beneficio neto de 389,8 millones de euros en los nueve primeros meses del a\u00f1o;elm:context_link;itc:0;sec:content-canvas\">Redeia obtuvo un beneficio neto de 389,8 millones de euros en los nueve primeros meses del a\u00f1o<\/a>, lo que representa una ca\u00edda del 4,6% con respecto al mismo periodo del ejercicio anterior. La cifra de negocios alcanz\u00f3 los 1.218,1 millones de euros, con un incremento del 2,5%, mientras que el <a class=\"link \" href=\"https:\/\/www.estrategiasdeinversion.com\/herramientas\/diccionario\/analisis-fundamental\/ebitda-t-304\" rel=\"nofollow noopener\" target=\"_blank\" data-ylk=\"slk:resultado bruto de explotaci\u00f3n (Ebitda);elm:context_link;itc:0;sec:content-canvas\">resultado bruto de explotaci\u00f3n (Ebitda)<\/a> se situ\u00f3 en los 950,9 millones de euros, un 3% m\u00e1s.<\/p>\n","protected":false},"excerpt":{"rendered":"Dividendo y potencial de doble d\u00edgito: las bazas de una acci\u00f3n del Ibex 35 en m\u00ednimos Los cazadores&hellip;\n","protected":false},"author":2,"featured_media":315293,"comment_status":"","ping_status":"","sticky":false,"template":"","format":"standard","meta":{"footnotes":""},"categories":[80],"tags":[63894,1926,82,73829,95,94,25,24,70426,96,62317,23],"class_list":{"0":"post-315292","1":"post","2":"type-post","3":"status-publish","4":"format-standard","5":"has-post-thumbnail","7":"category-economia","8":"tag-12-de-diciembre","9":"tag-accion","10":"tag-business","11":"tag-cifra-de-negocios","12":"tag-economia","13":"tag-economy","14":"tag-es","15":"tag-espana","16":"tag-junta-general-de-accionistas","17":"tag-millones-de-euros","18":"tag-politica-de-dividendos","19":"tag-spain"},"share_on_mastodon":{"url":"https:\/\/pubeurope.com\/@es\/115813178393603167","error":""},"_links":{"self":[{"href":"https:\/\/www.europesays.com\/es\/wp-json\/wp\/v2\/posts\/315292","targetHints":{"allow":["GET"]}}],"collection":[{"href":"https:\/\/www.europesays.com\/es\/wp-json\/wp\/v2\/posts"}],"about":[{"href":"https:\/\/www.europesays.com\/es\/wp-json\/wp\/v2\/types\/post"}],"author":[{"embeddable":true,"href":"https:\/\/www.europesays.com\/es\/wp-json\/wp\/v2\/users\/2"}],"replies":[{"embeddable":true,"href":"https:\/\/www.europesays.com\/es\/wp-json\/wp\/v2\/comments?post=315292"}],"version-history":[{"count":0,"href":"https:\/\/www.europesays.com\/es\/wp-json\/wp\/v2\/posts\/315292\/revisions"}],"wp:featuredmedia":[{"embeddable":true,"href":"https:\/\/www.europesays.com\/es\/wp-json\/wp\/v2\/media\/315293"}],"wp:attachment":[{"href":"https:\/\/www.europesays.com\/es\/wp-json\/wp\/v2\/media?parent=315292"}],"wp:term":[{"taxonomy":"category","embeddable":true,"href":"https:\/\/www.europesays.com\/es\/wp-json\/wp\/v2\/categories?post=315292"},{"taxonomy":"post_tag","embeddable":true,"href":"https:\/\/www.europesays.com\/es\/wp-json\/wp\/v2\/tags?post=315292"}],"curies":[{"name":"wp","href":"https:\/\/api.w.org\/{rel}","templated":true}]}}