{"id":315298,"date":"2025-12-31T08:20:10","date_gmt":"2025-12-31T08:20:10","guid":{"rendered":"https:\/\/www.europesays.com\/es\/315298\/"},"modified":"2025-12-31T08:20:10","modified_gmt":"2025-12-31T08:20:10","slug":"raul-jaen-fue-campeon-absoluto-y-de-dobles","status":"publish","type":"post","link":"https:\/\/www.europesays.com\/es\/315298\/","title":{"rendered":"Ra\u00fal Ja\u00e9n fue campe\u00f3n absoluto y de dobles"},"content":{"rendered":"<p>Concluy\u00f3 con gran brillantez la XXIII edici\u00f3n del Trofeo de Navidad de Tenis El Corte Ingl\u00e9s, que desde el pasado d\u00eda 26 diciembre se desarroll\u00f3 en las pistas que el IMD dispone en el estadio municipal Carlos Belmonte y tambi\u00e9n en el Club Tenis Albacete y en el Tiro La Pulgosa. El \u00e9xito de participaci\u00f3n lo muestra el nuevo r\u00e9cord de 216 inscripciones, la mayor\u00eda de la capital, aunque tambi\u00e9n con tenistas de la provincia y localidades lim\u00edtrofes como Murcia, Alicante, Madrid, Cuenca o Granada.<br \/>Las pruebas absolutas masculina y femenina depar\u00f3 finales albacetenses, que terminaron con los triunfos de Ra\u00fal Ja\u00e9n ante Carlos Santana por 6-4, 6-1 y de Paz Cuenca sobre Llanos Almendros, 6-1, 6-1. Ra\u00fal Ja\u00e9n fue en gran triunfador porque tambi\u00e9n se impuso en la prueba de dobles, formando pareja con David Leal y derrotando en la final a Ra\u00fal Cabezuelo y Antonio C\u00f3rcoles por un doble 6-0. En el doble femenino, Inma Rojas y Ana Lerma\u00a0 doblegaron a Irene Molina y Mar\u00eda L\u00f3pez, 6-3, 6-3. En la prueba de mixtos, Inma Rojas y Jos\u00e9 Pascual Abell\u00e1n ganaron a Elisa Mota y Pedro Mota, 6-3, 6-4.<br \/>En la prueba de veteranos masculino, el ingl\u00e9s afincado en Alfaz del Pi, Scott Suter revalid\u00f3 por tercer a\u00f1o consecutivo el titulo, sin dar opciones al local Miguel \u00c1ngel Gonz\u00e1lez al que gan\u00f3 por 6-0 y 6-0. En categor\u00eda femenina, final albacetense con claro triunfo de Elisa Mota ante Mar\u00eda Consuelo Ortega, 6-0, 6-0.<\/p>\n<p>En categor\u00edas inferiores, benjam\u00edn masculino, \u00c1lvaro Jare\u00f1o, de Villena vence al albacete\u00f1o Jorge Manzano, 4-2, 5-3. En alev\u00edn masculino, victoria del valenciano Marcos Mas ante el albacetense Rodolfo Encarnaci\u00f3n, 2-6, 6-3, 10-8. En alev\u00edn femenino, la albacetense Catalina Pascual ha doblegado a la jugadora de Ayora, Vera Murcia por 6-2, 6-0.\u00a0En la prueba de infantil masculino, el conquense Daniel \u00c1balos se ha impuesto al valenciano Marcos Mas, 6-1, 6-1. En chicas final albacete\u00f1a, Cristina Mart\u00ednez Salinero ha repetido victoria doblegado a Ana S\u00e1nchez, 6-4, 6-3.\u00a0En categor\u00eda cadete masculina, el almanse\u00f1o Pedro Matea se ha impuesto al hellinero Andr\u00e9s Requena por un apretado 6-7, 6-4, 10-6. En chicas, final de albacete\u00f1as, Cristina Mart\u00ednez Salinero ha doblegado a Irene Molina, 6-4, 6-1.\u00a0En j\u00fanior masculino, el conquense \u00c1lvaro G\u00f3mez ha superado al lucense Jaime Espino,7-5, 0-6, 10-8.<\/p>\n<p>En p\u00e1del, todos los finalistas han sido jugadores albacete\u00f1os. En dobles masculino, V\u00edctor Ruiz y Alberto Arias han doblegado a Alejandro Rodr\u00edguez y Abraham S\u00e1nchez, 6-2, 3-6 y 10-6.\u00a0En dobles femenino, victoria de Ana Portero y Cristina Rodenas ante Ana Collado y Elisa Mota, 6-1, 7-6.\u00a0Por \u00faltimo, en dobles mixto, Ana Collado y Alex Campillo se han proclamado campeones tras derrotar a Mar\u00eda Arteaga y Antonio Gald\u00f3n,\u00a06-2, 6-4<\/p>\n<p>La entrega de premios ha tenido lugar en el mercadillo navide\u00f1o de El Corte Ingl\u00e9s en Albacete. A la misma han asistido los concejales Paco Villaescusa, Jacinto Navarro y Lorena Gonz\u00e1lez, Ana Lourdes Valero, gerente del IMD, \u00d3scar de San L\u00e1zaro, director de El Corte Ingl\u00e9s en Albacete, V\u00edctor Hern\u00e1ndez, director de Relaciones Institucionales del citado centro, Elena Mar\u00edn, presidenta del Club Tenis Albacete, y Juli\u00e1n Garc\u00eda, director deportivo del club y Juez \u00c1rbitro de esta competici\u00f3n.<\/p>\n","protected":false},"excerpt":{"rendered":"Concluy\u00f3 con gran brillantez la XXIII edici\u00f3n del Trofeo de Navidad de Tenis El Corte Ingl\u00e9s, que desde&hellip;\n","protected":false},"author":2,"featured_media":315299,"comment_status":"","ping_status":"","sticky":false,"template":"","format":"standard","meta":{"footnotes":""},"categories":[274],"tags":[2545,2206,73830,3671,1942,168,13043,25,24,72862,73831,494,72863,205,1478,2951,23,167,327,326,35972],"class_list":{"0":"post-315298","1":"post","2":"type-post","3":"status-publish","4":"format-standard","5":"has-post-thumbnail","7":"category-tenis","8":"tag-albacete","9":"tag-alicante","10":"tag-ana-sanchez","11":"tag-carlos-santana","12":"tag-cuenca","13":"tag-deportes","14":"tag-el-corte-ingles","15":"tag-es","16":"tag-espana","17":"tag-estadio-carlos-belmonte","18":"tag-francisco-villaescusa","19":"tag-granada","20":"tag-instituto-municipal-de-deportes","21":"tag-madrid","22":"tag-murcia","23":"tag-navidad","24":"tag-spain","25":"tag-sports","26":"tag-tenis","27":"tag-tennis","28":"tag-victor-ruiz"},"share_on_mastodon":{"url":"https:\/\/pubeurope.com\/@es\/115813208735381268","error":""},"_links":{"self":[{"href":"https:\/\/www.europesays.com\/es\/wp-json\/wp\/v2\/posts\/315298","targetHints":{"allow":["GET"]}}],"collection":[{"href":"https:\/\/www.europesays.com\/es\/wp-json\/wp\/v2\/posts"}],"about":[{"href":"https:\/\/www.europesays.com\/es\/wp-json\/wp\/v2\/types\/post"}],"author":[{"embeddable":true,"href":"https:\/\/www.europesays.com\/es\/wp-json\/wp\/v2\/users\/2"}],"replies":[{"embeddable":true,"href":"https:\/\/www.europesays.com\/es\/wp-json\/wp\/v2\/comments?post=315298"}],"version-history":[{"count":0,"href":"https:\/\/www.europesays.com\/es\/wp-json\/wp\/v2\/posts\/315298\/revisions"}],"wp:featuredmedia":[{"embeddable":true,"href":"https:\/\/www.europesays.com\/es\/wp-json\/wp\/v2\/media\/315299"}],"wp:attachment":[{"href":"https:\/\/www.europesays.com\/es\/wp-json\/wp\/v2\/media?parent=315298"}],"wp:term":[{"taxonomy":"category","embeddable":true,"href":"https:\/\/www.europesays.com\/es\/wp-json\/wp\/v2\/categories?post=315298"},{"taxonomy":"post_tag","embeddable":true,"href":"https:\/\/www.europesays.com\/es\/wp-json\/wp\/v2\/tags?post=315298"}],"curies":[{"name":"wp","href":"https:\/\/api.w.org\/{rel}","templated":true}]}}