{"id":31530,"date":"2025-08-07T12:12:11","date_gmt":"2025-08-07T12:12:11","guid":{"rendered":"https:\/\/www.europesays.com\/es\/31530\/"},"modified":"2025-08-07T12:12:11","modified_gmt":"2025-08-07T12:12:11","slug":"la-misma-formula-del-burgos-cf-con-la-solidez-por-bandera","status":"publish","type":"post","link":"https:\/\/www.europesays.com\/es\/31530\/","title":{"rendered":"La misma f\u00f3rmula del Burgos CF con la solidez por bandera"},"content":{"rendered":"<p>El Burgos CF ha mostrado una imagen de solidez absoluta en lo que va de pretemporada y no ha encajado ni un solo tanto en los tres encuentros amistosos que ha disputado hasta la fecha. Un sello de Luis Miguel Ramis que ya se pudo ver en el tramo final de la temporada pasada y que le dio muy buen resultado a los blanquinegros. Todo apunta a que el t\u00e9cnico tarraconense apostar\u00e1 por la misma f\u00f3rmula en la campa\u00f1a que est\u00e1 a punto de empezar y que ser\u00e1 la principal se\u00f1a de identidad de este nuevo Burgos CF.\u00a0<\/p>\n<p>Al contrario que el curso pasado, Ramis est\u00e1 teniendo la oportunidad de cimentar sus ideas desde el inicio y cuenta con buena parte del bloque con el que compiti\u00f3 la temporada anterior. El Burgos CF ha demostrado ser un bloque muy ordenado en los amistosos disputados y, prueba de ello, es que sus rivales apenas le han generado peligro. La solidez de Aitor C\u00f3rdoba y Grego Sierra en el centro de la zaga, unida a dos laterales con recorrido y mucha estabilidad en la medular, convierte a los pupilos de Ramis en un \u00a0equipo muy dif\u00edcil de batir.<\/p>\n<p>En el primer choque del verano, el Barakaldo no gener\u00f3 pr\u00e1cticamente nada en la primera parte, aunque s\u00ed goz\u00f3 de alguna ocasi\u00f3n en la segunda (2-0). Despu\u00e9s, contra la Cultural Leonesa, los blanquinegros no sufrieron nada en un partido bastante feo, en el que se defendieron bien, pero les falt\u00f3 proponer algo m\u00e1s en ataque (0-0). Por \u00faltimo, la \u00faltima prueba ante un rival de nivel como el Eibar se sald\u00f3 con victoria y sin que el cuadro armero hiciera da\u00f1o en la porter\u00eda local m\u00e1s all\u00e1 de alg\u00fan intento en el primer tramo del choque (1-0).<\/p>\n<p>A la espera de recibir este s\u00e1bado al Real Valladolid en el \u00faltimo amistoso de la preparaci\u00f3n, el Burgos CF guarda muchas similitudes con la mejor versi\u00f3n que ofreci\u00f3 la temporada pasada, tambi\u00e9n con Ramis en el banquillo. El entrenador catal\u00e1n est\u00e1 sentando las bases de un proyecto contundente en la parcela defensiva y, a partir de ah\u00ed, ir\u00e1 creciendo en la ofensiva, donde todav\u00eda tiene margen de mejora, algo habitual en este momento del a\u00f1o.<\/p>\n<p>A la espera de la llegada de alg\u00fan fichaje y de incorporar a V\u00edctor Mollejo a la filosof\u00eda del equipo, lo que parece claro es que la Cultural Leonesa se topar\u00e1 el viernes 15 de agosto con un \u00a0bloque rocoso que no concede casi nada a sus adversarios. Desde ah\u00ed, comenzar\u00e1 a crecer el proyecto.<\/p>\n","protected":false},"excerpt":{"rendered":"El Burgos CF ha mostrado una imagen de solidez absoluta en lo que va de pretemporada y no&hellip;\n","protected":false},"author":2,"featured_media":31531,"comment_status":"","ping_status":"","sticky":false,"template":"","format":"standard","meta":{"footnotes":""},"categories":[268],"tags":[12745,10221,168,25,24,280,282,12747,16524,5298,8678,281,23,167],"class_list":{"0":"post-31530","1":"post","2":"type-post","3":"status-publish","4":"format-standard","5":"has-post-thumbnail","7":"category-futbol","8":"tag-aitor-cordoba","9":"tag-burgos-cf","10":"tag-deportes","11":"tag-es","12":"tag-espana","13":"tag-football","14":"tag-futbol","15":"tag-grego-sierra","16":"tag-luis-miguel-ramis","17":"tag-real-valladolid-cf","18":"tag-sd-eibar","19":"tag-soccer","20":"tag-spain","21":"tag-sports"},"share_on_mastodon":{"url":"","error":""},"_links":{"self":[{"href":"https:\/\/www.europesays.com\/es\/wp-json\/wp\/v2\/posts\/31530","targetHints":{"allow":["GET"]}}],"collection":[{"href":"https:\/\/www.europesays.com\/es\/wp-json\/wp\/v2\/posts"}],"about":[{"href":"https:\/\/www.europesays.com\/es\/wp-json\/wp\/v2\/types\/post"}],"author":[{"embeddable":true,"href":"https:\/\/www.europesays.com\/es\/wp-json\/wp\/v2\/users\/2"}],"replies":[{"embeddable":true,"href":"https:\/\/www.europesays.com\/es\/wp-json\/wp\/v2\/comments?post=31530"}],"version-history":[{"count":0,"href":"https:\/\/www.europesays.com\/es\/wp-json\/wp\/v2\/posts\/31530\/revisions"}],"wp:featuredmedia":[{"embeddable":true,"href":"https:\/\/www.europesays.com\/es\/wp-json\/wp\/v2\/media\/31531"}],"wp:attachment":[{"href":"https:\/\/www.europesays.com\/es\/wp-json\/wp\/v2\/media?parent=31530"}],"wp:term":[{"taxonomy":"category","embeddable":true,"href":"https:\/\/www.europesays.com\/es\/wp-json\/wp\/v2\/categories?post=31530"},{"taxonomy":"post_tag","embeddable":true,"href":"https:\/\/www.europesays.com\/es\/wp-json\/wp\/v2\/tags?post=31530"}],"curies":[{"name":"wp","href":"https:\/\/api.w.org\/{rel}","templated":true}]}}