{"id":315308,"date":"2025-12-31T08:28:07","date_gmt":"2025-12-31T08:28:07","guid":{"rendered":"https:\/\/www.europesays.com\/es\/315308\/"},"modified":"2025-12-31T08:28:07","modified_gmt":"2025-12-31T08:28:07","slug":"michael-j-fox-reaparece-delante-de-las-camaras-en-el-primer-trailer-de-terapia-sin-filtro-temporada-3","status":"publish","type":"post","link":"https:\/\/www.europesays.com\/es\/315308\/","title":{"rendered":"Michael J. Fox reaparece delante de las c\u00e1maras en el primer tr\u00e1iler de &#8216;Terapia sin filtro&#8217; temporada 3"},"content":{"rendered":"<p>Apple TV ha presentado el <b>tr\u00e1iler<\/b> de la <a href=\"https:\/\/www.larazon.es\/television\/programas\/rtve-rescata-ultima-grabacion-mayra-gomez-kemp-despedida-camaras_2025102168ee58320e3c6c509839aae8.html\" rel=\"nofollow noopener\" target=\"_blank\">tercera temporada<\/a> de Terapia sin filtro, su comedia nominada al Emmy creada por Bill Lawrence, Brett Goldstein y Jason Segel. La serie regresar\u00e1 a la plataforma el pr\u00f3ximo <b>28 de enero de 2026<\/b> con un episodio de estreno de una hora de duraci\u00f3n, al que seguir\u00e1n nuevos cap\u00edtulos cada mi\u00e9rcoles <b>hasta el 8 de abril<\/b>.<\/p>\n<p>La nueva temporada volver\u00e1 a estar <b>encabezada por Jason Segel y Harrison Ford<\/b>, acompa\u00f1ados por Christa Miller, Jessica Williams, Luke Tennie, Michael Urie, Lukita Maxwell y Ted McGinley. A ellos <b>se suman varios nombres destacados<\/b> como <b>estrellas invitadas<\/b>, entre los que se encuentran el propio Brett Goldstein, Damon Wayans Jr., Wendie Malick, Cobie Smulders, Jeff Daniels <a href=\"https:\/\/www.larazon.es\/videojuegos\/michael-fox-confeso-que-todo-fue-perfecto-casting-regreso-futuro-precio-oculto-ser-marty-mcfly_2025121169396cd9cc0f8a3219a568dd.html\" rel=\"nofollow noopener\" target=\"_blank\">y Michael J. Fox<\/a>.<\/p>\n<p>Primer adelanto en v\u00eddeo<\/p>\n<p>El tr\u00e1iler adelanta que la serie continuar\u00e1 profundizando en el <b>delicado equilibrio entre comedia y drama<\/b> que la ha convertido en uno de los <b>t\u00edtulos m\u00e1s valorados<\/b> del cat\u00e1logo de Apple TV.<\/p>\n<p>Terapia sin filtro sigue a <b>Jimmy, un terapeuta en duelo<\/b> que decide romper las normas de su profesi\u00f3n y <b>decir a sus pacientes exactamente lo que piensa<\/b>, provocando cambios radicales en sus vidas y en la suya propia. En esta tercera temporada, las <b>consecuencias de ese enfoque<\/b> seguir\u00e1n estando muy presentes.<\/p>\n<p>El personaje de Michael J. Fox<\/p>\n<p>Uno de los momentos m\u00e1s esperados del adelanto es la <b>aparici\u00f3n de Michael J. Fox<\/b>, que marca su <b>regreso a la interpretaci\u00f3n<\/b> tras haberse apartado de la actuaci\u00f3n en 2020 debido a los problemas de habla derivados de su <b>diagn\u00f3stico de p\u00e1rkinson<\/b>.<\/p>\n<p>En el tr\u00e1iler se le ve <b>compartiendo una escena con el personaje de Harrison Ford<\/b>, Paul Rhoades, en la sala de espera de un centro m\u00e9dico. El intercambio, cargado de <b>humor seco<\/b>, conecta directamente con <b>la trama de Paul, que convive con la enfermedad<\/b> desde la primera temporada y ha ido afrontando progresivamente su impacto.<\/p>\n<p>La incorporaci\u00f3n de Fox tiene adem\u00e1s un fuerte <b>componente simb\u00f3lico<\/b>, ya que supone su <b>reencuentro con Bill Lawrence<\/b>, con quien trabaj\u00f3 durante a\u00f1os en la serie Spin City y m\u00e1s tarde en un recordado arco de episodios de Scrubs.<\/p>\n","protected":false},"excerpt":{"rendered":"Apple TV ha presentado el tr\u00e1iler de la tercera temporada de Terapia sin filtro, su comedia nominada al&hellip;\n","protected":false},"author":2,"featured_media":315309,"comment_status":"","ping_status":"","sticky":false,"template":"","format":"standard","meta":{"footnotes":""},"categories":[171],"tags":[146,147,25,24,23,214],"class_list":{"0":"post-315308","1":"post","2":"type-post","3":"status-publish","4":"format-standard","5":"has-post-thumbnail","7":"category-tv","8":"tag-entertainment","9":"tag-entretenimiento","10":"tag-es","11":"tag-espana","12":"tag-spain","13":"tag-tv"},"share_on_mastodon":{"url":"https:\/\/pubeurope.com\/@es\/115813240240873354","error":""},"_links":{"self":[{"href":"https:\/\/www.europesays.com\/es\/wp-json\/wp\/v2\/posts\/315308","targetHints":{"allow":["GET"]}}],"collection":[{"href":"https:\/\/www.europesays.com\/es\/wp-json\/wp\/v2\/posts"}],"about":[{"href":"https:\/\/www.europesays.com\/es\/wp-json\/wp\/v2\/types\/post"}],"author":[{"embeddable":true,"href":"https:\/\/www.europesays.com\/es\/wp-json\/wp\/v2\/users\/2"}],"replies":[{"embeddable":true,"href":"https:\/\/www.europesays.com\/es\/wp-json\/wp\/v2\/comments?post=315308"}],"version-history":[{"count":0,"href":"https:\/\/www.europesays.com\/es\/wp-json\/wp\/v2\/posts\/315308\/revisions"}],"wp:featuredmedia":[{"embeddable":true,"href":"https:\/\/www.europesays.com\/es\/wp-json\/wp\/v2\/media\/315309"}],"wp:attachment":[{"href":"https:\/\/www.europesays.com\/es\/wp-json\/wp\/v2\/media?parent=315308"}],"wp:term":[{"taxonomy":"category","embeddable":true,"href":"https:\/\/www.europesays.com\/es\/wp-json\/wp\/v2\/categories?post=315308"},{"taxonomy":"post_tag","embeddable":true,"href":"https:\/\/www.europesays.com\/es\/wp-json\/wp\/v2\/tags?post=315308"}],"curies":[{"name":"wp","href":"https:\/\/api.w.org\/{rel}","templated":true}]}}