{"id":31532,"date":"2025-08-07T12:13:09","date_gmt":"2025-08-07T12:13:09","guid":{"rendered":"https:\/\/www.europesays.com\/es\/31532\/"},"modified":"2025-08-07T12:13:09","modified_gmt":"2025-08-07T12:13:09","slug":"la-razon-por-la-que-kate-middleton-ha-interrumpido-sus-vacaciones","status":"publish","type":"post","link":"https:\/\/www.europesays.com\/es\/31532\/","title":{"rendered":"La raz\u00f3n por la que Kate Middleton ha interrumpido sus vacaciones"},"content":{"rendered":"<p data-start=\"449\" data-end=\"994\">Mientras disfruta de unas vacaciones privadas junto al <strong>pr\u00edncipe Guillermo<\/strong> y sus hijos, George, Charlotte y Louis, <strong>Kate Middleton<\/strong> ha decidido reaparecer en las redes por una raz\u00f3n de peso: <a href=\"https:\/\/okdiario.com\/look\/actualidad\/kate-middleton-principe-guillermo-llegan-wimbledon-publico-reacciona-manera-unanime-2337224\" rel=\"nofollow noopener\" target=\"_blank\">su compromiso con el desarrollo infantil.<\/a> La princesa de Gales ha vuelto a ocupar los focos, esta vez no por actos oficiales ni cuestiones personales, sino por el lanzamiento de una serie de v\u00eddeos animados vinculados al proyecto <strong data-start=\"905\" data-end=\"926\">Early Childhood<\/strong>, una de las iniciativas m\u00e1s importantes de su agenda institucional.<\/p>\n<p data-start=\"996\" data-end=\"1446\">Kate, de 43 a\u00f1os, ha participado activamente en esta campa\u00f1a que busca concienciar sobre<strong> la importancia de los primeros a\u00f1os de vida en el desarrollo emocional y cerebral de los ni\u00f1os.<\/strong> A trav\u00e9s de las redes sociales de los pr\u00edncipes de Gales y de la propia iniciativa Early Childhood, se ha compartido contenido audiovisual en el que se explica, de manera accesible, c\u00f3mo las interacciones cotidianas con adultos de referencia influyen directamente en el bienestar futuro de los m\u00e1s peque\u00f1os. <strong>\u00abQueremos celebrar el extraordinario valor de los momentos cotidianos de conexi\u00f3n, que importan m\u00e1s que nunca en un mundo que cambia r\u00e1pidamente\u00bb<\/strong>, declara Middleton en uno de los mensajes que acompa\u00f1a a los v\u00eddeos, <strong>que fueron grabados hace algunas semanas, aunque ha sido ahora cuando han visto la luz.<\/strong><\/p>\n<blockquote class=\"instagram-media\" style=\"background: #FFF; border: 0; border-radius: 3px; box-shadow: 0 0 1px 0 rgba(0,0,0,0.5),0 1px 10px 0 rgba(0,0,0,0.15); margin: 1px; max-width: 540px; min-width: 326px; padding: 0; width: calc(100% - 2px);\" data-instgrm-captioned=\"\" data-instgrm-permalink=\"https:\/\/www.instagram.com\/reel\/DNASANOt7Wp\/?utm_source=ig_embed&amp;utm_campaign=loading\" data-instgrm-version=\"14\">\n<\/blockquote>\n<p data-start=\"1666\" data-end=\"2180\">Esta reaparici\u00f3n cobra a\u00fan m\u00e1s significado si se tiene en cuenta el contexto personal que atraviesa. Hace apenas unos meses, la propia Kate Middleton confirmaba en una visita no anunciada al mismo centro hospitalario en el que fue tratada que se encontraba en <strong data-start=\"1858\" data-end=\"1879\">remisi\u00f3n completa<\/strong> de su enfermedad. Durante todo este proceso, tanto Kate como Guillermo han priorizado su salud y la estabilidad de sus hijos por encima de cualquier acto institucional, una decisi\u00f3n que fue entendida y respaldada por la sociedad brit\u00e1nica.<\/p>\n<p data-start=\"2182\" data-end=\"2592\">Aun as\u00ed, la princesa no ha desconectado por completo de sus compromisos. De hecho, se ha sabido que durante el desarrollo de este proyecto ha mantenido encuentros con expertos, ilustradores y equipos de investigaci\u00f3n para dar forma a las animaciones. Compromisos m\u00e1s privados que se han anunciado a posteriori en la Circular de la Corte.<\/p>\n<p data-start=\"2182\" data-end=\"2592\">El objetivo de los proyectos que lleva a cabo Early Childhood se centran en sensibilizar a padres, docentes y cuidadores sobre el impacto real que tienen sus gestos y palabras en los primeros cinco a\u00f1os de vida de un ni\u00f1o. <strong>\u00abLa primera infancia es una oportunidad sagrada para transformar nuestras sociedades<\/strong> y criar ni\u00f1os emocionalmente fuertes y resilientes\u00bb, ha afirmado en m\u00e1s de una ocasi\u00f3n la princesa.<\/p>\n<p>\n<img decoding=\"async\" loading=\"lazy\" class=\"size-full wp-image-2352806\" alt=\"Kate Middleton en uno de sus compromisos oficiales. (Foto: RRSS)\" width=\"1440\" height=\"2560\"  src=\"https:\/\/www.europesays.com\/es\/wp-content\/uploads\/2025\/08\/placeholder.jpg\"  bad-src=\"https:\/\/www.europesays.com\/es\/wp-content\/uploads\/2025\/08\/placeholder.jpg\"\/><\/p>\n<p><img decoding=\"async\" loading=\"lazy\" class=\"size-full wp-image-2352806\" src=\"https:\/\/www.europesays.com\/es\/wp-content\/uploads\/2025\/08\/captura-de-pantalla-2025-08-06-174455-scaled.jpg\" alt=\"Kate Middleton en uno de sus compromisos oficiales. (Foto: RRSS)\" width=\"1440\" height=\"2560\"  \/><\/p>\n<p> Kate Middleton en uno de sus compromisos oficiales. (Foto: RRSS)\n<\/p>\n<p data-start=\"2770\" data-end=\"3165\">Esta implicaci\u00f3n no es nueva. Ya antes de su diagn\u00f3stico, <a href=\"https:\/\/okdiario.com\/look\/actualidad\/deseado-encuentro-kate-middleton-rey-felipe-gracias-exito-carlos-alcaraz-2336756\" rel=\"nofollow noopener\" target=\"_blank\">Kate hab\u00eda mostrado una firme vocaci\u00f3n hacia causas relacionadas con la salud mental<\/a>, las adicciones y el desarrollo emocional en las primeras etapas de la vida de los ni\u00f1os. Fue precisamente a ra\u00edz de sus visitas a centros especializados cuando detect\u00f3 que muchas de las dificultades que enfrentan los adultos se originan en experiencias inestables o traum\u00e1ticas durante su infancia. Adem\u00e1s del enfoque emocional, la reaparici\u00f3n tambi\u00e9n ha generado inter\u00e9s por otros motivos. En las im\u00e1genes difundidas, se puede ver a la princesa luciendo un <strong data-start=\"3326\" data-end=\"3376\">traje verde botella de la firma Veronica Beard<\/strong>, una de sus marcas fetiche. Un estilismo elegante y sobrio, perfecto para la ocasi\u00f3n, que ha vuelto a reafirmar su estatus como <strong>icono de estilo real<\/strong>.<\/p>\n<p data-start=\"3532\" data-end=\"4018\">En paralelo, los rumores sobre una posible mudanza tambi\u00e9n han vuelto a cobrar fuerza. Aunque la familia contin\u00faa residiendo en el Adelaide Cottage, en Windsor, medios brit\u00e1nicos aseguran que <strong data-start=\"3717\" data-end=\"3735\">estar\u00edan pensando en un traslado a otra de las hist\u00f3ricas residencias de Windsor, ya que la casita en la que est\u00e1n en la actualidad se les queda un poco peque\u00f1a.<\/strong> No obstante, se trata de un detalle que no est\u00e1 confirmado porque, de hecho, otras fuentes mantienen que est\u00e1n planteando una ampliaci\u00f3n en uno de los edificios cercanos a la casa.<\/p>\n<p>\t\t\t\t\t\t\t<script async src=\"\/\/www.instagram.com\/embed.js\"><\/script><\/p>\n","protected":false},"excerpt":{"rendered":"Mientras disfruta de unas vacaciones privadas junto al pr\u00edncipe Guillermo y sus hijos, George, Charlotte y Louis, Kate&hellip;\n","protected":false},"author":2,"featured_media":31533,"comment_status":"","ping_status":"","sticky":false,"template":"","format":"standard","meta":{"footnotes":""},"categories":[174],"tags":[255,146,147,25,24,256,16525,23],"class_list":{"0":"post-31532","1":"post","2":"type-post","3":"status-publish","4":"format-standard","5":"has-post-thumbnail","7":"category-famosos","8":"tag-celebrities","9":"tag-entertainment","10":"tag-entretenimiento","11":"tag-es","12":"tag-espana","13":"tag-famosos","14":"tag-middleton","15":"tag-spain"},"share_on_mastodon":{"url":"","error":""},"_links":{"self":[{"href":"https:\/\/www.europesays.com\/es\/wp-json\/wp\/v2\/posts\/31532","targetHints":{"allow":["GET"]}}],"collection":[{"href":"https:\/\/www.europesays.com\/es\/wp-json\/wp\/v2\/posts"}],"about":[{"href":"https:\/\/www.europesays.com\/es\/wp-json\/wp\/v2\/types\/post"}],"author":[{"embeddable":true,"href":"https:\/\/www.europesays.com\/es\/wp-json\/wp\/v2\/users\/2"}],"replies":[{"embeddable":true,"href":"https:\/\/www.europesays.com\/es\/wp-json\/wp\/v2\/comments?post=31532"}],"version-history":[{"count":0,"href":"https:\/\/www.europesays.com\/es\/wp-json\/wp\/v2\/posts\/31532\/revisions"}],"wp:featuredmedia":[{"embeddable":true,"href":"https:\/\/www.europesays.com\/es\/wp-json\/wp\/v2\/media\/31533"}],"wp:attachment":[{"href":"https:\/\/www.europesays.com\/es\/wp-json\/wp\/v2\/media?parent=31532"}],"wp:term":[{"taxonomy":"category","embeddable":true,"href":"https:\/\/www.europesays.com\/es\/wp-json\/wp\/v2\/categories?post=31532"},{"taxonomy":"post_tag","embeddable":true,"href":"https:\/\/www.europesays.com\/es\/wp-json\/wp\/v2\/tags?post=31532"}],"curies":[{"name":"wp","href":"https:\/\/api.w.org\/{rel}","templated":true}]}}