{"id":315322,"date":"2025-12-31T08:35:08","date_gmt":"2025-12-31T08:35:08","guid":{"rendered":"https:\/\/www.europesays.com\/es\/315322\/"},"modified":"2025-12-31T08:35:08","modified_gmt":"2025-12-31T08:35:08","slug":"amper-vende-el-25-de-elinsa-a-cofides-por-412-millones-de-euros","status":"publish","type":"post","link":"https:\/\/www.europesays.com\/es\/315322\/","title":{"rendered":"Amper vende el 25% de Elinsa a Cofides por 41,2 millones de euros"},"content":{"rendered":"<p>    <img fetchpriority=\"high\" decoding=\"async\" src=\"data:image\/gif;base64,R0lGODlhAQABAIAAAAAAAP\/\/\/ywAAAAAAQABAAACAUwAOw==\" alt=\"Amper vende el 25% de Elinsa a Cofides por 41,2 millones de euros\" loading=\"eager\" height=\"458\" width=\"816\" class=\"yf-lglytj loader\"\/> Amper vende el 25% de Elinsa a Cofides por 41,2 millones de euros      <\/p>\n<p class=\"yf-7hmkaz\">La empresa tecnol\u00f3gica <a class=\"link \" href=\"https:\/\/www.estrategiasdeinversion.com\/cotizaciones\/indices\/mercado-continuo\/amper\" rel=\"nofollow noopener\" target=\"_blank\" data-ylk=\"slk:Amper;elm:context_link;itc:0;sec:content-canvas\">Amper<\/a>\u00a0ha concretado la venta del 25% de su filial Elinsa (Electrot\u00e9cnica Industrial y Naval) a la entidad p\u00fablico-privada Compa\u00f1\u00eda Espa\u00f1ola de Financiaci\u00f3n del Desarrollo (Cofides) por un total de 41,2 millones de euros. Esta transacci\u00f3n, que ha sido comunicada a trav\u00e9s de la Comisi\u00f3n Nacional del Mercado de Valores (CNMV), tiene como objetivo principal fortalecer las operaciones de Amper tanto en Galicia como en Brasil.<\/p>\n<p class=\"yf-7hmkaz\">Seg\u00fan lo informado,<strong> Cofides ha realizado esta inversi\u00f3n a trav\u00e9s del fondo FIEX<\/strong> (Fondo para Inversiones en el Exterior), mediante un aumento de capital dinerario en Elinsa. Esta adquisici\u00f3n permitir\u00e1 a Cofides obtener una participaci\u00f3n del 25% en la compa\u00f1\u00eda. La inversi\u00f3n de Cofides se suma a las realizadas previamente por Amper y est\u00e1 destinada a impulsar el desarrollo conjunto de diversos proyectos estrat\u00e9gicos.<\/p>\n<ol class=\"yf-h8k6hx\">\n<li class=\"yf-h8k6hx\">\n<p class=\"yf-7hmkaz\"><strong>Nueva planta en Galicia<\/strong>: Se tiene prevista la construcci\u00f3n de una nueva planta en el pol\u00edgono de Mor\u00e1s, en Arteixo, con el prop\u00f3sito de duplicar la capacidad de fabricaci\u00f3n de equipos de electr\u00f3nica de potencia para la inversi\u00f3n y almacenamiento de energ\u00eda. Estos productos ser\u00e1n destinados principalmente a mercados internacionales.<\/p>\n<\/li>\n<li class=\"yf-h8k6hx\">\n<p class=\"yf-7hmkaz\"><strong>Segunda planta complementaria<\/strong>: Adem\u00e1s, se contempla la inversi\u00f3n en una segunda planta que complemente las capacidades de la nueva f\u00e1brica de Mor\u00e1s, anticip\u00e1ndose a la alta demanda global esperada y a la evoluci\u00f3n del mercado.<\/p>\n<\/li>\n<li class=\"yf-h8k6hx\">\n<p class=\"yf-7hmkaz\"><strong>Programa de digitalizaci\u00f3n industrial<\/strong>: Se implementar\u00e1 un programa de digitalizaci\u00f3n industrial vinculado a la nueva f\u00e1brica, que incluir\u00e1 soluciones tecnol\u00f3gicas para mejorar la integraci\u00f3n y trazabilidad del proceso productivo.<\/p>\n<\/li>\n<li class=\"yf-h8k6hx\">\n<p class=\"yf-7hmkaz\"><strong>Desarrollo tecnol\u00f3gico en almacenamiento energ\u00e9tico<\/strong>: Se pondr\u00e1 en marcha un programa para la gesti\u00f3n, integraci\u00f3n y ensamblaje de sistemas de almacenamiento energ\u00e9tico, orientado a soluciones modulares de entre 20 kWh y 1 MWh.<\/p>\n<\/li>\n<\/ol>\n<p class=\"yf-7hmkaz\">Adem\u00e1s de fortalecer las operaciones en Galicia, los fondos obtenidos se destinar\u00e1n a reforzar los activos industriales y tecnol\u00f3gicos de Elinsa en Brasil. Amper tiene grandes expectativas de crecimiento en este mercado, donde busca posicionarse estrat\u00e9gicamente a trav\u00e9s de acuerdos con empresas como el grupo Equatorial, una de las principales &#8216;utilities&#8217; del pa\u00eds.<\/p>\n<p class=\"yf-7hmkaz\">Estas inversiones, canalizadas a trav\u00e9s de Elinsa, contribuir\u00e1n significativamente a consolidar la posici\u00f3n de Amper como l\u00edder en la gesti\u00f3n y almacenamiento de energ\u00eda de uso dual, con aplicaciones tanto en el \u00e1mbito civil como en el mercado de la defensa y la seguridad nacional. La empresa se encuentra enfocada en seguir innovando y expandiendo sus operaciones, aprovechando las oportunidades de crecimiento que ofrecen los mercados tanto nacional como internacional.<\/p>\n","protected":false},"excerpt":{"rendered":"Amper vende el 25% de Elinsa a Cofides por 41,2 millones de euros La empresa tecnol\u00f3gica Amper\u00a0ha concretado&hellip;\n","protected":false},"author":2,"featured_media":315323,"comment_status":"","ping_status":"","sticky":false,"template":"","format":"standard","meta":{"footnotes":""},"categories":[80],"tags":[73329,82,73703,95,94,73833,25,24,96,73832,23],"class_list":{"0":"post-315322","1":"post","2":"type-post","3":"status-publish","4":"format-standard","5":"has-post-thumbnail","7":"category-economia","8":"tag-amper","9":"tag-business","10":"tag-cofides","11":"tag-economia","12":"tag-economy","13":"tag-electronica-de-potencia","14":"tag-es","15":"tag-espana","16":"tag-millones-de-euros","17":"tag-sistemas-de-almacenamiento","18":"tag-spain"},"share_on_mastodon":{"url":"https:\/\/pubeurope.com\/@es\/115813267759902227","error":""},"_links":{"self":[{"href":"https:\/\/www.europesays.com\/es\/wp-json\/wp\/v2\/posts\/315322","targetHints":{"allow":["GET"]}}],"collection":[{"href":"https:\/\/www.europesays.com\/es\/wp-json\/wp\/v2\/posts"}],"about":[{"href":"https:\/\/www.europesays.com\/es\/wp-json\/wp\/v2\/types\/post"}],"author":[{"embeddable":true,"href":"https:\/\/www.europesays.com\/es\/wp-json\/wp\/v2\/users\/2"}],"replies":[{"embeddable":true,"href":"https:\/\/www.europesays.com\/es\/wp-json\/wp\/v2\/comments?post=315322"}],"version-history":[{"count":0,"href":"https:\/\/www.europesays.com\/es\/wp-json\/wp\/v2\/posts\/315322\/revisions"}],"wp:featuredmedia":[{"embeddable":true,"href":"https:\/\/www.europesays.com\/es\/wp-json\/wp\/v2\/media\/315323"}],"wp:attachment":[{"href":"https:\/\/www.europesays.com\/es\/wp-json\/wp\/v2\/media?parent=315322"}],"wp:term":[{"taxonomy":"category","embeddable":true,"href":"https:\/\/www.europesays.com\/es\/wp-json\/wp\/v2\/categories?post=315322"},{"taxonomy":"post_tag","embeddable":true,"href":"https:\/\/www.europesays.com\/es\/wp-json\/wp\/v2\/tags?post=315322"}],"curies":[{"name":"wp","href":"https:\/\/api.w.org\/{rel}","templated":true}]}}