{"id":315336,"date":"2025-12-31T08:52:11","date_gmt":"2025-12-31T08:52:11","guid":{"rendered":"https:\/\/www.europesays.com\/es\/315336\/"},"modified":"2025-12-31T08:52:11","modified_gmt":"2025-12-31T08:52:11","slug":"jaime-bayly-su-hija-paola-bayly-se-casa-en-boda-intima-y-emociona-al-compartir-emotivo-momento-al-lado-de-su-padre-sandra-maias-fotos-farandula-espectaculos","status":"publish","type":"post","link":"https:\/\/www.europesays.com\/es\/315336\/","title":{"rendered":"Jaime Bayly | Su hija, Paola Bayly, se casa en boda \u00edntima y emociona al compartir emotivo momento al lado de su padre | Sandra Ma\u00edas | fotos | far\u00e1ndula | ESPECTACULOS"},"content":{"rendered":"<p itemprop=\"description\" class=\"story-contents__font-paragraph \"><b>Paola Bayly<\/b>, hija de <a itemprop=\"url\" href=\"https:\/\/trome.com\/espectaculos\/tv\/jaime-bayly-sorprende-con-inesperada-confesion-sobre-el-y-su-esposa-estaba-seguro-de-que-estaba-embarazada-foto-video-farandula-noticia\/\" target=\"_self\" rel=\"nofollow noopener\" title=\"https:\/\/trome.com\/espectaculos\/tv\/jaime-bayly-sorprende-con-inesperada-confesion-sobre-el-y-su-esposa-estaba-seguro-de-que-estaba-embarazada-foto-video-farandula-noticia\/\">Jaime Bayly <\/a>y<b> Sandra Mas\u00edas<\/b>, se cas\u00f3 en una ceremonia \u00edntima que reuni\u00f3 a su c\u00edrculo m\u00e1s cercano. La joven de 30 a\u00f1os comparti\u00f3 este momento especial a trav\u00e9s de su cuenta de Instagram, donde public\u00f3 una serie de fotograf\u00edas del enlace acompa\u00f1adas de un breve mensaje.<\/p>\n<p itemprop=\"description\" class=\"story-contents__font-paragraph \">En las im\u00e1genes difundidas se observa a la novia celebrando junto a sus padres, quienes reaparecieron juntos para acompa\u00f1arla en este nuevo cap\u00edtulo de su vida. La publicaci\u00f3n incluy\u00f3 la frase \u201cSalud por nosotros\u201d, que acompa\u00f1\u00f3 las postales del evento y r\u00e1pidamente gener\u00f3 reacciones entre sus seguidores.<\/p>\n<p><img loading=\"lazy\" src=\"https:\/\/www.europesays.com\/es\/wp-content\/uploads\/2025\/12\/E6PXK4BW4BAV3JQHIXNRTAY4JM.jpg\" alt=\"\" decoding=\"async\" class=\"lazy story-contents__image w-full o-cover\" style=\"--aspect-ratio:1200\/700\" width=\"1200\" height=\"700\"\/><\/p>\n<p itemprop=\"description\" class=\"story-contents__font-paragraph \">La boda se realiz\u00f3 de manera reservada y tuvo lugar el pasado 12 de noviembre de 2025, aunque las fotograf\u00edas fueron compartidas reci\u00e9n en diciembre. La discreci\u00f3n del evento estuvo alineada con el perfil bajo que suele mantener Paola Bayly en su vida personal.<\/p>\n<p itemprop=\"description\" class=\"story-contents__font-paragraph \">En una de las fotograf\u00edas se puede ver a Jaime y a Sandra Mas\u00edas sonrientes y compartiendo juntos durante la ceremonia, pese a que ambos mantienen sus vidas por separado desde hace varios a\u00f1os.<\/p>\n<p><img loading=\"lazy\" src=\"https:\/\/www.europesays.com\/es\/wp-content\/uploads\/2025\/12\/5UCJQQRB3RCRVOMKR3BF3D5QNM.jpg\" alt=\"\" decoding=\"async\" class=\"lazy story-contents__image w-full o-cover\" style=\"--aspect-ratio:1200\/700\" width=\"1200\" height=\"700\"\/><b>Emotivo reencuentro familiar marc\u00f3 la boda de Paola Bayly<\/b><\/p>\n<p itemprop=\"description\" class=\"story-contents__font-paragraph \">La ceremonia se desarroll\u00f3 en un ambiente privado, acorde al estilo de la novia, quien actualmente reside en Nueva York. La presencia de ambos padres en un mismo espacio llam\u00f3 la atenci\u00f3n, considerando la historia medi\u00e1tica que rode\u00f3 su separaci\u00f3n.<\/p>\n<p itemprop=\"description\" class=\"story-contents__font-paragraph \">Uno de los detalles que no pas\u00f3 desapercibido fue la ausencia de Silvia N\u00fa\u00f1ez del Arco, actual pareja del escritor y madre de su hija menor. Seg\u00fan se aprecia en las im\u00e1genes, el evento cont\u00f3 \u00fanicamente con la participaci\u00f3n de los padres de la novia.<\/p>\n<p itemprop=\"description\" class=\"story-contents__font-paragraph \">Paola Bayly es la segunda hija del escritor peruano y cuenta con una destacada formaci\u00f3n acad\u00e9mica. Estudi\u00f3 Relaciones Internacionales en The London School of Economics and Political Science y posteriormente curs\u00f3 Estudios Ambientales en Colgate University, seg\u00fan la informaci\u00f3n disponible en su perfil profesional.<\/p>\n<p itemprop=\"description\" class=\"story-contents__font-paragraph \">En el \u00e1mbito laboral, trabaja en Google como account strategist. En una columna publicada en el diario ABC, Jaime Bayly expres\u00f3 su orgullo por la carrera de su hija al se\u00f1alar: \u201cTrabaja en una empresa de vanguardia tecnol\u00f3gica y cobra una fortuna, mucho m\u00e1s de lo que gana su padre en la televisi\u00f3n\u201d.<\/p>\n<p><img loading=\"lazy\" src=\"https:\/\/www.europesays.com\/es\/wp-content\/uploads\/2025\/12\/WAWGCW7FENCPRNWNAAU5KOKST4.jpg\" alt=\"\" decoding=\"async\" class=\"lazy story-contents__image w-full o-cover\" style=\"--aspect-ratio:1200\/700\" width=\"1200\" height=\"700\"\/><b>TE PUEDE INTERESAR:<\/b>SOBRE EL AUTOR<a itemprop=\"url\" href=\"https:\/\/trome.com\/autor\/redaccion-farandula\/\" target=\"_blank\" rel=\"noreferrer nofollow noopener\"><img src=\"https:\/\/www.europesays.com\/es\/wp-content\/uploads\/2025\/12\/https:\/\/s3.amazonaws.com\/arc-authors\/elcomercio\/60f1ba02-0012-4ed9-81e1-31cc5411d04c.jpg\" alt=\"Redacci\u00f3n Far\u00e1ndula\" decoding=\"async\" class=\"lazy story-contents__about-author-image lazy\"\/><\/a><a class=\"story-contents__about-author-social-icon\" href=\"https:\/\/twitter.com\/tromepe\" itemprop=\"url\" rel=\"noreferrer nofollow noopener\" aria-label=\"Leer mas contenido del autor en twitter\" target=\"_blank\"><img loading=\"lazy\" decoding=\"async\" src=\"https:\/\/cdna.trome.com\/resources\/dist\/tromecom\/images\/svgto_x_dark_op.png\" alt=\"x-twitter\" width=\"18\" height=\"18\"\/><\/a><\/p>\n<p class=\"story-contents__about-author-bio\">Somos el mejor equipo tras la far\u00e1ndula peruana. De &#8216;Chollywood&#8217;, con amor. Historias confirmadas, contrastadas y verificadas. Porque tu entretenimiento es una cosa muy seria para nosotros.<\/p>\n<p><script async src=\"https:\/\/platform.twitter.com\/widgets.js\" charset=\"utf-8\"><\/script><\/p>\n","protected":false},"excerpt":{"rendered":"Paola Bayly, hija de Jaime Bayly y Sandra Mas\u00edas, se cas\u00f3 en una ceremonia \u00edntima que reuni\u00f3 a&hellip;\n","protected":false},"author":2,"featured_media":315337,"comment_status":"","ping_status":"","sticky":false,"template":"","format":"standard","meta":{"footnotes":""},"categories":[174],"tags":[255,146,147,25,24,256,73836,73837,73838,23],"class_list":{"0":"post-315336","1":"post","2":"type-post","3":"status-publish","4":"format-standard","5":"has-post-thumbnail","7":"category-famosos","8":"tag-celebrities","9":"tag-entertainment","10":"tag-entretenimiento","11":"tag-es","12":"tag-espana","13":"tag-famosos","14":"tag-jaime-bayly","15":"tag-paola-bayly","16":"tag-sandra-masias","17":"tag-spain"},"share_on_mastodon":{"url":"https:\/\/pubeurope.com\/@es\/115813334710203580","error":""},"_links":{"self":[{"href":"https:\/\/www.europesays.com\/es\/wp-json\/wp\/v2\/posts\/315336","targetHints":{"allow":["GET"]}}],"collection":[{"href":"https:\/\/www.europesays.com\/es\/wp-json\/wp\/v2\/posts"}],"about":[{"href":"https:\/\/www.europesays.com\/es\/wp-json\/wp\/v2\/types\/post"}],"author":[{"embeddable":true,"href":"https:\/\/www.europesays.com\/es\/wp-json\/wp\/v2\/users\/2"}],"replies":[{"embeddable":true,"href":"https:\/\/www.europesays.com\/es\/wp-json\/wp\/v2\/comments?post=315336"}],"version-history":[{"count":0,"href":"https:\/\/www.europesays.com\/es\/wp-json\/wp\/v2\/posts\/315336\/revisions"}],"wp:featuredmedia":[{"embeddable":true,"href":"https:\/\/www.europesays.com\/es\/wp-json\/wp\/v2\/media\/315337"}],"wp:attachment":[{"href":"https:\/\/www.europesays.com\/es\/wp-json\/wp\/v2\/media?parent=315336"}],"wp:term":[{"taxonomy":"category","embeddable":true,"href":"https:\/\/www.europesays.com\/es\/wp-json\/wp\/v2\/categories?post=315336"},{"taxonomy":"post_tag","embeddable":true,"href":"https:\/\/www.europesays.com\/es\/wp-json\/wp\/v2\/tags?post=315336"}],"curies":[{"name":"wp","href":"https:\/\/api.w.org\/{rel}","templated":true}]}}