{"id":315383,"date":"2025-12-31T09:31:12","date_gmt":"2025-12-31T09:31:12","guid":{"rendered":"https:\/\/www.europesays.com\/es\/315383\/"},"modified":"2025-12-31T09:31:12","modified_gmt":"2025-12-31T09:31:12","slug":"el-destino-a-veces-sorprende","status":"publish","type":"post","link":"https:\/\/www.europesays.com\/es\/315383\/","title":{"rendered":"\u201cEl destino a veces sorprende\u201d"},"content":{"rendered":"<p id=\"eE_VAGnBJA\" data-wc=\"98\">Kiko Rivera despide el 2025 dando una gran noticia a sus seguidores. Los \u00faltimos meses no han sido f\u00e1ciles para el DJ. El pasado verano, el hijo de Isabel Pantoja confirm\u00f3 <a class=\"hm-link ho-link\" href=\"https:\/\/www.hola.com\/actualidad\/20250827851943\/kiko-rivera-e-irene-rosales-se-separan-despues-de-9-anios-de-casados\/\" data-mrf-recirculation=\"article-body-link\" rel=\"nofollow noopener\" target=\"_blank\">su separaci\u00f3n de Irene Rosales<\/a> tras m\u00e1s de una d\u00e9cada de relaci\u00f3n, nueve de ellos casados, y dos hijas en com\u00fan, Ana y Carlota, de 10 y 7 a\u00f1os, respectivamente. Un duro trance para Kiko, quien ahora<strong>\u00a0vuelve a estar enamorado.<\/strong> \u00c9l mismo ha querido gritarlo a los cuatro vientos, compartiendo con sus seguidores su primera foto juntos, adem\u00e1s de una rom\u00e1ntica dedicatoria para su nuevo amor.\u00a0<\/p>\n<p> <img src=\"https:\/\/www.europesays.com\/es\/wp-content\/uploads\/2025\/12\/0480608340b5-no-hay-mejor-forma-de-terminar-el-ao-y-empezar-uno-nuevo-que-haber-crecido-de-v.jpg\"   width=\"1024\" height=\"1024\" loading=\"lazy\" decoding=\"async\" alt=\"Kiko Rivera, con su nueva ilusi\u00f3n\" fetchpriority=\"auto\" class=\"image ho-image\"\/>\u00a9 riverakikoKiko Rivera, con su nueva ilusi\u00f3n<\/p>\n<p id=\"ezM0vTeZdu7\" data-wc=\"133\">El DJ ha mostrado a sus seguidores una imagen en la que aparece dando un beso en la mejilla a su chica. \u00abNo hay mejor forma de terminar el a\u00f1o y empezar uno nuevo que haber crecido de verdad. Haber aprendido de lo vivido, saber lo que no quiero en mi vida y <strong>no volver a tropezar con los mismos errores del pasado\u00bb<\/strong>, ha reflexionado Kiko en su comentario. Deseando compartir su felicidad, ha escrito unas preciosas palabras para su chica: \u00abHoy camino con el coraz\u00f3n en paz y con la mirada llena de ilusi\u00f3n. <strong>Estoy enamorado de una mujer que no solo tiene la cara m\u00e1s bonita del mundo, sino tambi\u00e9n un alma incre\u00edble, un coraz\u00f3n enorme y una forma de hacer que todo sea m\u00e1s f\u00e1cil, m\u00e1s bonito y m\u00e1s aut\u00e9ntico<\/strong>\u00ab.\u00a0<\/p>\n<p> <img src=\"https:\/\/www.europesays.com\/es\/wp-content\/uploads\/2025\/12\/aab12f36db48-kikorivera-ig.jpg\"   width=\"611\" height=\"1024\" loading=\"lazy\" decoding=\"async\" alt=\"El DJ ha dedicado unas bonitas palabras a su nueva ilusi\u00f3n\" fetchpriority=\"auto\" class=\"image ho-image\"\/>\u00a9 riverakikoEl DJ ha dedicado unas bonitas palabras a su nueva ilusi\u00f3n<\/p>\n<p id=\"ekRRzj1Z0_\" data-wc=\"93\">Kiko, adem\u00e1s, ha publicado una fotograf\u00eda en blanco y negro en la que podemos ver sus manos entrelazadas. El amor ha pillado al DJ por sorpresa, como \u00e9l mismo ha revelado: \u00ab<strong>No esperaba encontrar nada<\/strong>, solo segu\u00eda mi rumbo sin buscar respuestas. Pero entonces llegaste t\u00fa, y entend\u00ed que el destino a veces sorprende: <strong>se cruz\u00f3 en mi vida la mejor persona del mundo<\/strong>\u00ab, ha comentado, incluyendo tambi\u00e9n un \u00abTe quiero\u00bb en ingl\u00e9s. El hijo de Isabel Pantoja no ha desvelado la identidad de su nuevo amor, que, por el momento, se desconoce.\u00a0<\/p>\n<p> <img src=\"https:\/\/www.europesays.com\/es\/wp-content\/uploads\/2025\/12\/f932f51c2189-irenerosales4jpg.jpg\"   width=\"768\" height=\"1024\" loading=\"lazy\" decoding=\"async\" alt=\"Irene Rosales, junto a Guillermo, su pareja\" fetchpriority=\"auto\" class=\"image ho-image\"\/>\u00a9 irenerova24Irene Rosales, junto a Guillermo, su pareja<\/p>\n<p id=\"etjNV8FQKUc\" data-wc=\"116\">Kiko no es el \u00fanico que ha rehecho su vida a nivel sentimental a lo largo de estos meses. Semanas despu\u00e9s de su ruptura, Irene Rosales confirmaba su noviazgo con un empresario sevillano llamado Guillermo. Y, si bien comenzaron de forma discreta, Irene no quiere ocultar lo contenta que est\u00e1: \u00abEstoy ilusionada, me cuida muy bien, nos estamos conociendo, estoy feliz y estoy enamorada 100%\u00bb, <a class=\"hm-link ho-link\" href=\"https:\/\/www.hola.com\/actualidad\/20251103865377\/irene-rosales-primera-entrevista-television\/\" data-mrf-recirculation=\"article-body-link\" rel=\"nofollow noopener\" target=\"_blank\">declar\u00f3 recientemente sobre Guillermo<\/a> en una entrevista con\u00a0Y ahora Sonsoles.\u00a0Eso s\u00ed, quiso puntualizar que ella nunca traicion\u00f3 la confianza de su exmarido: \u00abMi matrimonio con Kiko termin\u00f3 y yo empec\u00e9 a tener una amistad con este chico, y no ha tenido nada que ver con mi separaci\u00f3n\u00bb, dej\u00f3 claro.<\/p>\n<p id=\"er_hD7JAQje\" data-wc=\"108\">De hecho, Irene, quien hace unos d\u00edas se <a class=\"hm-link ho-link\" href=\"https:\/\/www.hola.com\/actualidad\/20251219873849\/irene-rosales-kiko-rivera-fiesta-navidad-hijas\/\" data-mrf-recirculation=\"article-body-link\" rel=\"nofollow noopener\" target=\"_blank\">reencontr\u00f3 con Kiko en la fiesta del colegio de sus hijas<\/a>, est\u00e1 pasando por primera vez las Navidades con Guillermo. Unas fiestas muy ajetreadas en las que han aprovechado para irse de escapada y recorrer varios pueblos de Andaluc\u00eda. \u201cD\u00edas de desconexi\u00f3n, de recargar pilas y llenarse de mucho amor\u201d, coment\u00f3 Irene al mostrar las im\u00e1genes de su viaje. A su regreso, al preguntarle por Kiko Rivera, ella respondi\u00f3 a los reporteros que su expareja se encontraba \u00abmuy bien, acompa\u00f1ado por sus hijas y poco m\u00e1s\u00bb. Ahora sabemos que, en realidad, estas semanas est\u00e1n siendo especiales tambi\u00e9n para el DJ.\u00a0<\/p>\n<p> <img src=\"https:\/\/www.europesays.com\/es\/wp-content\/uploads\/2025\/09\/0981e40d201a-europapress6944645irenerosaleskikoriveradejarhijacolegio10septiembre2.jpg\"   width=\"1024\" height=\"682\" loading=\"lazy\" decoding=\"async\" alt=\"Kiko Rivera e Irene Rosales anunciaron su separaci\u00f3n en agosto\" fetchpriority=\"auto\" class=\"image ho-image\"\/>\u00a9 Europa PressKiko Rivera e Irene Rosales anunciaron su separaci\u00f3n en agosto<\/p>\n<p id=\"el_7IS1NZq\" data-wc=\"103\">Aunque la ruptura de Kiko Rivera e Irene Rosales sorprendi\u00f3 a todo el mundo, en realidad no fue algo de un d\u00eda para otro, sino m\u00e1s bien progresivo. Un desgaste en la relaci\u00f3n motivado, entre otras cosas, <a class=\"hm-link ho-link\" href=\"https:\/\/www.hola.com\/actualidad\/20251108866447\/kiko-rivera-admite-que-le-fue-infiel-a-irene-rosales\/\" data-mrf-recirculation=\"article-body-link\" rel=\"nofollow noopener\" target=\"_blank\">por las infidelidades de Kiko<\/a>. \u00abNo es algo de lo que me sienta orgulloso, pero se me ha perdonado. A veces se enteraba y otras veces se lo contaba\u00bb, reconoci\u00f3 el hijo de Isabel Pantoja en el plat\u00f3 de \u00a1De Viernes!. \u00ab<strong>Si se va apagando el matrimonio y no das el paso, suceden cosas que no deben de suceder.\u00a0<\/strong>Es algo que jam\u00e1s me perdonar\u00e9\u00bb, a\u00f1adi\u00f3.\u00a0<\/p>\n<p> <img src=\"https:\/\/www.europesays.com\/es\/wp-content\/uploads\/2025\/12\/942877569058-dlu432074004.jpg\"   width=\"682\" height=\"1024\" loading=\"lazy\" decoding=\"async\" alt=\"El DJ y su exmujer llevaban m\u00e1s de una d\u00e9cada juntos\" fetchpriority=\"auto\" class=\"image ho-image\"\/>\u00a9 GTRESEl DJ y su exmujer llevaban m\u00e1s de una d\u00e9cada juntos<\/p>\n<p id=\"eYs104cc32\" data-wc=\"99\">Kiko Rivera e Irene Rosales se conocieron en 2014. Al a\u00f1o siguiente daban la bienvenida a su primera hija en com\u00fan, Ana, y en 2016 pronunciaron el \u00abs\u00ed, quiero\u00bb en la Hacienda de los Parrales, en Sanl\u00facar la Mayor, Sevilla. Una boda que <a class=\"hm-link ho-link\" href=\"https:\/\/www.hola.com\/actualidad\/20250827851975\/kiko-rivera-irene-rosales-asi-fue-su-boda\/\" data-mrf-recirculation=\"article-body-link\" rel=\"nofollow noopener\" target=\"_blank\">\u00a1HOLA! mostr\u00f3 en exclusiva<\/a> y que a la que acudieron m\u00e1s de 300 invitados, reuniendo a los Rivera y a los Pantoja. Su segunda hija, Carlota, naci\u00f3 en 2018. Kiko e Irene no han podido tener su final de cuento de hadas, pero ahora ambos reescriben un nuevo cap\u00edtulo en sus vidas tras emprender caminos separados.\u00a0<\/p>\n","protected":false},"excerpt":{"rendered":"Kiko Rivera despide el 2025 dando una gran noticia a sus seguidores. Los \u00faltimos meses no han sido&hellip;\n","protected":false},"author":2,"featured_media":315384,"comment_status":"","ping_status":"","sticky":false,"template":"","format":"standard","meta":{"footnotes":""},"categories":[5],"tags":[517,17,18,25,24,13,14,11,12466,19,20,9,10,15,16,23,12,21,22],"class_list":{"0":"post-315383","1":"post","2":"type-post","3":"status-publish","4":"format-standard","5":"has-post-thumbnail","7":"category-titulares","8":"tag-actualidad","9":"tag-breaking-news","10":"tag-breakingnews","11":"tag-es","12":"tag-espana","13":"tag-featured-news","14":"tag-featurednews","15":"tag-headlines","16":"tag-kiko-rivera","17":"tag-latest-news","18":"tag-latestnews","19":"tag-news","20":"tag-noticias","21":"tag-noticias-destacadas","22":"tag-noticiasdestacadas","23":"tag-spain","24":"tag-titulares","25":"tag-ultimas-noticias","26":"tag-ultimasnoticias"},"share_on_mastodon":{"url":"https:\/\/pubeurope.com\/@es\/115813487987148997","error":""},"_links":{"self":[{"href":"https:\/\/www.europesays.com\/es\/wp-json\/wp\/v2\/posts\/315383","targetHints":{"allow":["GET"]}}],"collection":[{"href":"https:\/\/www.europesays.com\/es\/wp-json\/wp\/v2\/posts"}],"about":[{"href":"https:\/\/www.europesays.com\/es\/wp-json\/wp\/v2\/types\/post"}],"author":[{"embeddable":true,"href":"https:\/\/www.europesays.com\/es\/wp-json\/wp\/v2\/users\/2"}],"replies":[{"embeddable":true,"href":"https:\/\/www.europesays.com\/es\/wp-json\/wp\/v2\/comments?post=315383"}],"version-history":[{"count":0,"href":"https:\/\/www.europesays.com\/es\/wp-json\/wp\/v2\/posts\/315383\/revisions"}],"wp:featuredmedia":[{"embeddable":true,"href":"https:\/\/www.europesays.com\/es\/wp-json\/wp\/v2\/media\/315384"}],"wp:attachment":[{"href":"https:\/\/www.europesays.com\/es\/wp-json\/wp\/v2\/media?parent=315383"}],"wp:term":[{"taxonomy":"category","embeddable":true,"href":"https:\/\/www.europesays.com\/es\/wp-json\/wp\/v2\/categories?post=315383"},{"taxonomy":"post_tag","embeddable":true,"href":"https:\/\/www.europesays.com\/es\/wp-json\/wp\/v2\/tags?post=315383"}],"curies":[{"name":"wp","href":"https:\/\/api.w.org\/{rel}","templated":true}]}}