{"id":315391,"date":"2025-12-31T09:42:21","date_gmt":"2025-12-31T09:42:21","guid":{"rendered":"https:\/\/www.europesays.com\/es\/315391\/"},"modified":"2025-12-31T09:42:21","modified_gmt":"2025-12-31T09:42:21","slug":"la-extrana-teoria-decorativa-de-los-tres-propositos-que-estan-usando-los-decoradores-para-aprovechar-el-espacio-en-casas-pequenas","status":"publish","type":"post","link":"https:\/\/www.europesays.com\/es\/315391\/","title":{"rendered":"La extra\u00f1a teor\u00eda decorativa de &#8216;los tres prop\u00f3sitos&#8217; que est\u00e1n usando los decoradores para aprovechar el espacio en casas peque\u00f1as"},"content":{"rendered":"<p data-journey-content=\"true\" data-node-id=\"2\" class=\"css-6wxqfj emevuu60\">En nuestra sociedad, parece que la gente pasa m\u00e1s tiempo en casa que nunca. Puede que sea una nueva forma de vida postpandemia, el <a href=\"https:\/\/www.elledecor.com\/es\/decoracion\/a63735686\/cosas-objetos-espacio-trabajo-tirar-organizadores-profesionales\/\" target=\"_blank\" data-vars-ga-outbound-link=\"https:\/\/www.elledecor.com\/es\/decoracion\/a63735686\/cosas-objetos-espacio-trabajo-tirar-organizadores-profesionales\/\" data-vars-ga-ux-element=\"Hyperlink\" data-vars-ga-call-to-action=\"teletrabajo\" data-node-id=\"2.1\" class=\"body-link css-15fjk10 emevuu60\" rel=\"nofollow noopener\">teletrabajo<\/a>&#8230; pero de cualquier forma parece que disfrutamos m\u00e1s de nuestros espacios privados que de cualquier otro lugar. Seg\u00fan algunos estudios, entre 2003 y 2022, el tiempo promedio que los adultos pasan en casa ha aumentado en m\u00e1s de una hora en un d\u00eda promedio. Dicho esto, hay que tener en cuenta que la mayor\u00eda de los hogares no son enormes mansiones as\u00ed que probablemente no tengas espacios de sobra que puedas reservar para cualquier capricho que se te ocurra. En cambio, probablemente te encuentres intentando <a href=\"https:\/\/www.elledecor.com\/es\/decoracion\/a65286334\/ideas-dormitorio-pequeno-pequeno-aprovechar-almacenaje\/\" target=\"_blank\" data-vars-ga-outbound-link=\"https:\/\/www.elledecor.com\/es\/decoracion\/a65286334\/ideas-dormitorio-pequeno-pequeno-aprovechar-almacenaje\/\" data-vars-ga-ux-element=\"Hyperlink\" data-vars-ga-call-to-action=\"aprovechar al m\u00e1ximo el espacio disponible\" data-node-id=\"2.3\" class=\"body-link css-15fjk10 emevuu60\" rel=\"nofollow noopener\">aprovechar al m\u00e1ximo el espacio disponible<\/a>, un enfoque que los interioristas tienen siempre en cuenta.<\/p>\n<p data-journey-content=\"true\" data-node-id=\"6\" class=\"css-6wxqfj emevuu60\">La dise\u00f1adora de interiores <strong data-node-id=\"6.1\">Courtnay Tartt Elias, de Creative Tonic Design<\/strong>, acu\u00f1\u00f3 el t\u00e9rmino de la filosof\u00eda de los \u00abtres prop\u00f3sitos\u00bb para optimizar los espacios. Es una metodolog\u00eda que otros dise\u00f1adores siguen, pero \u00bfqu\u00e9 es exactamente y c\u00f3mo se puede aplicar a las estancias principales de una casa para sacarles un mejor rendimiento?<\/p>\n<p>Qu\u00e9 es la teor\u00eda de \u00ablos tres prop\u00f3sitos\u00bb en decoraci\u00f3n<\/p>\n<p data-journey-content=\"true\" data-node-id=\"12\" class=\"css-6wxqfj emevuu60\">Tartt Elias describe la <strong data-node-id=\"12.1\">teor\u00eda de los tres prop\u00f3sitos<\/strong> como <strong data-node-id=\"12.3\">\u00abninguna habitaci\u00f3n de la casa queda sin usar o solo se usa una o dos veces al a\u00f1o\u00bb<\/strong>, afirma (quien dice habitaci\u00f3n dice rinc\u00f3n). \u00abLa idea es pensar en al menos tres prop\u00f3sitos para cada espacio, para que nada se desperdicie, se desperdicie o se infrautilice\u00bb.<\/p>\n<p data-journey-content=\"true\" data-node-id=\"14\" class=\"css-6wxqfj emevuu60\">Imag\u00ednatelo as\u00ed: Tu sala de estar tambi\u00e9n podr\u00eda servir como sala de juegos, espacio de reuni\u00f3n y zona de trabajo. Adem\u00e1s de un espacio para dormir, tu <a href=\"https:\/\/www.elledecor.com\/es\/decoracion\/g32446814\/dormitorios-ideas-decoracion-estilos-colores-distribucion\/\" target=\"_blank\" data-vars-ga-outbound-link=\"https:\/\/www.elledecor.com\/es\/decoracion\/g32446814\/dormitorios-ideas-decoracion-estilos-colores-distribucion\/\" data-vars-ga-ux-element=\"Hyperlink\" data-vars-ga-call-to-action=\"dormitorio\" data-node-id=\"14.1\" class=\"body-link css-15fjk10 emevuu60\" rel=\"nofollow noopener\">dormitorio<\/a> podr\u00eda usarse como un lugar de descanso y un \u00e1rea para practicar aficiones relajantes. Y un lavadero tambi\u00e9n podr\u00eda funcionar como oficina en casa y \u00e1rea para manualidades o aficiones similares.\u201cLa filosof\u00eda es observar cada habitaci\u00f3n de una casa y profundizar para descubrir c\u00f3mo se puede dise\u00f1ar para que sea m\u00e1s \u00fatil para el propietario\u201d, reflexiona Tartt Elias.<\/p>\n<p>Por qu\u00e9 es pr\u00e1ctica esta filosof\u00eda en decoraci\u00f3n<img draggable=\"true\" alt=\"bedroom\" title=\"bedroom\" loading=\"lazy\" width=\"5986\" height=\"4184\" decoding=\"async\" data-nimg=\"1\" style=\"color:transparent;width:100%;height:auto;\"   src=\"https:\/\/www.europesays.com\/es\/wp-content\/uploads\/2025\/12\/hbx110125creativetonic-009-690bb466b8670.jpg\" class=\"css-0 e1g79fud0\"\/><\/p>\n<p>Julie Soefer<\/p>\n<p data-journey-content=\"true\" data-node-id=\"19\" class=\"css-6wxqfj emevuu60\">\u201cCuando una habitaci\u00f3n se dise\u00f1a para m\u00faltiples prop\u00f3sitos, naturalmente se vuelve m\u00e1s personal y pr\u00e1ctica\u201d, dice Emily Tucker, fundadora y dise\u00f1adora principal de <strong data-node-id=\"19.1\">Emily Tucker Design .<\/strong> \u201cTambi\u00e9n creo que hay algo encantador en <a href=\"https:\/\/www.elledecor.com\/es\/decoracion\/a60532564\/trucos-ganar-espacio-casa-pequena-parezca-mas-grande-interiorista-isabel-lopez-vilalta\/\" target=\"_blank\" data-vars-ga-outbound-link=\"https:\/\/www.elledecor.com\/es\/decoracion\/a60532564\/trucos-ganar-espacio-casa-pequena-parezca-mas-grande-interiorista-isabel-lopez-vilalta\/\" data-vars-ga-ux-element=\"Hyperlink\" data-vars-ga-call-to-action=\"las casas peque\u00f1as\" data-node-id=\"19.3\" class=\"body-link css-15fjk10 emevuu60\" rel=\"nofollow noopener\">las casas peque\u00f1as<\/a>, donde cada habitaci\u00f3n se usa a diario\u201d.<\/p>\n<p data-journey-content=\"true\" data-node-id=\"22\" class=\"css-6wxqfj emevuu60\">Tucker se\u00f1ala que la filosof\u00eda de los tres prop\u00f3sitos crea un dise\u00f1o m\u00e1s sostenible, tanto financiera como emocionalmente. \u00abFomenta un enfoque m\u00e1s intencional en lo que se lleva a casa\u00bb, afirma. \u00abCuando cada objeto y \u00e1rea cumple m\u00faltiples funciones, el hogar se vuelve m\u00e1s considerado\u00bb.<\/p>\n<p data-journey-content=\"true\" data-node-id=\"24\" class=\"css-6wxqfj emevuu60\">Jamie Lyn Smith, dise\u00f1adora principal de <strong data-node-id=\"24.1\">Smith Home Studios <\/strong>, observa adem\u00e1s que si una habitaci\u00f3n se centra \u201csolo en la funci\u00f3n, pierde la oportunidad de elevar a las personas que la usan\u201d.<\/p>\n<p>C\u00f3mo llevar \u00ablos tres prop\u00f3sitos\u00bb a tu casa<img draggable=\"true\" alt=\"nook\" title=\"nook\" loading=\"lazy\" width=\"3919\" height=\"5103\" decoding=\"async\" data-nimg=\"1\" style=\"color:transparent;width:100%;height:auto;\"   src=\"https:\/\/www.europesays.com\/es\/wp-content\/uploads\/2025\/12\/4303-240207-courtnay-690bb48ad1676.jpg\" class=\"css-0 e1g79fud0\"\/><\/p>\n<p>Julie Soefer<\/p>\n<p data-journey-content=\"true\" data-node-id=\"29\" class=\"css-6wxqfj emevuu60\">Para llevar la filosof\u00eda de los tres prop\u00f3sitos a tu hogar, Tartt Elias recomienda comenzar por \u201canalizar realmente las habitaciones que no usas muy a menudo, o las que tienen un solo prop\u00f3sito, y pensar de manera innovadora\u201d.<\/p>\n<p data-journey-content=\"true\" data-node-id=\"31\" class=\"css-6wxqfj emevuu60\">Una vez que determine c\u00f3mo vive realmente en un espacio, Tucker recomienda dise\u00f1ar a partir de esa respuesta, bas\u00e1ndose en <strong data-node-id=\"31.1\">muebles que realicen m\u00faltiples tareas<\/strong> (es decir, una consola que tambi\u00e9n funcione como escritorio) e implementar varias opciones de iluminaci\u00f3n para poder cambiar el estado de \u00e1nimo de un espacio en un instante.<\/p>\n<p data-journey-content=\"true\" data-node-id=\"33\" class=\"css-6wxqfj emevuu60\">Tambi\u00e9n es clave pensar de forma creativa. \u00abUna vez identificados los tres prop\u00f3sitos del espacio, abandona las normas tradicionales\u00bb, enfatiza Tartt Elias. \u00abPor ejemplo, en <a href=\"https:\/\/www.elledecor.com\/es\/decoracion\/g63630067\/ideas-decoracion-comedor-pequeno-mas-funcional\/\" target=\"_blank\" data-vars-ga-outbound-link=\"https:\/\/www.elledecor.com\/es\/decoracion\/g63630067\/ideas-decoracion-comedor-pequeno-mas-funcional\/\" data-vars-ga-ux-element=\"Hyperlink\" data-vars-ga-call-to-action=\"un comedor funcional\" data-node-id=\"33.1\" class=\"body-link css-15fjk10 emevuu60\" rel=\"nofollow noopener\">un comedor funcional<\/a> lo m\u00e1s com\u00fan es ver una mesa grande. Si tambi\u00e9n quieres usarla para juegos, considera tener dos mesas m\u00e1s peque\u00f1as que se puedan juntar. La configuraci\u00f3n de dos mesas recuerda m\u00e1s a una biblioteca o sala de juegos, pero sin duda puede ser un comedor\u00bb.<\/p>\n<p><img src=\"https:\/\/www.europesays.com\/es\/wp-content\/uploads\/2025\/12\/74be6938-f264-4977-9c06-fe18d09f1809_1738681612.file.png\" alt=\"Headshot of Shelby Deering\" title=\"Headshot of Shelby Deering\" width=\"100%\" height=\"100%\" decoding=\"async\" loading=\"lazy\" class=\"css-o0wq4v ev8dhu53\"\/><\/p>\n<p>Shelby Deering es una escritora independiente de estilo de vida que con frecuencia cubre el dise\u00f1o y la decoraci\u00f3n del hogar para publicaciones nacionales. Ha trabajado como escritora independiente a tiempo completo durante m\u00e1s de una d\u00e9cada y ha trabajado en la industria durante casi 20 a\u00f1os, escribiendo visitas guiadas a hogares, entrevistando a los mejores dise\u00f1adores y embelleciendo su propia casa. Tiene una maestr\u00eda en Periodismo y Comunicaci\u00f3n de Masas de la Universidad de Wisconsin-Madison, y cuando no est\u00e1 escribiendo, la puedes encontrar en tiendas de segunda mano y mercadillos, corriendo o explorando senderos locales en Madison, Wisconsin, con su esposo y corgi, Dolly.<\/p>\n","protected":false},"excerpt":{"rendered":"En nuestra sociedad, parece que la gente pasa m\u00e1s tiempo en casa que nunca. Puede que sea una&hellip;\n","protected":false},"author":2,"featured_media":315392,"comment_status":"","ping_status":"","sticky":false,"template":"","format":"standard","meta":{"footnotes":""},"categories":[173],"tags":[229,233,231,230,232,253,234,146,147,25,24,254,23],"class_list":{"0":"post-315391","1":"post","2":"type-post","3":"status-publish","4":"format-standard","5":"has-post-thumbnail","7":"category-arte-y-diseno","8":"tag-arte","9":"tag-arte-y-diseno","10":"tag-arts","11":"tag-arts-and-design","12":"tag-design","13":"tag-discover","14":"tag-diseno","15":"tag-entertainment","16":"tag-entretenimiento","17":"tag-es","18":"tag-espana","19":"tag-sindicado","20":"tag-spain"},"share_on_mastodon":{"url":"https:\/\/pubeurope.com\/@es\/115813531240094911","error":""},"_links":{"self":[{"href":"https:\/\/www.europesays.com\/es\/wp-json\/wp\/v2\/posts\/315391","targetHints":{"allow":["GET"]}}],"collection":[{"href":"https:\/\/www.europesays.com\/es\/wp-json\/wp\/v2\/posts"}],"about":[{"href":"https:\/\/www.europesays.com\/es\/wp-json\/wp\/v2\/types\/post"}],"author":[{"embeddable":true,"href":"https:\/\/www.europesays.com\/es\/wp-json\/wp\/v2\/users\/2"}],"replies":[{"embeddable":true,"href":"https:\/\/www.europesays.com\/es\/wp-json\/wp\/v2\/comments?post=315391"}],"version-history":[{"count":0,"href":"https:\/\/www.europesays.com\/es\/wp-json\/wp\/v2\/posts\/315391\/revisions"}],"wp:featuredmedia":[{"embeddable":true,"href":"https:\/\/www.europesays.com\/es\/wp-json\/wp\/v2\/media\/315392"}],"wp:attachment":[{"href":"https:\/\/www.europesays.com\/es\/wp-json\/wp\/v2\/media?parent=315391"}],"wp:term":[{"taxonomy":"category","embeddable":true,"href":"https:\/\/www.europesays.com\/es\/wp-json\/wp\/v2\/categories?post=315391"},{"taxonomy":"post_tag","embeddable":true,"href":"https:\/\/www.europesays.com\/es\/wp-json\/wp\/v2\/tags?post=315391"}],"curies":[{"name":"wp","href":"https:\/\/api.w.org\/{rel}","templated":true}]}}