{"id":315397,"date":"2025-12-31T09:47:17","date_gmt":"2025-12-31T09:47:17","guid":{"rendered":"https:\/\/www.europesays.com\/es\/315397\/"},"modified":"2025-12-31T09:47:17","modified_gmt":"2025-12-31T09:47:17","slug":"2025-el-ano-en-el-que-los-mejores-deportistas-del-mundo-se-amaron-por-encima-de-la-rivalidad-deportes","status":"publish","type":"post","link":"https:\/\/www.europesays.com\/es\/315397\/","title":{"rendered":"2025, el a\u00f1o en el que los mejores deportistas del mundo se amaron por encima de la rivalidad | Deportes"},"content":{"rendered":"<p class=\"\">En el a\u00f1o 394 d. C., un militar espa\u00f1ol fan\u00e1tico nacido en Coca, a orillas del Eresma y sus pinares espesos, el emperador romano Teodosio I, enfurecido contra el deporte, que busca la belleza corporal y la armon\u00eda del movimiento, y contra el helenismo, que significa raz\u00f3n y libre examen, promulg\u00f3 un edicto que prohib\u00eda la celebraci\u00f3n de los Juegos en el a\u00f1o 1.200 de su existencia y sumi\u00f3 a Olimpia en el olvido. El general Teodosio el Grande, tit\u00e1n del cristianismo y su expansi\u00f3n, seguramente se habr\u00eda enfurecido m\u00e1s a\u00fan contemplando, ya en el siglo XXI, c\u00f3mo los mejores deportistas del mundo, y quiz\u00e1s de la historia, a\u00fanan no solo belleza, armon\u00eda y libertad de pensamiento, sino tambi\u00e9n un cierto punto de inconsciencia, despreocupaci\u00f3n y alegr\u00eda infantil que los lleva a amar a sus rivales como hermanos verdaderos \u2013no como Ca\u00edn amaba a Abel\u2014antes y despu\u00e9s de haber peleado a muerte uno contra otro. <\/p>\n<p class=\"\">Teodosio habr\u00eda prohibido la alegr\u00eda, instaurado la obediencia, y los deportistas se habr\u00edan liberado <a href=\"https:\/\/elpais.com\/deportes\/tenis\/2025-11-15\/alcaraz-vuela-y-se-reune-de-nuevo-con-sinner-para-la-traca-final.html\" target=\"_self\" rel=\"nofollow noopener\" title=\"https:\/\/elpais.com\/deportes\/tenis\/2025-11-15\/alcaraz-vuela-y-se-reune-de-nuevo-con-sinner-para-la-traca-final.html\">para abrazarse como Carlos Alcaraz y Janik Sinner <\/a>despu\u00e9s y antes de sus finales en Grand Slam y Masters 1000, conscientes de que la grandeza de uno se mide por la grandeza del otro, o como <a href=\"https:\/\/elpais.com\/deportes\/juegos-olimpicos\/2024-08-05\/mondo-duplantis-un-ovni-sobre-el-stade-de-france-eleva-a-625m-su-record-del-mundo-de-pertiga-oro-en-paris.html\" target=\"_self\" rel=\"nofollow noopener\" title=\"https:\/\/elpais.com\/deportes\/juegos-olimpicos\/2024-08-05\/mondo-duplantis-un-ovni-sobre-el-stade-de-france-eleva-a-625m-su-record-del-mundo-de-pertiga-oro-en-paris.html\">Mondo Duplantis y Manolo Karalis en Tokio<\/a> en celebraci\u00f3n de un r\u00e9cord del mundo at\u00f3mico, o como Mar\u00eda P\u00e9rez con la rival italiana Antonella Palmisano, a la que invita con un sudoroso abrazo a subir a su podio de doble campeona mundial de marcha, y come con ella, cena con ella y se va de vacaciones en su compa\u00f1\u00eda, o como los golfistas europeos de la <a href=\"https:\/\/elpais.com\/deportes\/2025-09-29\/los-malos-modos-en-la-ryder-de-nueva-york-averguenzan-al-golf.html\" target=\"_self\" rel=\"nofollow noopener\" title=\"https:\/\/elpais.com\/deportes\/2025-09-29\/los-malos-modos-en-la-ryder-de-nueva-york-averguenzan-al-golf.html\">Ryder Cup alzan a hombros a Shane Lowry,<\/a> que firma la remontada imposible ante el imperio, y el primero que le exalta es otro irland\u00e9s, <a href=\"https:\/\/elpais.com\/deportes\/2025-04-13\/rory-mcilroy-gana-el-masters-de-augusta-y-escribe-al-fin-su-leyenda.html\" target=\"_self\" rel=\"nofollow noopener\" title=\"https:\/\/elpais.com\/deportes\/2025-04-13\/rory-mcilroy-gana-el-masters-de-augusta-y-escribe-al-fin-su-leyenda.html\">Rory McIlroy, que ha ganado por fin el Masters<\/a> \u2013y ya completa la colecci\u00f3n de los cuatro grandes, y el mundo del golf se emociona\u2013, y los haters de Bethpage Black, los aficionados norteamericanos que le lanzan cerveza y exabruptos, se tragan los insultos. <\/p>\n<p class=\"\">Dan prioridad a los valores del deporte. Son perfectos. Lo llaman buenismo, buena educaci\u00f3n, y es una tendencia generacional que exaspera a tantos aficionados cuyo fanatismo por un campe\u00f3n es proporcional al desagrado por el otro y exigen imperfecci\u00f3n humana, tonos macarras, declaraciones provocativas, promesas de odio eterno que inflaman y que riman acompasadas con los tiempos trumpianos de destrucci\u00f3n, ay de quien se oponga. Son un peque\u00f1o brote de esperanza que se ha multiplicado en 2025. Como la gente del cine de 2025, en aras de la econom\u00eda del negocio han protagonizado haza\u00f1as a gran escala, llenas de acci\u00f3n, pero han huido de lo trillado. No son superh\u00e9roes de franquicia intocables, reemplazables sin afecto, sino personajes que han comprendido que el espect\u00e1culo casa muy bien con los grandes temas de solidaridad y valent\u00eda, una forma \u00fanica de afrontar los grandes problemas del mundo, del poder.<\/p>\n<p class=\"\">El espect\u00e1culo ha sido las grandes finales de tenis. Alcaraz y Sinner han enterrado la era los tres grandes, Nadal, Federer, Djokovic. Seis majors ya el murciano a los 22 a\u00f1os; cuatro el italiano; y empate a dos la temporada que acaba. Son los m\u00e1s grandes tenistas de la d\u00e9cada, y comparten felices el mismo trono, aprenden cuando pierden, son generosos cuando ganan, y se toman unas copas, y si alguien no les entiende, o les pide que maduren, les recuerdan que ya no son los ni\u00f1os que fueron y que esto es un juego, cortan con \u00e9l y siguen a lo suyo. Tres duelos en tres grandes finales: victoria del italiano, que se hab\u00eda impuesto en Australia a Zverev, en Wimbledon; triunfos del murciano en Roland Garros y Flushing Meadows. Y un n\u00famero uno que pasa con naturalidad de uno a otro, y vuelta.<\/p>\n<p class=\"\">A Mondo Duplantis, el segundo de rango en la p\u00e9rtiga, Karalis, un griego que salta m\u00e1s de seis metros, jalea y empuja hacia el r\u00e9cord del mundo en todas las competiciones, y vitorea, ni\u00f1os jugando en el patio del colegio, a que salto m\u00e1s que t\u00fa, y lo hace en Par\u00eds, los Juegos del 24, cuando el sueco salta 6,25m hasta el oro, y le llevan a hombros y le mantean entre todos, y se repite la escena, m\u00e1s dram\u00e1ticamente, un a\u00f1o despu\u00e9s en Tokio. Karalis pelea y fuerza a saltar a Duplantis m\u00e1s de lo que deseaba para poder, finalmente, enfrentarse al list\u00f3n a 6,30m de altura, superarlo al tercer intento, y ganar el Mundial con el cuarto r\u00e9cord del a\u00f1o, y apostillar: \u201cTodo es un juego\u201d.<\/p>\n<p class=\"\">Es la juventud de la pandemia, deportistas excepcionales nacidos con el siglo, quiz\u00e1s los mejores de nunca en su dominio, que huyen p\u00fablicamente de la idolatr\u00eda. Y as\u00ed son tambi\u00e9n <a href=\"https:\/\/elpais.com\/deportes\/ciclismo\/2025-02-24\/el-ciclismo-mundial-sigue-rodando-bajo-el-signo-de-pogacar-y-vingegaard.html\" target=\"_self\" rel=\"nofollow noopener\" title=\"https:\/\/elpais.com\/deportes\/ciclismo\/2025-02-24\/el-ciclismo-mundial-sigue-rodando-bajo-el-signo-de-pogacar-y-vingegaard.html\">Tadej Pogacar y Jonas Vingegaard,<\/a> que le espera cuando se cae y le da la mano felicit\u00e1ndoles despu\u00e9s de las etapas que conducen al esloveno a su cuarto Tour de Francia, y al dan\u00e9s a ser segundo por tercera vez. E Ilia Malinin, extravagante y espectacular patinador capaz de hacer siete saltos cu\u00e1druples, incluido un Axel, en un solo programa largo, que recibe la adoraci\u00f3n de sus coet\u00e1neos generacionales mientras \u00e9l se arrodilla ante su antecesor, el doble campe\u00f3n ol\u00edmpico Yuzuru Hanyu, el japon\u00e9s que lo arriesg\u00f3 todo por ser el primero que cuadrara un cu\u00e1druple Axel en competici\u00f3n, y no lleg\u00f3. Cuando el norteamericano lo consigui\u00f3, a los 19 a\u00f1os, y se gan\u00f3 el t\u00edtulo de Quad God (Dios de los cu\u00e1druple), declar\u00f3: \u201cHanyu edific\u00f3 un estatus dentro del patinaje absolutamente \u00fanico, y yo no creo que sea capaz de superarle, ni nadie podr\u00e1 alcanzarlo nunca\u201d. <a href=\"https:\/\/elpais.com\/deportes\/2019\/07\/09\/actualidad\/1562694978_397383.html\" target=\"_self\" rel=\"nofollow noopener\" title=\"https:\/\/elpais.com\/deportes\/2019\/07\/09\/actualidad\/1562694978_397383.html\">Lando Norris gana el Mundial de F1<\/a> sin decir ni una mala palabra de su compa\u00f1ero en McLaren y rival Oscar Piastri y abrazando tanto a otro rival, Carlos Sainz, que a ambos les llaman igual, Carlando (aunque su fondo de inversiones com\u00fan se llame Apex). Nostalgia, por supuesto, de la mala leche de Max Verstappen, que habla brusco como conduce \u00fanico, y es el ego\u00edsmo del campe\u00f3n intocable, el de Senna y Prost, y las leyendas, el del sarcasmo de Fernando Alonso.<\/p>\n<p><img decoding=\"auto\" class=\"_re lazyload a_m-h\" height=\"264\"  width=\"414\"  src=\"https:\/\/www.europesays.com\/es\/wp-content\/uploads\/2025\/12\/VEMGV63YIREVBFZ5YATHHLFITA.jpg\" loading=\"lazy\"\/>M\u00e1rquez abraza su s\u00e9ptimo trofeo del Mundial GP en Motegi.SOPA Images (SOPA Images\/LightRocket via Getty Images)<\/p>\n<p class=\"\">En ese mundo prepandemia y tubos de escape t\u00f3xicos en el que el malismo era la sal del deporte resiste a\u00fan <a href=\"https:\/\/elpais.com\/deportes\/motociclismo\/2025-10-26\/diez-anos-de-la-patada-de-rossi-a-marquez-en-sepang-el-dia-en-que-motogp-dibujo-dos-bandos-y-se-futbolizo-para-siempre.html\" target=\"_self\" rel=\"nofollow noopener\" title=\"https:\/\/elpais.com\/deportes\/motociclismo\/2025-10-26\/diez-anos-de-la-patada-de-rossi-a-marquez-en-sepang-el-dia-en-que-motogp-dibujo-dos-bandos-y-se-futbolizo-para-siempre.html\">el resucitado Marc M\u00e1rquez,<\/a> que a los 32 a\u00f1os, seis a\u00f1os despu\u00e9s de su \u00faltimo t\u00edtulo, gana su s\u00e9ptimo Mundial de MotoGP y se niega a dar la mano y hacer las paces con el eterno rival Valentino Rossi. Aun as\u00ed, el piloto catal\u00e1n, como los m\u00e1s j\u00f3venes de ahora, luce el punto de inconsciencia de aquellos para los que el sue\u00f1o es m\u00e1s fuerte que el miedo, y una Ducati oficial en Bolonia, donde, dice, se come muy bien. \u201cSoy feliz y r\u00e1pido\u201d, dice. \u201cMi resurrecci\u00f3n comenz\u00f3 cuando me oper\u00e9 por cuarta vez del brazo. Fui a Estados Unidos para romp\u00e9rmelo de nuevo y me lo enderezaran. Con el brazo torcido pod\u00eda llevar una vida normal, pero no manejar una moto. Asum\u00ed el riesgo\u201d.<\/p>\n<p><img decoding=\"auto\" class=\"_re lazyload a_m-h\" height=\"276\"  width=\"414\"  src=\"https:\/\/www.europesays.com\/es\/wp-content\/uploads\/2025\/12\/K56IGY6AW5MKZAQ52N6AAQCMIM.jpg\" loading=\"lazy\"\/>Lindsey Vonn, en el supergigante de Val d&#8217;Is\u00e8re.Pier Marco Tacca (AP)<\/p>\n<p class=\"\">M\u00e1rquez es una excepci\u00f3n como lo es, <a href=\"https:\/\/elpais.com\/deportes\/2024-11-14\/lindsey-vonn-leyenda-del-esqui-vuelve-a-competir-tras-cinco-anos-retirada.html\" target=\"_self\" rel=\"nofollow noopener\" title=\"https:\/\/elpais.com\/deportes\/2024-11-14\/lindsey-vonn-leyenda-del-esqui-vuelve-a-competir-tras-cinco-anos-retirada.html\">entre las mujeres, Lindsey Vonn, <\/a>la esquiadora de Minnesota, que ha regresado a los 41 a\u00f1os, nueve a\u00f1os despu\u00e9s de su \u00faltimo Globo de Oro, y con una rodilla ortop\u00e9dica para, sin pedir permiso ni dar las gracias a nadie, ni abrazar a su compatriota y rival Mikaela Shiffrin, la reina del slalom y las pruebas lentas, volver a ser campeona ol\u00edmpica 16 a\u00f1os despu\u00e9s de su oro en el descenso de Vancouver. Cuando hace unas semanas se impuso en el descenso de Saint Moritz, regresaba con ella, y su gorrito con orejas de Minnie, una \u00e9poca de estrellato en revistas de glamour y papel couch\u00e9, un pasado que ya no existe, como la nieve que ha desaparecido de la estaci\u00f3n de Deer Valley, en las Rocosas de Utah, donde se cas\u00f3 para un matrimonio que dur\u00f3 cuatro a\u00f1os, un poco menos que la nieve que se deshace. <a href=\"https:\/\/elpais.com\/deportes\/2024-11-14\/lindsey-vonn-leyenda-del-esqui-vuelve-a-competir-tras-cinco-anos-retirada.html\" target=\"_self\" rel=\"nofollow noopener\" title=\"https:\/\/elpais.com\/deportes\/2024-11-14\/lindsey-vonn-leyenda-del-esqui-vuelve-a-competir-tras-cinco-anos-retirada.html\">Con la rodilla rota fue novia de Tiger Woods, <\/a>el as del golf con la espalda rota, y jug\u00f3 con el al golf en Augusta y \u00e9l esqui\u00f3 con ella en Suiza, y fueron dos a\u00f1os la pareja ideal, el se\u00f1uelo del deporte.<\/p>\n<p><img decoding=\"auto\" class=\"_re lazyload a_m-h\" height=\"276\"  width=\"414\"  src=\"https:\/\/www.europesays.com\/es\/wp-content\/uploads\/2025\/12\/RGLWR7FKKFBTZACZC4KQGDPWCM.jpg\" loading=\"lazy\"\/>Luis Enrique agita la Supercopa tras derrotar al Tottenham en la final de Udine.Mondadori Portfolio (Mondadori Portfolio via Getty Images)<\/p>\n<p class=\"\">Pero hasta el mundo del f\u00fatbol, tradicionalmente sulf\u00farico, Mourinho sac\u00e1ndole un ojo a Guardiola y cosas as\u00ed, parece haberse acomodado a la placidez edulcorada de unas Navidades a los Disney, el business bien engrasado, con <a href=\"https:\/\/elpais.com\/expres\/2025-06-01\/el-psg-arrasa-al-inter-y-levanta-su-primera-champions.html\" target=\"_self\" rel=\"nofollow noopener\" title=\"https:\/\/elpais.com\/expres\/2025-06-01\/el-psg-arrasa-al-inter-y-levanta-su-primera-champions.html\">Luis Enrique, educado y alegre al fin, guiando al PSG a una Champions espectacular (5-0 al Inter)<\/a>, colega de sus futbolistas y hasta capaz de conseguir que el Bal\u00f3n de Oro se lo lleve nada menos que Ousmane Demb\u00e9l\u00e9, repudiado por el Bar\u00e7a. Solo el mal humor y la frustraci\u00f3n de Vinicius, el teatrillo de los presidentes y las extravagancias malinterpretadas de Lamine Yamal devuelven al f\u00fatbol a su tradici\u00f3n peleona.<\/p>\n<p><img decoding=\"auto\" class=\"_re lazyload a_m-h\" height=\"282\"  width=\"414\"  src=\"https:\/\/www.europesays.com\/es\/wp-content\/uploads\/2025\/12\/S6UTV2YNKJDFPIKJVQMVKACSXA.jpg\" loading=\"lazy\"\/>Pauline Ferrand-Pr\u00e9vot, ganadora del Tour.Szymon Gruchalski (Getty Images)<\/p>\n<p class=\"\">El a\u00f1o siguiente de ser campeona ol\u00edmpica,<a href=\"https:\/\/elpais.com\/deportes\/2025-12-01\/maria-perez-he-tenido-que-ganar-seis-medallas-en-tres-anos-para-que-me-premien.html\" target=\"_self\" rel=\"nofollow noopener\" title=\"https:\/\/elpais.com\/deportes\/2025-12-01\/maria-perez-he-tenido-que-ganar-seis-medallas-en-tres-anos-para-que-me-premien.html\"> Mar\u00eda P\u00e9rez vuelve a ganar dos oros en un Mundial de marcha. <\/a>Lo hizo en Tokio como lo hab\u00eda hecho en Budapest 2023, y entra en un muy restringido mundo de campeones de atletismo en el que solo hab\u00eda hombres gigantescos. como Usain Bolt o Carl Lewis. La declaraci\u00f3n de amor deportivo de la atleta de Orce por Palmisano, su proclama constante de los valores del deporte, forma parte tambi\u00e9n de la lucha de todas las mujeres deportistas, que no pueden permitirse decir que lo suyo es un juego, porque, siguiendo la estela de Serena Williams, Simone Biles, Megan Rapinoe o Billie Jean King, siempre parecen sentir la necesidad de autoafirmarse en un mundo tan macho como el del deporte, de pedir permiso para tener un determinado f\u00edsico fijado por la mirada masculina, de dar las gracias. Por eso la rabia siempre latente, la mala leche competitiva de muchas, de la propia Mar\u00eda P\u00e9rez, de la campeona del mundo j\u00fanior de ciclismo Paula Ostiz, de la ciclista francesa Pauline Ferrand Pr\u00e9vot, campeona ol\u00edmpica de mountain bike y ganadora del \u00faltimo Tour, que, al mismo tiempo que elogios por sus haza\u00f1as, recibe cr\u00edticas aceradas por su delgadez de ciclista escaladora, cuando la finura extrema, la ausencia de grasa, es el mejor piropo que le gusta o\u00edr a un hombre, y entre ellos se saludan pellizc\u00e1ndose discretamente la cintura para medir a ojo el porcentaje de grasa del rival.<\/p>\n<p class=\"\">La mujer sufre m\u00e1s, como la campeona ol\u00edmpica de b\u00e1dminton Carolina Mar\u00edn con la rodilla rota, que confiesa en redes que ha \u201ccolapsado\u201d y se borra de las redes para vivir m\u00e1s consigo misma, o como la mejor atleta del mundo, Sydney McLaughlin-Levrone, la silente campeona ol\u00edmpica y mundial que se niega a hablar apenas, a salir de su cascar\u00f3n protector y solo deja hablar, hermosos, a sus tobillos en las curvas de seda de sus 400m, y, por si acaso, ha unido a su apellido un guion para a\u00f1adir el apellido de su marido.<\/p>\n<p><img decoding=\"auto\" class=\"_re lazyload a_m-h\" height=\"311\"  width=\"414\"  src=\"https:\/\/www.europesays.com\/es\/wp-content\/uploads\/2025\/12\/7RVG254ES5EGXALT5VZ5RBAODM.jpg\" loading=\"lazy\"\/>Aitana Bonmat\u00ed celebra su gol a Alemania en la semifinal de la Eurocopa.Alexander Hassenstein (Getty Images)<\/p>\n<p class=\"\">Es la carga de las mujeres de la que no se desembaraza Jenni Hermoso, muda a\u00fan dos a\u00f1os despu\u00e9s de sufrir el beso forzado de Rubiales que, sirvi\u00f3, ir\u00f3nicamente, para reforzar el papel protagonista de la selecci\u00f3n de f\u00fatbol campeona del mundo en Australia. <a href=\"https:\/\/elpais.com\/deportes\/futbol\/2025-12-16\/aitana-bonmati-y-su-tercer-the-best-premio-a-un-ano-exitoso-con-mas-partidos-que-nunca-y-una-fractura-en-el-perone.html\" target=\"_self\" rel=\"nofollow noopener\" title=\"https:\/\/elpais.com\/deportes\/futbol\/2025-12-16\/aitana-bonmati-y-su-tercer-the-best-premio-a-un-ano-exitoso-con-mas-partidos-que-nunca-y-una-fractura-en-el-perone.html\">El inicio de un espejismo, el nacimiento de una estrella como Aitana Bonmat\u00ed,<\/a> tres veces seguidas elegida la mejor jugadora del mundo tanto para la FIFA como para el jurado del Bal\u00f3n de Oro, y eso un 2025 en el que Lisboa y los penaltis de Basilea supusieron un final amargo tanto para su Bar\u00e7a en la Champions como para la selecci\u00f3n en la Eurocopa a manos del f\u00fatbol ingl\u00e9s.<\/p>\n<p class=\"\">Para superarla, la nadadora canadiense <a href=\"https:\/\/elpais.com\/deportes\/2025-07-29\/fred-vergnoux-summer-quiere-pelear-con-la-reina-ledecky.html\" target=\"_self\" rel=\"nofollow noopener\" title=\"https:\/\/elpais.com\/deportes\/2025-07-29\/fred-vergnoux-summer-quiere-pelear-con-la-reina-ledecky.html\">Summer McKintosh, la reina de los Mundiales de Singapur <\/a>con cuatro oros, preferir\u00eda quiz\u00e1s ser hombre. Ha llamado a su gato Mickey, nombre de rat\u00f3n, porque siente adoraci\u00f3n por Michael Phelps, y se entrena en Austin con el entrenador del dios de las piscinas, Bill Bowman.Tendr\u00e1 solo 22 a\u00f1os en Los Juegos de los \u00c1ngeles, y sumar\u00e1 seguramente cinco oros ol\u00edmpicos m\u00e1s a los tres de Par\u00eds. Y se sentir\u00e1 m\u00e1s cerca de Phelps, su referencia \u00fanica.<\/p>\n<p class=\"\">El mundo est\u00e1 llegando a 2026. Bonmat\u00ed, muy parca en palabras, no sigue el camino rebelde y reivindicativo de Megan Rapinoe, la primera futbolista megaestrella dentro y fuera del campo, pero al menos no contribuye a transformar la \u00e9pica en farsa como hace Aryna Sabalenka, la tenista n\u00famero uno del mundo (dos Open de Australia y dos de EE UU), prest\u00e1ndose a una segunda batalla de los sexos en una pista de tenis. El rival de la bielorrusa fue precisamente el bocazas australiano Nick Kyrgios, un mal imitador del mal humor y las rabietas de John McEnroe. Lo organiz\u00f3 en Dub\u00e1i el m\u00e1nager com\u00fan de ambos tenistas, que se prestaron al show y Sabalenka acept\u00f3 jugar en una pista en la que su lado, que nunca intercambi\u00f3, era un 9% m\u00e1s peque\u00f1o que el del hombre. Fue una burla a la primera guerra de los sexos, la que en 1973 libr\u00f3, y gan\u00f3 Billie Jean King, que respondi\u00f3 al desaf\u00edo de Billy Riggs. \u201cLo \u00fanico similar es que se enfrentan un chico y una chica: mi desaf\u00edo representaba la igualdad, la libertad, la igualdad de remuneraci\u00f3n por un trabajo de igual valor, era el s\u00edmbolo del cambio social\u201d, ha dicho Billie Jean King. Y todo el mundo la escuch\u00f3 porque 52 a\u00f1os despu\u00e9s el mundo ha podido cambiar algo, y los campeones pueden ser buenos chicos, pero la discriminaci\u00f3n nunca cesa.<\/p>\n","protected":false},"excerpt":{"rendered":"En el a\u00f1o 394 d. C., un militar espa\u00f1ol fan\u00e1tico nacido en Coca, a orillas del Eresma y&hellip;\n","protected":false},"author":2,"featured_media":315398,"comment_status":"","ping_status":"","sticky":false,"template":"","format":"standard","meta":{"footnotes":""},"categories":[93],"tags":[6748,20308,928,11485,545,313,168,927,25,24,15583,73849,282,544,10409,73581,73848,10402,13638,38009,16628,633,73847,4409,606,2624,6044,23,167,11900,327,2322],"class_list":{"0":"post-315397","1":"post","2":"type-post","3":"status-publish","4":"format-standard","5":"has-post-thumbnail","7":"category-deportes","8":"tag-aitana-bonmati","9":"tag-armand-duplantis","10":"tag-atletas","11":"tag-atletismo","12":"tag-carlos-alcaraz","13":"tag-ciclismo","14":"tag-deportes","15":"tag-deportistas","16":"tag-es","17":"tag-espana","18":"tag-esqui","19":"tag-f1-world-grand-prix","20":"tag-futbol","21":"tag-jannik-sinner","22":"tag-juegos-olimpicos","23":"tag-juegos-olimpicos-invierno","24":"tag-lindsey-vonn","25":"tag-luis-enrique","26":"tag-marc-marquez","27":"tag-maria-perez","28":"tag-motociclismo","29":"tag-natacion","30":"tag-patinaje","31":"tag-psg","32":"tag-rory-mcilroy","33":"tag-ryder-cup","34":"tag-sabalenka","35":"tag-spain","36":"tag-sports","37":"tag-summer-mcintosh","38":"tag-tenis","39":"tag-tour-francia"},"share_on_mastodon":{"url":"","error":"Validation failed: Text character limit of 500 exceeded"},"_links":{"self":[{"href":"https:\/\/www.europesays.com\/es\/wp-json\/wp\/v2\/posts\/315397","targetHints":{"allow":["GET"]}}],"collection":[{"href":"https:\/\/www.europesays.com\/es\/wp-json\/wp\/v2\/posts"}],"about":[{"href":"https:\/\/www.europesays.com\/es\/wp-json\/wp\/v2\/types\/post"}],"author":[{"embeddable":true,"href":"https:\/\/www.europesays.com\/es\/wp-json\/wp\/v2\/users\/2"}],"replies":[{"embeddable":true,"href":"https:\/\/www.europesays.com\/es\/wp-json\/wp\/v2\/comments?post=315397"}],"version-history":[{"count":0,"href":"https:\/\/www.europesays.com\/es\/wp-json\/wp\/v2\/posts\/315397\/revisions"}],"wp:featuredmedia":[{"embeddable":true,"href":"https:\/\/www.europesays.com\/es\/wp-json\/wp\/v2\/media\/315398"}],"wp:attachment":[{"href":"https:\/\/www.europesays.com\/es\/wp-json\/wp\/v2\/media?parent=315397"}],"wp:term":[{"taxonomy":"category","embeddable":true,"href":"https:\/\/www.europesays.com\/es\/wp-json\/wp\/v2\/categories?post=315397"},{"taxonomy":"post_tag","embeddable":true,"href":"https:\/\/www.europesays.com\/es\/wp-json\/wp\/v2\/tags?post=315397"}],"curies":[{"name":"wp","href":"https:\/\/api.w.org\/{rel}","templated":true}]}}