{"id":315407,"date":"2025-12-31T09:54:32","date_gmt":"2025-12-31T09:54:32","guid":{"rendered":"https:\/\/www.europesays.com\/es\/315407\/"},"modified":"2025-12-31T09:54:32","modified_gmt":"2025-12-31T09:54:32","slug":"cinco-balizas-v-16-que-si-podras-usar-en-2026-tras-la-retirada-de-algunos-modelos-por-parte-de-la-dgt-tecnologia-escaparate","status":"publish","type":"post","link":"https:\/\/www.europesays.com\/es\/315407\/","title":{"rendered":"Cinco balizas V-16 que s\u00ed podr\u00e1s usar en 2026 tras la retirada de algunos modelos por parte de la DGT | Tecnolog\u00eda | Escaparate"},"content":{"rendered":"<p class=\"\">Las balizas de emergencia V-16 han vuelto a estar en el punto de mira tras la retirada de la homologaci\u00f3n de varios modelos que se comercializaban como v\u00e1lidos. Este cambio ha generado dudas entre muchos conductores. \u00bfSirve mi baliza? \u00bfCu\u00e1l debo comprar? \u00bfQu\u00e9 exige realmente la normativa? En este art\u00edculo aclaramos <a href=\"https:\/\/motor.elpais.com\/actualidad\/estas-balizas-de-emergencia-v-16-ya-no-tienen-homologacion-que-pasa-si-ya-he-comprado-una-de-ellas\/\" target=\"_blank\" rel=\"nofollow noopener\" title=\"https:\/\/motor.elpais.com\/actualidad\/estas-balizas-de-emergencia-v-16-ya-no-tienen-homologacion-que-pasa-si-ya-he-comprado-una-de-ellas\/\">qu\u00e9 es una baliza V-16, para qu\u00e9 sirve, qu\u00e9 ha ocurrido recientemente y te mostramos varios modelos<\/a> que s\u00ed est\u00e1n homologados.<\/p>\n<p>\u00bfQu\u00e9 es una baliza v-16 y para qu\u00e9 sirve?<\/p>\n<p class=\"\">La baliza V-16 es un <b>dispositivo luminoso de se\u00f1alizaci\u00f3n de emergencia<\/b> dise\u00f1ado para advertir al resto de conductores cuando un veh\u00edculo se encuentra detenido en la v\u00eda por aver\u00eda o accidente. Se coloca en el techo del coche sin necesidad de bajar del veh\u00edculo, lo que mejora notablemente la seguridad del conductor.<\/p>\n<p class=\"\">A diferencia de los antiguos tri\u00e1ngulos de emergencia, las balizas V-16:<\/p>\n<ul>\n<li>Emiten una <b>luz visible a gran distancia<\/b> (360\u00ba).<\/li>\n<li>Se colocan en segundos desde el interior del veh\u00edculo.<\/li>\n<li>En su versi\u00f3n homologada actual, <b>incorporan conectividad<\/b> para enviar la ubicaci\u00f3n del veh\u00edculo a la plataforma DGT 3.0.<\/li>\n<\/ul>\n<p class=\"\">Desde el <b>1 de enero de 2026<\/b>, estas balizas sustituir\u00e1n definitivamente a los tri\u00e1ngulos.<\/p>\n<p>\u00bfQu\u00e9 ha pasado recientemente con las balizas v-16?<\/p>\n<p class=\"\">Recientemente, la Direcci\u00f3n General de Tr\u00e1fico ha retirado la <b>homologaci\u00f3n a varios modelos de balizas V-16<\/b> que figuraban en el listado oficial. El motivo no es un fallo de funcionamiento, sino la <b>caducidad de los certificados de homologaci\u00f3n<\/b>, que no han sido renovados por los fabricantes.<\/p>\n<p class=\"\">Esto ha provocado confusi\u00f3n entre los usuarios, ya que algunas de estas balizas se vend\u00edan como homologadas hasta hace poco. La DGT ha aclarado que:<\/p>\n<ul>\n<li>Las balizas ya adquiridas <b>no ser\u00e1n sancionadas<\/b>.<\/li>\n<li>Sin embargo, <b>ya no se consideran v\u00e1lidas para nuevas compras<\/b>.<\/li>\n<li>Es fundamental consultar el <a href=\"https:\/\/www.dgt.es\/muevete-con-seguridad\/tecnologia-e-innovacion-en-carretera\/Dispositivos-de-presenalizacion-V16\/\" target=\"_blank\" rel=\"nofollow noopener\" title=\"https:\/\/www.dgt.es\/muevete-con-seguridad\/tecnologia-e-innovacion-en-carretera\/Dispositivos-de-presenalizacion-V16\/\">listado oficial actualizado de la DGT<\/a> antes de adquirir una baliza.<\/li>\n<\/ul>\n<p class=\"\">Para evitar dudas y ayudarte a elegir correctamente, a continuaci\u00f3n, desde<a href=\"https:\/\/elpais.com\/escaparate\/\" target=\"_blank\" rel=\"nofollow noopener\" title=\"https:\/\/elpais.com\/escaparate\/\"> El Pa\u00eds Escaparate<\/a>, te vamos a mostrar 5 modelos de balizas V-16 que s\u00ed est\u00e1n homologados actualmente y cumplen con la normativa vigente, incluyendo la conectividad exigida por la DGT.<\/p>\n<p>EXTRASTAR <\/p>\n<p class=\"\">La baliza <b>EXTRASTAR V16<\/b> es un dispositivo de emergencia homologado por la DGT que cumple con todos los requisitos exigidos para su uso obligatorio a partir de 2026. Ofrece una se\u00f1al luminosa LED de alta intensidad visible en 360 grados y a larga distancia, lo que mejora notablemente la seguridad en situaciones de aver\u00eda o accidente. Incorpora geolocalizaci\u00f3n autom\u00e1tica mediante eSIM integrada, enviando la ubicaci\u00f3n del veh\u00edculo a la plataforma DGT 3.0 sin necesidad de intervenci\u00f3n del conductor. Adem\u00e1s, su base magn\u00e9tica permite colocarla f\u00e1cilmente en el techo del coche sin salir del habit\u00e1culo, y cuenta con conectividad incluida durante varios a\u00f1os, lo que evita costes adicionales.<\/p>\n<p><img decoding=\"auto\" class=\"_re lazyload a_m-h\" height=\"233\"  width=\"414\"  src=\"https:\/\/www.europesays.com\/es\/wp-content\/uploads\/2025\/12\/A2GIFDQAHZGW7ASADIIHQL5MYM.jpg\" loading=\"lazy\"\/>EXTRASTARCORTES\u00cdA DE AMAZONFASELIGHT IoT <\/p>\n<p class=\"\">La <b>FASELIGHT IoT V16<\/b> es una baliza dise\u00f1ada y fabricada en Espa\u00f1a, pensada para ofrecer una comunicaci\u00f3n fiable y directa con la DGT en caso de emergencia. Utiliza tecnolog\u00eda NB-IoT, que garantiza una cobertura estable incluso en zonas con baja se\u00f1al, y transmite la ubicaci\u00f3n del veh\u00edculo de forma an\u00f3nima (<b>no incluyen informaci\u00f3n personal identificable<\/b> del conductor ni del veh\u00edculo m\u00e1s all\u00e1 de lo estrictamente necesario para la gesti\u00f3n de la emergencia, la baliza env\u00eda <b>coordenadas y hora<\/b> a la DGT para avisar de un incidente, n<b>o comparte matr\u00edcula, nombre del conductor, ni otros datos personales<\/b>) a la plataforma DGT 3.0. Su potente sistema de iluminaci\u00f3n asegura visibilidad a gran distancia y en condiciones adversas, mientras que su dise\u00f1o compacto y resistente la hace adecuada para un uso prolongado. Es una opci\u00f3n especialmente interesante para quienes buscan un producto desarrollado bajo est\u00e1ndares tecnol\u00f3gicos avanzados y alineado con la normativa futura.<\/p>\n<p><img decoding=\"auto\" class=\"_re lazyload a_m-h\" height=\"233\"  width=\"414\"  src=\"https:\/\/www.europesays.com\/es\/wp-content\/uploads\/2025\/12\/DFDCRTAGUZCQXAJGPNU3ZX65X4.jpg\" loading=\"lazy\"\/>FASELIGHT IoT.CORTES\u00cdA DE AMAZONG-LEKO<\/p>\n<p class=\"\">La baliza <b>G-LEKO V16<\/b> est\u00e1 homologada y preparada para cumplir con la normativa de se\u00f1alizaci\u00f3n de emergencia que entrar\u00e1 en vigor en 2026. Destaca por su alta visibilidad en 360 grados y por incorporar un sistema de geolocalizaci\u00f3n que env\u00eda autom\u00e1ticamente la posici\u00f3n del veh\u00edculo a la DGT a trav\u00e9s de la red conectada. Su funcionamiento es sencillo e intuitivo, pensada para activarse r\u00e1pidamente en situaciones de estr\u00e9s. Adem\u00e1s, cuenta con una estructura resistente y una base magn\u00e9tica estable, lo que facilita su colocaci\u00f3n segura sobre el veh\u00edculo sin necesidad de bajar a la calzada, reduciendo as\u00ed el riesgo para el conductor.<\/p>\n<p><img decoding=\"auto\" class=\"_re lazyload a_m-h\" height=\"233\"  width=\"414\"  src=\"https:\/\/www.europesays.com\/es\/wp-content\/uploads\/2025\/12\/E3BOAALJKBDL5JQBBJMMYRW2UI.jpg\" loading=\"lazy\"\/>G-LEKOCORTES\u00cdA DE AMAZONHELP FLASH IOT+<\/p>\n<p class=\"\">La <b>Help Flash IoT+<\/b> es una de las balizas V-16 homologadas m\u00e1s conocidas y consolidadas del mercado, dise\u00f1ada para cumplir con todos los requisitos que ser\u00e1n obligatorios a partir de 2026. Incorpora conectividad IoT mediante <b>eSIM NB-IoT con datos incluidos<\/b>, lo que permite que, al activarse en caso de aver\u00eda o accidente, env\u00ede autom\u00e1ticamente la ubicaci\u00f3n del veh\u00edculo a la plataforma <b>DGT 3.0<\/b> sin necesidad de intervenci\u00f3n adicional del conductor. Ofrece una se\u00f1al luminosa LED de alta intensidad, visible en 360 grados y a gran distancia, incluso en condiciones meteorol\u00f3gicas adversas. Su base magn\u00e9tica facilita una colocaci\u00f3n r\u00e1pida y segura en el techo del veh\u00edculo desde el interior, priorizando la seguridad del usuario.<\/p>\n<p><img decoding=\"auto\" class=\"_re lazyload a_m-h\" height=\"233\"  width=\"414\"  src=\"https:\/\/www.europesays.com\/es\/wp-content\/uploads\/2025\/12\/QLRWRZ2PYRGCHHSWXB3LXIF2FA.jpg\" loading=\"lazy\"\/>HELP FLASH +CORTES\u00cdA DE AMAZONSOS ROAD<\/p>\n<p class=\"\">La <b>SOS ROAD V16 <\/b>es una baliza de emergencia homologada por la DGT y preparada para cumplir con la normativa que ser\u00e1 obligatoria a partir de 2026. Al activarse en caso de aver\u00eda o accidente, env\u00eda autom\u00e1ticamente la ubicaci\u00f3n del veh\u00edculo a la plataforma <b>DGT 3.0<\/b> mediante su sistema de conectividad integrado. Su luz LED de alta intensidad proporciona visibilidad en 360 grados y a larga distancia, facilitando que otros conductores detecten el veh\u00edculo detenido con antelaci\u00f3n. Dispone de una base magn\u00e9tica que permite colocarla de forma r\u00e1pida y segura sobre el techo del coche sin necesidad de salir del veh\u00edculo. Adem\u00e1s, su dise\u00f1o compacto y su carcasa resistente a la lluvia y al polvo garantizan un funcionamiento fiable en diferentes condiciones, convirti\u00e9ndola en una opci\u00f3n pr\u00e1ctica y f\u00e1cil de usar para la se\u00f1alizaci\u00f3n de emergencias.<\/p>\n<p><img decoding=\"auto\" class=\"_re lazyload a_m-h\" height=\"233\"  width=\"414\"  src=\"https:\/\/www.europesays.com\/es\/wp-content\/uploads\/2025\/12\/FKYXLEINAZEZ7IFMUG4NVSX5YA.jpg\" loading=\"lazy\"\/>SOS ROAD.CORTES\u00cdA DE AMAZON<\/p>\n<p class=\"\">Con estas opciones homologadas, los conductores pueden cumplir la normativa de forma segura y sin sorpresas. Elegir una baliza V\u201116 conectada garantiza visibilidad y geolocalizaci\u00f3n en caso de emergencia. Antes de comprar, siempre conviene consultar el listado oficial de la DGT para confirmar que el modelo elegido est\u00e1 vigente.<\/p>\n<p class=\"\">[Recuerda que si eres usuario de Amazon Prime, todas las compras tienen gastos de env\u00edo gratuitos. Amazon ofrece un per\u00edodo de prueba gratuito y sin compromiso durante 30 d\u00edas.]<\/p>\n<p class=\"\">*Todos los precios de compra incluidos en este art\u00edculo est\u00e1n actualizados a 30 de diciembre de 2025.<\/p>\n<p class=\"\">Puedes seguir a EL PA\u00cdS ESCAPARATE en <a href=\"https:\/\/www.instagram.com\/escaparate.elpais\/\" target=\"_blank\" rel=\"nofollow noopener\" title=\"https:\/\/www.instagram.com\/escaparate.elpais\/\">Instagram<\/a>, o suscribirte aqu\u00ed a nuestra<a href=\"https:\/\/plus.elpais.com\/newsletters\/lnp\/1\/365\/?prm=not_landingnwl_esc\" target=\"_blank\" rel=\"nofollow noopener\" title=\"https:\/\/plus.elpais.com\/newsletters\/lnp\/1\/365\/?prm=not_landingnwl_esc\"> Newsletter<\/a>. <\/p>\n<p>* Nuestros periodistas recomiendan de forma rigurosa e independiente productos y servicios que puedes adquirir en Internet. Cada vez que compras a trav\u00e9s de algunos enlaces a\u00f1adidos al texto, EL PA\u00cdS recibe una comisi\u00f3n. <a href=\"https:\/\/elpais.com\/elpais\/2017\/05\/05\/escaparate\/1493975850_576536.html\" target=\"_blank\" rel=\"noopener nofollow\">Lee aqu\u00ed<\/a> nuestra pol\u00edtica comercial.<\/p>\n<p><script async src=\"\/\/www.instagram.com\/embed.js\"><\/script><\/p>\n","protected":false},"excerpt":{"rendered":"Las balizas de emergencia V-16 han vuelto a estar en el punto de mira tras la retirada de&hellip;\n","protected":false},"author":2,"featured_media":315408,"comment_status":"","ping_status":"","sticky":false,"template":"","format":"standard","meta":{"footnotes":""},"categories":[5],"tags":[5960,912,73851,17,18,1558,1776,814,25,24,13,14,11,19,20,9,73850,10,15,16,23,12,21,22],"class_list":{"0":"post-315407","1":"post","2":"type-post","3":"status-publish","4":"format-standard","5":"has-post-thumbnail","7":"category-titulares","8":"tag-accidentes","9":"tag-amazon","10":"tag-averias","11":"tag-breaking-news","12":"tag-breakingnews","13":"tag-coches","14":"tag-comercio-electronico","15":"tag-dgt","16":"tag-es","17":"tag-espana","18":"tag-featured-news","19":"tag-featurednews","20":"tag-headlines","21":"tag-latest-news","22":"tag-latestnews","23":"tag-news","24":"tag-normativa-juridica","25":"tag-noticias","26":"tag-noticias-destacadas","27":"tag-noticiasdestacadas","28":"tag-spain","29":"tag-titulares","30":"tag-ultimas-noticias","31":"tag-ultimasnoticias"},"share_on_mastodon":{"url":"https:\/\/pubeurope.com\/@es\/115813578434770117","error":""},"_links":{"self":[{"href":"https:\/\/www.europesays.com\/es\/wp-json\/wp\/v2\/posts\/315407","targetHints":{"allow":["GET"]}}],"collection":[{"href":"https:\/\/www.europesays.com\/es\/wp-json\/wp\/v2\/posts"}],"about":[{"href":"https:\/\/www.europesays.com\/es\/wp-json\/wp\/v2\/types\/post"}],"author":[{"embeddable":true,"href":"https:\/\/www.europesays.com\/es\/wp-json\/wp\/v2\/users\/2"}],"replies":[{"embeddable":true,"href":"https:\/\/www.europesays.com\/es\/wp-json\/wp\/v2\/comments?post=315407"}],"version-history":[{"count":0,"href":"https:\/\/www.europesays.com\/es\/wp-json\/wp\/v2\/posts\/315407\/revisions"}],"wp:featuredmedia":[{"embeddable":true,"href":"https:\/\/www.europesays.com\/es\/wp-json\/wp\/v2\/media\/315408"}],"wp:attachment":[{"href":"https:\/\/www.europesays.com\/es\/wp-json\/wp\/v2\/media?parent=315407"}],"wp:term":[{"taxonomy":"category","embeddable":true,"href":"https:\/\/www.europesays.com\/es\/wp-json\/wp\/v2\/categories?post=315407"},{"taxonomy":"post_tag","embeddable":true,"href":"https:\/\/www.europesays.com\/es\/wp-json\/wp\/v2\/tags?post=315407"}],"curies":[{"name":"wp","href":"https:\/\/api.w.org\/{rel}","templated":true}]}}