{"id":315442,"date":"2025-12-31T10:27:11","date_gmt":"2025-12-31T10:27:11","guid":{"rendered":"https:\/\/www.europesays.com\/es\/315442\/"},"modified":"2025-12-31T10:27:11","modified_gmt":"2025-12-31T10:27:11","slug":"creci-en-una-familia-humilde","status":"publish","type":"post","link":"https:\/\/www.europesays.com\/es\/315442\/","title":{"rendered":"Crec\u00ed en una familia humilde"},"content":{"rendered":"<p data-journey-content=\"true\" data-node-id=\"3\" class=\"css-6wxqfj emevuu60\">Juan del Val (Madrid, 1970) ha construido en los \u00faltimos a\u00f1os una carrera en los medios de comunicaci\u00f3n, como colaborador en televisi\u00f3n y como escritor, un camino que ha recorrido en paralelo junto a su mujer, Nuria Roca. Su reconocimiento m\u00e1s grande ha llegado con <strong data-node-id=\"3.1\">el <a href=\"https:\/\/www.elle.com\/es\/living\/ocio-cultura\/a45553815\/mejores-libros-leer-ganadores-premio-planeta\/\" data-vars-ga-outbound-link=\"https:\/\/www.elle.com\/es\/living\/ocio-cultura\/a45553815\/mejores-libros-leer-ganadores-premio-planeta\/\" data-vars-ga-ux-element=\"Hyperlink\" data-vars-ga-call-to-action=\"Premio Planeta\" data-node-id=\"3.1.1\" class=\"body-link css-103hk4r emevuu60\" rel=\"nofollow noopener\" target=\"_blank\">Premio Planeta<\/a> por su novela \u2018Vera, una historia de amor\u2019, un galard\u00f3n que ha provocado todo tipo de debates.<\/strong><\/p>\n<p data-journey-content=\"true\" data-node-id=\"6\" class=\"css-6wxqfj emevuu60\">Juan del Val <strong data-node-id=\"6.1\">creci\u00f3 en Madrid, en el barrio de la Estrella, entre los barrios de Moratalaz y Vallecas.<\/strong> En los 70, esta zona estaba todav\u00eda en proceso de construcci\u00f3n y se consideraba de clase media.<\/p>\n<p><img draggable=\"true\" alt=\"madrid, spain october 21: nuria roca (r) and juan del val (l) present cortefiel new campaign on october 21, 2021 in madrid, spain. (photo by pablo cuadra\/getty images)\" title=\"Cortefiel New Campaign Presentation In Madrid\" loading=\"lazy\" width=\"1024\" height=\"683\" decoding=\"async\" data-nimg=\"1\" style=\"color:transparent;width:100%;height:auto;\"   src=\"https:\/\/www.europesays.com\/es\/wp-content\/uploads\/2025\/12\/gettyimages-1347882931-693bee78f4223.jpg\" class=\"css-0 e1g79fud0\"\/><a target=\"_blank\" rel=\"noopener nofollow\" data-theme-key=\"base-link\" href=\"https:\/\/pinterest.com\/pin\/create\/button\/?url=https:\/\/www.elle.com\/es\/living\/ocio-cultura\/a69707105\/juan-del-val-escritor-infancia-en-madrid-premio-planeta-vera-una-historia-de-amor\/&amp;description=- ElleSpain&amp;media=https:\/\/hips.hearstapps.com\/hmg-prod\/images\/gettyimages-1347882931-693bee78f4223.jpg?resize=1600:*\" class=\"pinterest css-on9hn5 e1c1bym14\"><img decoding=\"async\" data-dynamic-svg=\"true\" src=\"https:\/\/www.elle.com\/_assets\/design-tokens\/fre\/static\/icons\/social\/pinterest.e8cf655.svg?primary=%2523ffffff\" loading=\"lazy\" data-testid=\"dynamic-svg-base\" height=\"auto\" width=\"auto\" alt=\"pinterest\" class=\"css-4lml0h e1mlxuuw1\"\/><\/a>Pablo Cuadra<\/p>\n<p>Juan del Val y su mujer Nuria Roca. <\/p>\n<p><strong data-node-id=\"9.0\">Una historia de amor y m\u00e1s cosas<\/strong><\/p>\n<p data-journey-content=\"true\" data-node-id=\"11\" class=\"css-6wxqfj emevuu60\">Su inter\u00e9s por la cultura no fue algo intr\u00ednseco en la vida de Juan del Val. En su momento, a pesar de haber vivido la \u00e9poca de la movida madrile\u00f1a con la explosi\u00f3n de la cultura y la diversi\u00f3n despu\u00e9s de una larga dictadura, \u00e9l no estaba del todo interesado ni preocupado por eso. Seg\u00fan contaba en una entrevista para Elle,<strong data-node-id=\"11.1\"> \u00abmi adolescencia ten\u00eda m\u00e1s que ver con qu\u00e9 calle cog\u00eda para que no me atracaran, que con estar viendo obras de Andy Warhol, que no ten\u00eda ni idea de qui\u00e9n era\u00bb.<\/strong><\/p>\n<p data-journey-content=\"true\" data-node-id=\"14\" class=\"css-6wxqfj emevuu60\">La novela por la que ha recibido el premio en realidad tiene mucho que ver con lo que ha vivido el escritor. Ambientada en Sevilla, explica <strong data-node-id=\"14.1\">el amor entre diferentes clases sociales<\/strong>. Vera, casada con un mmarqu\u00e9s, empieza a cuestionar su vida cuando aparece Antonio, un joven modesto ajeno a su mundo y al lujo con el que ella hab\u00eda convivido. <\/p>\n<p><img draggable=\"true\" alt=\"winner of spains 2025 premio planeta award, spanish writer juan del val poses with the trophy for his novel no es tan facil de morir de amor (its not so easy to die of love) writen under the pseudonym elvira torres, after the ceremony of the 74th edition of the premio planeta award at the national art museum of catalonia in barcelona on october 15, 2025. (photo by manaure quintero \/ afp) (photo by manaure quintero\/afp via getty images)\" title=\"SPAIN-LITERATURE-AWARD-PLANETA\" loading=\"lazy\" width=\"683\" height=\"1024\" decoding=\"async\" data-nimg=\"1\" style=\"color:transparent;width:100%;height:auto;\"   src=\"https:\/\/www.europesays.com\/es\/wp-content\/uploads\/2025\/12\/gettyimages-2240818913-693bee96ce262.jpg\" class=\"css-0 e1g79fud0\"\/><a target=\"_blank\" rel=\"noopener nofollow\" data-theme-key=\"base-link\" href=\"https:\/\/pinterest.com\/pin\/create\/button\/?url=https:\/\/www.elle.com\/es\/living\/ocio-cultura\/a69707105\/juan-del-val-escritor-infancia-en-madrid-premio-planeta-vera-una-historia-de-amor\/&amp;description=- ElleSpain&amp;media=https:\/\/hips.hearstapps.com\/hmg-prod\/images\/gettyimages-2240818913-693bee96ce262.jpg?resize=1600:*\" class=\"pinterest css-on9hn5 e1c1bym14\"><img decoding=\"async\" data-dynamic-svg=\"true\" src=\"https:\/\/www.elle.com\/_assets\/design-tokens\/fre\/static\/icons\/social\/pinterest.e8cf655.svg?primary=%2523ffffff\" loading=\"lazy\" data-testid=\"dynamic-svg-base\" height=\"auto\" width=\"auto\" alt=\"pinterest\" class=\"css-4lml0h e1mlxuuw1\"\/><\/a><strong data-node-id=\"16.0\">Su propia historia<\/strong><\/p>\n<p data-journey-content=\"true\" data-node-id=\"18\" class=\"css-6wxqfj emevuu60\"><strong data-node-id=\"18.0\">Este conflicto de clases es algo que del Val entiende<\/strong>, que ha vivido y de lo que reconoce que puede hablar. Ahora tiene una buena situaci\u00f3n y ha aprovechado el premio, \u2013que otorga un mill\u00f3n de euros al ganador\u2013 para construir un nuevo refugio para su familia en la Sierra de Gredos, comprando una casa en el pueblo de Candeleda (\u00c1vila). <\/p>\n<p><a target=\"_blank\" rel=\"nofollow noopener\" data-theme-key=\"product-image-wrapper\" href=\"https:\/\/www.amazon.es\/dp\/8408311611?tag=ellespain-21\" aria-label=\"21\u00a0\u20ac en Amazon for \" data-href=\"https:\/\/www.amazon.es\/dp\/8408311611\" data-product-url=\"https:\/\/www.amazon.es\/dp\/8408311611\" data-affiliate=\"true\" data-affiliate-url=\"https:\/\/www.amazon.es\/dp\/8408311611?tag=ellespain-21\" data-affiliate-network=\"{&quot;afflink_redirect&quot;:&quot;\/_p\/afflink\/10fkw\/amazon-vera-una-historia-de-amor&quot;,&quot;site_id&quot;:&quot;5545cc0d-2c00-4ffe-8b27-aa070fd2db3c&quot;,&quot;network&quot;:{&quot;name&quot;:&quot;Amazon&quot;},&quot;metadata&quot;:{&quot;links&quot;:{&quot;default&quot;:&quot;https:\/\/www.amazon.es\/dp\/8408311611?tag=ellespain-21&quot;}}}\" data-vars-ga-call-to-action=\"21\u00a0\u20ac en Amazon\" data-vars-ga-media-role=\"\" data-vars-ga-media-type=\"Single Product Embed\" data-vars-ga-outbound-link=\"https:\/\/www.amazon.es\/dp\/8408311611\" data-vars-ga-product-id=\"c9e5f4c0-ba9b-43a1-85a9-718ed3900fba\" data-vars-ga-product-price=\"20,80\u00a0\u20ac\" data-vars-ga-product-retailer-id=\"2d3dbb8b-df48-45b7-b65a-6d6780d26a5a\" data-vars-ga-product-sem3-category=\"Consulta\" data-vars-ga-link-treatment=\"(not set) | (not set)\" data-vars-ga-sku=\"8408311611\" data-vars-ga-magento-tracking=\"1\" class=\"product-image-link ebgq4gw2 e1b8bpvs0 css-g6od0w e1c1bym14\"><img  alt=\"This is an image\" title=\"This is an image\" src=\"https:\/\/www.europesays.com\/es\/wp-content\/uploads\/2025\/12\/1767176830_244_1761141734-71saoigInmL.jpg\" width=\"1677\" height=\"2560\" decoding=\"async\" loading=\"lazy\"\/><\/a><\/p>\n<p data-journey-content=\"true\" data-node-id=\"21\" class=\"css-6wxqfj emevuu60\">Pero su vida no ha sido siempre tan c\u00f3moda. Seg\u00fan declaraba en la conversaci\u00f3n con Elle, <strong data-node-id=\"21.1\">\u00abcrec\u00ed en una familia humilde de los 70, que no ten\u00eda para vacaciones, que ten\u00edas que veranear en el pueblo y que solo ten\u00edas unas zapatillas, pero sin penurias ni hambre\u00bb. <\/strong>Como muchas familias en la \u00e9poca, en su casa le daban mucha importancia a los estudios, para subir de clase social y reconoce que no era muy bueno en eso. <strong data-node-id=\"21.3\">\u201cTuve un fracaso escolar tremendo. Lo \u00faltimo que me saqu\u00e9 bien fue octavo de EGB\u201d<\/strong>, declara. <\/p>\n<p data-journey-content=\"true\" data-node-id=\"23\" class=\"css-6wxqfj emevuu60\">Ahora, cuenta ya con siete novelas publicadas e ir\u00e1 a por la siguiente. A pesar de todo, el periodista confirma que las cr\u00edticas que ha recibido por su premio no le van a hacer dejar de escribir. Se dirige a sus lectores y a un p\u00fablico que, a pesar del juicio, sigue interes\u00e1ndose por lo que cuenta. <\/p>\n<p><img decoding=\"async\" data-dynamic-svg=\"true\" src=\"https:\/\/www.elle.com\/_assets\/design-tokens\/elle\/static\/images\/logos\/lettermark.8631e88.svg?primary=%2523000\" loading=\"lazy\" data-testid=\"dynamic-svg-base\" height=\"100\" width=\"100\" alt=\"Lettermark\" class=\"css-7mevzh ev8dhu50\"\/><\/p>\n<p>Licenciada en Periodismo y Humanidades en la Universidad Carlos III de Madrid, con experiencia en prensa escrita en distintos medios digitales, y especializada en marketing y comunicaci\u00f3n. Le interesan las historias, ya sea en papel, en pantalla o en una buena conversaci\u00f3n. Siempre tiene un libro a mano, una pel\u00edcula pendiente y una playlist en reproducci\u00f3n. \u00a0\u00a0\u00a0\u00a0\u00a0<\/p>\n","protected":false},"excerpt":{"rendered":"Juan del Val (Madrid, 1970) ha construido en los \u00faltimos a\u00f1os una carrera en los medios de comunicaci\u00f3n,&hellip;\n","protected":false},"author":2,"featured_media":315443,"comment_status":"","ping_status":"","sticky":false,"template":"","format":"standard","meta":{"footnotes":""},"categories":[174],"tags":[255,253,146,147,25,24,256,23],"class_list":{"0":"post-315442","1":"post","2":"type-post","3":"status-publish","4":"format-standard","5":"has-post-thumbnail","7":"category-famosos","8":"tag-celebrities","9":"tag-discover","10":"tag-entertainment","11":"tag-entretenimiento","12":"tag-es","13":"tag-espana","14":"tag-famosos","15":"tag-spain"},"share_on_mastodon":{"url":"https:\/\/pubeurope.com\/@es\/115813708337410833","error":""},"_links":{"self":[{"href":"https:\/\/www.europesays.com\/es\/wp-json\/wp\/v2\/posts\/315442","targetHints":{"allow":["GET"]}}],"collection":[{"href":"https:\/\/www.europesays.com\/es\/wp-json\/wp\/v2\/posts"}],"about":[{"href":"https:\/\/www.europesays.com\/es\/wp-json\/wp\/v2\/types\/post"}],"author":[{"embeddable":true,"href":"https:\/\/www.europesays.com\/es\/wp-json\/wp\/v2\/users\/2"}],"replies":[{"embeddable":true,"href":"https:\/\/www.europesays.com\/es\/wp-json\/wp\/v2\/comments?post=315442"}],"version-history":[{"count":0,"href":"https:\/\/www.europesays.com\/es\/wp-json\/wp\/v2\/posts\/315442\/revisions"}],"wp:featuredmedia":[{"embeddable":true,"href":"https:\/\/www.europesays.com\/es\/wp-json\/wp\/v2\/media\/315443"}],"wp:attachment":[{"href":"https:\/\/www.europesays.com\/es\/wp-json\/wp\/v2\/media?parent=315442"}],"wp:term":[{"taxonomy":"category","embeddable":true,"href":"https:\/\/www.europesays.com\/es\/wp-json\/wp\/v2\/categories?post=315442"},{"taxonomy":"post_tag","embeddable":true,"href":"https:\/\/www.europesays.com\/es\/wp-json\/wp\/v2\/tags?post=315442"}],"curies":[{"name":"wp","href":"https:\/\/api.w.org\/{rel}","templated":true}]}}