{"id":315459,"date":"2025-12-31T10:37:08","date_gmt":"2025-12-31T10:37:08","guid":{"rendered":"https:\/\/www.europesays.com\/es\/315459\/"},"modified":"2025-12-31T10:37:08","modified_gmt":"2025-12-31T10:37:08","slug":"indra-a-la-conquista-del-espacio-tras-dispararse-mas-de-un-180-en-2025","status":"publish","type":"post","link":"https:\/\/www.europesays.com\/es\/315459\/","title":{"rendered":"Indra, a la conquista del espacio tras dispararse m\u00e1s de un 180% en 2025"},"content":{"rendered":"<p>    <img fetchpriority=\"high\" decoding=\"async\" src=\"data:image\/gif;base64,R0lGODlhAQABAIAAAAAAAP\/\/\/ywAAAAAAQABAAACAUwAOw==\" alt=\"Indra, a la conquista del espacio tras dispararse m\u00e1s de un 180% en 2025\" loading=\"eager\" height=\"540\" width=\"960\" class=\"yf-lglytj loader\"\/> Indra, a la conquista del espacio tras dispararse m\u00e1s de un 180% en 2025      <\/p>\n<p class=\"yf-7hmkaz\"><a class=\"link \" href=\"https:\/\/www.estrategiasdeinversion.com\/cotizaciones\/indices\/mercado-continuo\/indra\" rel=\"nofollow noopener\" target=\"_blank\" data-ylk=\"slk:Indra;elm:context_link;itc:0;sec:content-canvas\">Indra<\/a>\u00a0entra en una nueva etapa tras <a class=\"link \" href=\"https:\/\/www.estrategiasdeinversion.com\/actualidad\/noticias\/bolsa-espana\/indra-cierra-la-compra-del-8968-de-hispasat-a-n-876449\" rel=\"nofollow noopener\" target=\"_blank\" data-ylk=\"slk:haber cerrado al fin ayer martes la compra del 89,68% de Hispasat a Redeia por 725 millones de euros;elm:context_link;itc:0;sec:content-canvas\">haber cerrado al fin ayer martes la compra del 89,68% de Hispasat a Redeia por 725 millones de euros<\/a>. La compa\u00f1\u00eda ha realizado una reestructuraci\u00f3n de la c\u00fapula directiva de la operadora de sat\u00e9lites, de su rama militar y de su propia divisi\u00f3n de Espacio, al frente de la cual se situar\u00e1 ahora <strong>Miguel \u00c1ngel Panduro<\/strong>, hasta ahora CEO de Hispasat.<\/p>\n<p class=\"yf-7hmkaz\">En concreto, Panduro ha sido ascendido a <strong>director de Indra Espacio<\/strong> -la divisi\u00f3n del grupo en la que se encajar\u00e1 la operadora de sat\u00e9lites una vez cerrada su adquisici\u00f3n- y desde su nuevo puesto reportar\u00e1 de forma directa tanto al presidente como al CEO de Indra, \u00c1ngel Escribano y Jos\u00e9 Vicente de los Mozos, respectivamente.<\/p>\n<p class=\"yf-7hmkaz\"><strong>Luis Mayo Mu\u00f1iz<\/strong>, hasta ahora director de Indra Space, pasar\u00e1 a ser el <strong>consejero delegado de Hispasat<\/strong>, mientras que la hasta ahora directora general corporativa de Hispasat, <strong>Ana Maria Molina<\/strong>, se convertir\u00e1 en la nueva <strong>consejera delegada de Hisdesat<\/strong> y en la primera mujer al frente de una empresa de defensa en Espa\u00f1a.<\/p>\n<p class=\"yf-7hmkaz\">A pesar de esta reestructuraci\u00f3n, <strong>Pedro Duque<\/strong>, exministro de Ciencia e Innovaci\u00f3n entre enero de 2020 y julio de 2021 y primer astronauta en viajar al espacio en representaci\u00f3n de Espa\u00f1a, <strong>se mantendr\u00e1 como presidente no ejecutivo de Hispasat<\/strong>.<\/p>\n<p class=\"yf-7hmkaz\">\u201cCon esta estructura renovada, Indra Group da un paso adelante en el objetivo marcado en su plan estrat\u00e9gico (&#8230;) de convertirse en el l\u00edder nacional y &#8216;tier-1&#8217; europeo en este sector, asegurando <strong>la soberan\u00eda sobre las comunicaciones seguras y observaci\u00f3n satelital, con capacidades en toda la cadena de valor espacial<\/strong>. Indra Group refuerza de esta forma su estructura para afrontar la creciente demanda de sat\u00e9lites y liderar programas estrat\u00e9gicos como Iris2, SpainSat NG y PAZ, adem\u00e1s de infraestructuras europeas cr\u00edticas como Copernicus, Galileo y EGNOS\u201d, ha detallado la empresa en un comunicado.<\/p>\n<p>       <img decoding=\"async\" src=\"data:image\/gif;base64,R0lGODlhAQABAIAAAAAAAP\/\/\/ywAAAAAAQABAAACAUwAOw==\" alt=\"Indra, a la conquista del espacio tras dispararse m\u00e1s de un 180% en 2025\" loading=\"lazy\" height=\"438\" width=\"960\" class=\"yf-lglytj loader\"\/> Indra, a la conquista del espacio tras dispararse m\u00e1s de un 180% en 2025      <\/p>\n<p class=\"yf-7hmkaz\">Las acciones de <a class=\"link \" href=\"https:\/\/www.estrategiasdeinversion.com\/cotizaciones\/indices\/mercado-continuo\/indra\" rel=\"nofollow noopener\" target=\"_blank\" data-ylk=\"slk:Indra;elm:context_link;itc:0;sec:content-canvas\">Indra<\/a>\u00a0bajan un 0,90% en la ma\u00f1ana hasta marcar 48,18 euros en el <a class=\"link \" href=\"https:\/\/www.estrategiasdeinversion.com\/cotizaciones\/indices\/ibex-35\" rel=\"nofollow noopener\" target=\"_blank\" data-ylk=\"slk:IBEX 35;elm:context_link;itc:0;sec:content-canvas\">IBEX 35<\/a>. Este descenso no empa\u00f1a un a\u00f1o sin precedentes para la compa\u00f1\u00eda: sus acciones <strong>acumulan una subida en el ejercicio de un 182%<\/strong>, siendo las que mejor comportamiento han tenido en el selectivo.<\/p>\n<p class=\"yf-7hmkaz\">Indra marc\u00f3 unos <strong>m\u00e1ximos hist\u00f3ricos de 51,25 euros<\/strong> el 4 de noviembre, pero desde entonces ha corregido un 5,99%. Su punto m\u00e1s bajo del a\u00f1o lo marc\u00f3 en los 16,10 euros del 7 de febrero, con una subida del 199,25% desde entonces.<\/p>\n<p class=\"yf-7hmkaz\">De cara al futuro, los analistas esperan que Indra logre batir estos m\u00e1ximos hist\u00f3ricos. Seg\u00fan los datos recopilados por Reuters, los analistas fundamentales sit\u00faan de media el precio objetivo de sus acciones en los <strong>51,36 euros<\/strong>, con un <strong>potencial del 6,60%<\/strong> frente a la cotizaci\u00f3n actual.<\/p>\n<p class=\"yf-7hmkaz\">La recomendaci\u00f3n mayoritaria que recibe el valor es de \u2018<strong>comprar<\/strong>\u2019. De hecho, es llamativo que <strong>no recibe ning\u00fan consejo de \u2018vender\u2019<\/strong>. Entre las casas que recoge Reuters, hay 3 recomendaciones de \u2018comprar con fuerza\u2019, 8 de \u2018comprar\u2019 y \u00a07 de \u2018mantener\u2019.<\/p>\n","protected":false},"excerpt":{"rendered":"Indra, a la conquista del espacio tras dispararse m\u00e1s de un 180% en 2025 Indra\u00a0entra en una nueva&hellip;\n","protected":false},"author":2,"featured_media":314220,"comment_status":"","ping_status":"","sticky":false,"template":"","format":"standard","meta":{"footnotes":""},"categories":[80],"tags":[67635,73862,82,73863,95,94,25,24,7834,73864,23],"class_list":{"0":"post-315459","1":"post","2":"type-post","3":"status-publish","4":"format-standard","5":"has-post-thumbnail","7":"category-economia","8":"tag-4-de-noviembre","9":"tag-ana-maria-molina","10":"tag-business","11":"tag-cadena-de-valor","12":"tag-economia","13":"tag-economy","14":"tag-es","15":"tag-espana","16":"tag-indra","17":"tag-pedro-duque","18":"tag-spain"},"share_on_mastodon":{"url":"https:\/\/pubeurope.com\/@es\/115813747701499627","error":""},"_links":{"self":[{"href":"https:\/\/www.europesays.com\/es\/wp-json\/wp\/v2\/posts\/315459","targetHints":{"allow":["GET"]}}],"collection":[{"href":"https:\/\/www.europesays.com\/es\/wp-json\/wp\/v2\/posts"}],"about":[{"href":"https:\/\/www.europesays.com\/es\/wp-json\/wp\/v2\/types\/post"}],"author":[{"embeddable":true,"href":"https:\/\/www.europesays.com\/es\/wp-json\/wp\/v2\/users\/2"}],"replies":[{"embeddable":true,"href":"https:\/\/www.europesays.com\/es\/wp-json\/wp\/v2\/comments?post=315459"}],"version-history":[{"count":0,"href":"https:\/\/www.europesays.com\/es\/wp-json\/wp\/v2\/posts\/315459\/revisions"}],"wp:featuredmedia":[{"embeddable":true,"href":"https:\/\/www.europesays.com\/es\/wp-json\/wp\/v2\/media\/314220"}],"wp:attachment":[{"href":"https:\/\/www.europesays.com\/es\/wp-json\/wp\/v2\/media?parent=315459"}],"wp:term":[{"taxonomy":"category","embeddable":true,"href":"https:\/\/www.europesays.com\/es\/wp-json\/wp\/v2\/categories?post=315459"},{"taxonomy":"post_tag","embeddable":true,"href":"https:\/\/www.europesays.com\/es\/wp-json\/wp\/v2\/tags?post=315459"}],"curies":[{"name":"wp","href":"https:\/\/api.w.org\/{rel}","templated":true}]}}