{"id":315492,"date":"2025-12-31T11:02:07","date_gmt":"2025-12-31T11:02:07","guid":{"rendered":"https:\/\/www.europesays.com\/es\/315492\/"},"modified":"2025-12-31T11:02:07","modified_gmt":"2025-12-31T11:02:07","slug":"fallece-jose-luis-garrido-una-figura-clave-en-la-historia-de-la-real-federacion-espanola-de-caza","status":"publish","type":"post","link":"https:\/\/www.europesays.com\/es\/315492\/","title":{"rendered":"Fallece Jos\u00e9 Luis Garrido, una figura clave en la historia de la Real Federaci\u00f3n Espa\u00f1ola de Caza"},"content":{"rendered":"<p data-start=\"449\" data-end=\"780\">La Real Federaci\u00f3n Espa\u00f1ola de Caza lamenta profundamente el fallecimiento de <strong data-start=\"527\" data-end=\"555\">Jos\u00e9 Luis Garrido Mart\u00edn<\/strong>, una de las personas m\u00e1s influyentes, respetadas y determinantes en la historia de la caza federada en Espa\u00f1a, cuyo legado marcar\u00e1 para siempre el devenir de nuestra instituci\u00f3n y del conjunto del sector cineg\u00e9tico nacional.<\/p>\n<p data-start=\"782\" data-end=\"1393\">Jos\u00e9 Luis Garrido dedic\u00f3 toda una vida a la defensa, el estudio y la organizaci\u00f3n de la caza desde el \u00e1mbito federativo. Fue <strong data-start=\"907\" data-end=\"944\">vicepresidente primero de la RFEC<\/strong>, <strong data-start=\"946\" data-end=\"1042\">director general de FEDENCA (Fundaci\u00f3n para el Estudio y Defensa de la Naturaleza y la Caza)<\/strong> y <strong data-start=\"1045\" data-end=\"1099\">director honor\u00edfico de la Escuela Espa\u00f1ola de Caza<\/strong> desde 2006, adem\u00e1s de fundador y presidente hist\u00f3rico de la Federaci\u00f3n de Caza de Castilla y Le\u00f3n, de la que actualmente era presidente honor\u00edfico. Desde estas responsabilidades desempe\u00f1\u00f3 un papel decisivo en la modernizaci\u00f3n, vertebraci\u00f3n y rigor t\u00e9cnico de la caza deportiva en nuestro pa\u00eds.<\/p>\n<p data-start=\"1395\" data-end=\"1968\">Su figura destac\u00f3 por una combinaci\u00f3n poco com\u00fan de <strong data-start=\"1447\" data-end=\"1561\">capacidad de trabajo, conocimiento profundo de la actividad cineg\u00e9tica y compromiso absoluto con la Federaci\u00f3n<\/strong>. Garrido fue un estudioso incansable de la caza, impulsor de proyectos de investigaci\u00f3n pioneros y autor de numerosas publicaciones de referencia sobre especies y modalidades cineg\u00e9ticas. Entre sus grandes aportaciones destaca la creaci\u00f3n de <strong data-start=\"1804\" data-end=\"1815\">CAZDATA<\/strong>, el mayor compendio hist\u00f3rico de datos cineg\u00e9ticos en Espa\u00f1a, as\u00ed como su participaci\u00f3n en el primer gran estudio econ\u00f3mico de la caza a nivel nacional.<\/p>\n<p data-start=\"1970\" data-end=\"2331\">Desde FEDENCA, lider\u00f3 proyectos cient\u00edficos que contribuyeron a estrechar la relaci\u00f3n entre la caza y el \u00e1mbito acad\u00e9mico, gan\u00e1ndose el respeto de investigadores y universidades. Como director de la Escuela Espa\u00f1ola de Caza, fue una pieza clave en la formaci\u00f3n, profesionalizaci\u00f3n y transmisi\u00f3n del conocimiento a generaciones de cazadores, t\u00e9cnicos y gestores.<\/p>\n<p data-start=\"2333\" data-end=\"2791\">M\u00e1s all\u00e1 de los cargos y los logros, Jos\u00e9 Luis Garrido fue, ante todo, <strong data-start=\"2404\" data-end=\"2445\">un hombre \u00edntegro, cercano y generoso<\/strong>, profundamente querido por quienes tuvieron la suerte de trabajar a su lado. Su rigor, su honestidad intelectual y su pasi\u00f3n por la caza dejaron una huella imborrable en la RFEC y en todo el sector cineg\u00e9tico. En reconocimiento a su trayectoria, la Real Federaci\u00f3n Espa\u00f1ola de Caza le concedi\u00f3 la <strong data-start=\"2743\" data-end=\"2782\">Medalla de Oro al M\u00e9rito Federativo<\/strong> en 2010.<\/p>\n<p data-start=\"2793\" data-end=\"3098\">Desde la RFEC queremos trasladar nuestro m\u00e1s sentido p\u00e9same a su esposa, a sus hijos y a toda su familia, as\u00ed como a sus amigos y compa\u00f1eros. La caza federada despide hoy a uno de sus grandes referentes, pero conserva su ejemplo, sus ense\u00f1anzas y un legado que seguir\u00e1 guiando nuestro trabajo.<\/p>\n<p data-start=\"3100\" data-end=\"3139\" data-is-last-node=\"\" data-is-only-node=\"\"><strong data-start=\"3100\" data-end=\"3139\" data-is-last-node=\"\">Descanse en paz, Jos\u00e9 Luis Garrido.<\/strong><\/p>\n","protected":false},"excerpt":{"rendered":"La Real Federaci\u00f3n Espa\u00f1ola de Caza lamenta profundamente el fallecimiento de Jos\u00e9 Luis Garrido Mart\u00edn, una de las&hellip;\n","protected":false},"author":2,"featured_media":315493,"comment_status":"","ping_status":"","sticky":false,"template":"","format":"standard","meta":{"footnotes":""},"categories":[8],"tags":[17,18,19446,73868,25,24,13,14,73869,73870,11,1294,73871,19,20,9,10,15,16,41365,23,12,21,22],"class_list":{"0":"post-315492","1":"post","2":"type-post","3":"status-publish","4":"format-standard","5":"has-post-thumbnail","7":"category-espana","8":"tag-breaking-news","9":"tag-breakingnews","10":"tag-caza","11":"tag-eec","12":"tag-es","13":"tag-espana","14":"tag-featured-news","15":"tag-featurednews","16":"tag-fedecazacyl","17":"tag-fedenca","18":"tag-headlines","19":"tag-investigacion","20":"tag-jose-luis-garrido","21":"tag-latest-news","22":"tag-latestnews","23":"tag-news","24":"tag-noticias","25":"tag-noticias-destacadas","26":"tag-noticiasdestacadas","27":"tag-rfec","28":"tag-spain","29":"tag-titulares","30":"tag-ultimas-noticias","31":"tag-ultimasnoticias"},"share_on_mastodon":{"url":"https:\/\/pubeurope.com\/@es\/115813845894546594","error":""},"_links":{"self":[{"href":"https:\/\/www.europesays.com\/es\/wp-json\/wp\/v2\/posts\/315492","targetHints":{"allow":["GET"]}}],"collection":[{"href":"https:\/\/www.europesays.com\/es\/wp-json\/wp\/v2\/posts"}],"about":[{"href":"https:\/\/www.europesays.com\/es\/wp-json\/wp\/v2\/types\/post"}],"author":[{"embeddable":true,"href":"https:\/\/www.europesays.com\/es\/wp-json\/wp\/v2\/users\/2"}],"replies":[{"embeddable":true,"href":"https:\/\/www.europesays.com\/es\/wp-json\/wp\/v2\/comments?post=315492"}],"version-history":[{"count":0,"href":"https:\/\/www.europesays.com\/es\/wp-json\/wp\/v2\/posts\/315492\/revisions"}],"wp:featuredmedia":[{"embeddable":true,"href":"https:\/\/www.europesays.com\/es\/wp-json\/wp\/v2\/media\/315493"}],"wp:attachment":[{"href":"https:\/\/www.europesays.com\/es\/wp-json\/wp\/v2\/media?parent=315492"}],"wp:term":[{"taxonomy":"category","embeddable":true,"href":"https:\/\/www.europesays.com\/es\/wp-json\/wp\/v2\/categories?post=315492"},{"taxonomy":"post_tag","embeddable":true,"href":"https:\/\/www.europesays.com\/es\/wp-json\/wp\/v2\/tags?post=315492"}],"curies":[{"name":"wp","href":"https:\/\/api.w.org\/{rel}","templated":true}]}}