{"id":315551,"date":"2025-12-31T11:47:09","date_gmt":"2025-12-31T11:47:09","guid":{"rendered":"https:\/\/www.europesays.com\/es\/315551\/"},"modified":"2025-12-31T11:47:09","modified_gmt":"2025-12-31T11:47:09","slug":"bolsonaro-sometido-a-tercera-intervencion-por-crisis-de-hipo-dw-30-12-2025","status":"publish","type":"post","link":"https:\/\/www.europesays.com\/es\/315551\/","title":{"rendered":"Bolsonaro sometido a tercera intervenci\u00f3n por crisis de hipo \u2013 DW \u2013 30\/12\/2025"},"content":{"rendered":"<p>El expresidente de <a class=\"internal-link\" href=\"https:\/\/www.dw.com\/es\/brasil\/t-17411698\" rel=\"nofollow noopener\" target=\"_blank\">Brasil<\/a>\u00a0<a class=\"internal-link\" href=\"https:\/\/www.dw.com\/es\/bolsonaro-jair\/t-45099463\" rel=\"nofollow noopener\" target=\"_blank\">Jair Bolsonaro<\/a> pas\u00f3 este martes (30.12.2025) por un nuevo procedimiento quir\u00fargico para reforzar el bloqueo de un nervio del diafragma con el fin de controlar sus recurrentes crisis de hipo, seg\u00fan inform\u00f3 su equipo m\u00e9dico.<\/p>\n<p>Esta fue la <a class=\"internal-link\" href=\"https:\/\/www.dw.com\/es\/bolsonaro-sali\u00f3-bien-de-procedimiento-para-tratar-hipo\/a-75318322\" rel=\"nofollow noopener\" target=\"_blank\">tercera intervenci\u00f3n<\/a> en los \u00faltimos cuatro d\u00edas a la que se someti\u00f3 el exmandatario, todas ellas dirigidas para frenar las crisis de hipo que padece desde hace meses.<\/p>\n<p>Nuevos episodios de hipo<\/p>\n<p>\u00ab(Bolsonaro) present\u00f3 nuevos episodios de hipo, por lo que fue sometido a una complementaci\u00f3n del bloqueo anest\u00e9sico de los nervios fr\u00e9nicos bilaterales\u00bb, indic\u00f3 el \u00faltimo parte del Hospital DF Star de Brasilia, donde permanece en \u00abcuidados posoperatorios\u00bb.<\/p>\n<p>El l\u00edder ultraderechista, quien cumple una condena de 27 a\u00f1os de c\u00e1rcel por intento de golpe de Estado, ingres\u00f3 en esa cl\u00ednica privada, previa autorizaci\u00f3n judicial, el pasado d\u00eda 24 para corregir apenas una <a class=\"internal-link\" href=\"https:\/\/www.dw.com\/es\/bolsonaro-supera-con-\u00e9xito-cirug\u00eda-por-una-hernia\/a-75306994\" rel=\"nofollow noopener\" target=\"_blank\">hernia inguinal bilateral<\/a>.<\/p>\n<p>Se oper\u00f3 de la hernia el d\u00eda de Navidad, de la que evoluciona correctamente.<\/p>\n<p>Decenas de operaciones<\/p>\n<p>A partir de ese momento, los m\u00e9dicos se centraron en tratar las crisis de hipo, fruto al parecer de la decena de cirug\u00edas por las que ha pasado desde que un enfermo mental le asest\u00f3 una pu\u00f1alada en el abdomen en la campa\u00f1a electoral de 2018.<\/p>\n<p>El \u00faltimo bolet\u00edn m\u00e9dico indic\u00f3 que Bolsonaro se someter\u00e1 ma\u00f1ana a una endoscopia para evaluar el \u00abreflujo gastroesof\u00e1gico\u00bb, mientras contin\u00faa con \u00abfisioterapia respiratoria\u00bb, tratamiento nocturno para la apnea del sue\u00f1o y \u00abmedidas preventivas contra la trombosis\u00bb.<\/p>\n<p>vt (efe, reuters)<\/p>\n<p>\u00a0<\/p>\n","protected":false},"excerpt":{"rendered":"El expresidente de Brasil\u00a0Jair Bolsonaro pas\u00f3 este martes (30.12.2025) por un nuevo procedimiento quir\u00fargico para reforzar el bloqueo&hellip;\n","protected":false},"author":2,"featured_media":315552,"comment_status":"","ping_status":"","sticky":false,"template":"","format":"standard","meta":{"footnotes":""},"categories":[42],"tags":[17,18,13,14,11,61,62,63,64,19,20,9,10,15,16,12,21,22,65,66,67],"class_list":{"0":"post-315551","1":"post","2":"type-post","3":"status-publish","4":"format-standard","5":"has-post-thumbnail","7":"category-internacional","8":"tag-breaking-news","9":"tag-breakingnews","10":"tag-featured-news","11":"tag-featurednews","12":"tag-headlines","13":"tag-internacional","14":"tag-international","15":"tag-international-news","16":"tag-internationalnews","17":"tag-latest-news","18":"tag-latestnews","19":"tag-news","20":"tag-noticias","21":"tag-noticias-destacadas","22":"tag-noticiasdestacadas","23":"tag-titulares","24":"tag-ultimas-noticias","25":"tag-ultimasnoticias","26":"tag-world","27":"tag-world-news","28":"tag-worldnews"},"share_on_mastodon":{"url":"https:\/\/pubeurope.com\/@es\/115814022857571176","error":""},"_links":{"self":[{"href":"https:\/\/www.europesays.com\/es\/wp-json\/wp\/v2\/posts\/315551","targetHints":{"allow":["GET"]}}],"collection":[{"href":"https:\/\/www.europesays.com\/es\/wp-json\/wp\/v2\/posts"}],"about":[{"href":"https:\/\/www.europesays.com\/es\/wp-json\/wp\/v2\/types\/post"}],"author":[{"embeddable":true,"href":"https:\/\/www.europesays.com\/es\/wp-json\/wp\/v2\/users\/2"}],"replies":[{"embeddable":true,"href":"https:\/\/www.europesays.com\/es\/wp-json\/wp\/v2\/comments?post=315551"}],"version-history":[{"count":0,"href":"https:\/\/www.europesays.com\/es\/wp-json\/wp\/v2\/posts\/315551\/revisions"}],"wp:featuredmedia":[{"embeddable":true,"href":"https:\/\/www.europesays.com\/es\/wp-json\/wp\/v2\/media\/315552"}],"wp:attachment":[{"href":"https:\/\/www.europesays.com\/es\/wp-json\/wp\/v2\/media?parent=315551"}],"wp:term":[{"taxonomy":"category","embeddable":true,"href":"https:\/\/www.europesays.com\/es\/wp-json\/wp\/v2\/categories?post=315551"},{"taxonomy":"post_tag","embeddable":true,"href":"https:\/\/www.europesays.com\/es\/wp-json\/wp\/v2\/tags?post=315551"}],"curies":[{"name":"wp","href":"https:\/\/api.w.org\/{rel}","templated":true}]}}