{"id":315578,"date":"2025-12-31T12:09:12","date_gmt":"2025-12-31T12:09:12","guid":{"rendered":"https:\/\/www.europesays.com\/es\/315578\/"},"modified":"2025-12-31T12:09:12","modified_gmt":"2025-12-31T12:09:12","slug":"la-nueva-patente-de-stellantis-nos-recuerda-a-tesla-y-su-coche-mas-controvertido","status":"publish","type":"post","link":"https:\/\/www.europesays.com\/es\/315578\/","title":{"rendered":"La nueva patente de Stellantis nos recuerda a Tesla y su coche m\u00e1s controvertido"},"content":{"rendered":"<p data-journey-content=\"true\" data-node-id=\"3\" class=\"css-6wxqfj emevuu60\">Mientras muchas familias se reun\u00edan para celebrar la Navidad, alguien dentro de la compa\u00f1\u00eda Stellantis decidi\u00f3 que era el d\u00eda indicado para presentar una patente en la Oficina de Patentes y Marcas de Estados Unidos (USPTO). La nueva solicitud viene acompa\u00f1ada de una serie de im\u00e1genes que bien podr\u00edan corresponderse con el Tesla m\u00e1s pol\u00e9mico de todos los existentes, el <a href=\"https:\/\/www.caranddriver.com\/es\/coches\/novedades\/a29886449\/tesla-cybertruck\/\" target=\"_blank\" data-vars-ga-outbound-link=\"https:\/\/www.caranddriver.com\/es\/coches\/novedades\/a29886449\/tesla-cybertruck\/\" data-vars-ga-ux-element=\"Hyperlink\" data-vars-ga-call-to-action=\"Cybertruck\" data-node-id=\"3.1\" class=\"body-link css-168zq96 emevuu60\" rel=\"nofollow noopener\">Cybertruck<\/a>.<\/p>\n<p>Aerodin\u00e1mica mejorada<\/p>\n<p data-journey-content=\"true\" data-node-id=\"7\" class=\"css-6wxqfj emevuu60\">Los registros giran en torno a una tapa inclinada con movimiento autom\u00e1tico para la caja trasera de un veh\u00edculo tipo pick-up, asique es muy probable que los diferentes modelos de RAM se vean beneficiados por una soluci\u00f3n que tiene como objetivo mejorar la aerodin\u00e1mica sin comprometer la utilidad de una camioneta tradicional. <\/p>\n<p><img draggable=\"true\" alt=\"stellantis patent\" title=\"Stellantis patent\" loading=\"lazy\" width=\"1784\" height=\"1026\" decoding=\"async\" data-nimg=\"1\" style=\"color:transparent;width:100%;height:auto;\"   src=\"https:\/\/www.europesays.com\/es\/wp-content\/uploads\/2025\/12\/screenshot-2025-12-29-at-11-30-09-am-6952b51d725e9.png\" class=\"css-0 e1g79fud0\"\/><a target=\"_blank\" rel=\"noopener nofollow\" data-theme-key=\"base-link\" href=\"https:\/\/pinterest.com\/pin\/create\/button\/?url=https:\/\/www.caranddriver.com\/es\/coches\/planeta-motor\/a69885759\/stellantis-nueva-patente\/&amp;description=&amp;media=https:\/\/hips.hearstapps.com\/hmg-prod\/images\/screenshot-2025-12-29-at-11-30-09-am-6952b51d725e9.png?resize=1600:*\" class=\"pinterest css-on9hn5 e1c1bym14\"><img decoding=\"async\" data-dynamic-svg=\"true\" src=\"https:\/\/www.caranddriver.com\/_assets\/design-tokens\/fre\/static\/icons\/social\/pinterest.e8cf655.svg?primary=%2523ffffff\" loading=\"lazy\" data-testid=\"dynamic-svg-base\" height=\"auto\" width=\"auto\" alt=\"pinterest\" class=\"css-4lml0h e1mlxuuw1\"\/><\/a><\/p>\n<p>Stellantis<\/p>\n<p data-journey-content=\"true\" data-node-id=\"10\" class=\"css-6wxqfj emevuu60\">Dado que la cubierta dise\u00f1ada no est\u00e1 fijada en una posici\u00f3n determinada, al abatirse queda una trasera igual a la de una pick-up con una tapa est\u00e1ndar. La clave de la patente recae sobre unos paneles elevables y ocultos en las paredes laterales de la caja trasera. Una vez elevados (de forma manual o mediante actuadores), se unen a otro panel de soporte frontal extendido desde la cabina para as\u00ed crear una superficie angular. Adem\u00e1s, parece que un peque\u00f1o aler\u00f3n puede desplegarse.<\/p>\n<p><img draggable=\"true\" alt=\"ram 1500 revolution bev concept\" title=\"Ram 1500 Revolution BEV concept\" loading=\"lazy\" width=\"3000\" height=\"1688\" decoding=\"async\" data-nimg=\"1\" style=\"color:transparent;width:100%;height:auto;\"   src=\"https:\/\/www.europesays.com\/es\/wp-content\/uploads\/2025\/12\/ram-1500-revolution-bev-concept-22-1672776650.jpg\" class=\"css-0 e1g79fud0\"\/><a target=\"_blank\" rel=\"noopener nofollow\" data-theme-key=\"base-link\" href=\"https:\/\/pinterest.com\/pin\/create\/button\/?url=https:\/\/www.caranddriver.com\/es\/coches\/planeta-motor\/a69885759\/stellantis-nueva-patente\/&amp;description=&amp;media=https:\/\/hips.hearstapps.com\/hmg-prod\/images\/ram-1500-revolution-bev-concept-22-1672776650.jpg?resize=1600:*\" class=\"pinterest css-on9hn5 e1c1bym14\"><img decoding=\"async\" data-dynamic-svg=\"true\" src=\"https:\/\/www.caranddriver.com\/_assets\/design-tokens\/fre\/static\/icons\/social\/pinterest.e8cf655.svg?primary=%2523ffffff\" loading=\"lazy\" data-testid=\"dynamic-svg-base\" height=\"auto\" width=\"auto\" alt=\"pinterest\" class=\"css-4lml0h e1mlxuuw1\"\/><\/a><\/p>\n<p>Ram<\/p>\n<p data-journey-content=\"true\" data-node-id=\"15\" class=\"css-6wxqfj emevuu60\">Como ya ocurre en el referido Cybertruck, esta soluci\u00f3n \u2013descubierta por &#8216;MoparInsiders&#8217;\u2013 permitir\u00eda ampliar las capacidades de almacenaje de la caja y servir adem\u00e1s de paraguas para todos los objetos depositados en el interior. En cuanto al port\u00f3n, parece que todo funciona seg\u00fan la normalidad. Veremos si la pr\u00f3xima camioneta de RAM con un sistema de propulsi\u00f3n de rango extendido se beneficia de esta soluci\u00f3n o quiz\u00e1s en futuros modelos totalmente el\u00e9ctricos.<\/p>\n<p><img src=\"https:\/\/www.europesays.com\/es\/wp-content\/uploads\/2025\/12\/1767182952_566_7aa52f3b-61f0-4dd2-98f2-250ddcb69487_1656063718.file.png\" alt=\"Headshot of Borja D\u00edaz\" title=\"Headshot of Borja D\u00edaz\" width=\"100%\" height=\"100%\" decoding=\"async\" loading=\"lazy\" class=\"css-o0wq4v ev8dhu53\"\/><\/p>\n<p>Especialista en temas de motor y tecnolog\u00eda. Apasionado de la mec\u00e1nica y las cuatro ruedas desde ni\u00f1o, ahora trato de transmitir mis experiencias a todo aquel que disfrute con el olor a gasolina, la velocidad, el placer de conducir, el dise\u00f1o y el sonido de esos motores que nos ponen los pelos de punta\u00a0<\/p>\n","protected":false},"excerpt":{"rendered":"Mientras muchas familias se reun\u00edan para celebrar la Navidad, alguien dentro de la compa\u00f1\u00eda Stellantis decidi\u00f3 que era&hellip;\n","protected":false},"author":2,"featured_media":315579,"comment_status":"","ping_status":"","sticky":false,"template":"","format":"standard","meta":{"footnotes":""},"categories":[80],"tags":[82,253,95,94,25,24,23],"class_list":{"0":"post-315578","1":"post","2":"type-post","3":"status-publish","4":"format-standard","5":"has-post-thumbnail","7":"category-economia","8":"tag-business","9":"tag-discover","10":"tag-economia","11":"tag-economy","12":"tag-es","13":"tag-espana","14":"tag-spain"},"share_on_mastodon":{"url":"https:\/\/pubeurope.com\/@es\/115814109391055334","error":""},"_links":{"self":[{"href":"https:\/\/www.europesays.com\/es\/wp-json\/wp\/v2\/posts\/315578","targetHints":{"allow":["GET"]}}],"collection":[{"href":"https:\/\/www.europesays.com\/es\/wp-json\/wp\/v2\/posts"}],"about":[{"href":"https:\/\/www.europesays.com\/es\/wp-json\/wp\/v2\/types\/post"}],"author":[{"embeddable":true,"href":"https:\/\/www.europesays.com\/es\/wp-json\/wp\/v2\/users\/2"}],"replies":[{"embeddable":true,"href":"https:\/\/www.europesays.com\/es\/wp-json\/wp\/v2\/comments?post=315578"}],"version-history":[{"count":0,"href":"https:\/\/www.europesays.com\/es\/wp-json\/wp\/v2\/posts\/315578\/revisions"}],"wp:featuredmedia":[{"embeddable":true,"href":"https:\/\/www.europesays.com\/es\/wp-json\/wp\/v2\/media\/315579"}],"wp:attachment":[{"href":"https:\/\/www.europesays.com\/es\/wp-json\/wp\/v2\/media?parent=315578"}],"wp:term":[{"taxonomy":"category","embeddable":true,"href":"https:\/\/www.europesays.com\/es\/wp-json\/wp\/v2\/categories?post=315578"},{"taxonomy":"post_tag","embeddable":true,"href":"https:\/\/www.europesays.com\/es\/wp-json\/wp\/v2\/tags?post=315578"}],"curies":[{"name":"wp","href":"https:\/\/api.w.org\/{rel}","templated":true}]}}