{"id":315594,"date":"2025-12-31T12:22:07","date_gmt":"2025-12-31T12:22:07","guid":{"rendered":"https:\/\/www.europesays.com\/es\/315594\/"},"modified":"2025-12-31T12:22:07","modified_gmt":"2025-12-31T12:22:07","slug":"entregan-a-omar-montes-su-nuevo-coche-valorado-en-mas-de-200-000-euros-y-con-techo-estrellado-y-esta-es-su-reaccion-las-ruedas-son-de-camion","status":"publish","type":"post","link":"https:\/\/www.europesays.com\/es\/315594\/","title":{"rendered":"Entregan a Omar Montes su nuevo coche valorado en m\u00e1s de 200.000 euros y con \u00abtecho estrellado\u00bb y esta es su reacci\u00f3n: \u00ab\u00bfLas ruedas son de cami\u00f3n?\u00bb"},"content":{"rendered":"<p>Es habitual que muchos famosos tengan coches como m\u00ednimo de alta gama como una forma de reflejar su \u00e9xito. Muchos de ellos simplemente apuestan por  &#8230; modelos de <strong>lujo<\/strong> porque tienen mejores prestaciones y las m\u00e1ximas tecnolog\u00edas de seguridad y comodidad pero tambi\u00e9n hay los que siempre han so\u00f1ado con ir con <strong>Ferraris o Lamborghinis<\/strong> y que a la que pueden permit\u00edrselos los acaban adquiriendo.<\/p>\n<p class=\"v-p\">En el mundo de los deportistas de \u00e9lite, especialmente futbolistas, ocurre a menudo y tambi\u00e9n entre otros personajes p\u00fablicos, como <strong>Omar Montes<\/strong>. El artista madrile\u00f1o es un conocido fan del motor y los <strong>coches de lujo<\/strong> y ha podido darse el capricho de tener precisamente un <strong>Ferrari<\/strong> (que cont\u00f3 que vendi\u00f3 porque era incomodo para llevar a su abuela), dos Lamborghini Murci\u00e9lago, un Rolls-Royce Dawn y dos Mercedes, entre ellos un CLA deportivo y que fue vinilado con l\u00e1minas de papel de oro.<\/p>\n<p class=\"v-p\">Con todo, su \u00faltimo coche predilecto es otro <strong>Mercedes<\/strong>, en este caso el AMG G63, que para nada se parece al t\u00edpico coche de lujo. Es m\u00e1s, tiene aspecto de 4&#215;4 e incluso una retirada a un veh\u00edculo militar por sus dimensiones y cuesta, seg\u00fan la web oficial, unos 220.000 euros. Lo adquiri\u00f3 hace como m\u00ednimo un a\u00f1o y ahora lo ha <strong>personalizado<\/strong> y parece un modelo nuevo. El v\u00eddeo en el que se ve el coche renovado supera el 1,5 millones de visualizaciones.<\/p>\n<p>\u00abColor oro rosa cromado\u00bb<\/p>\n<p class=\"v-p\">El veh\u00edculo ha sido &#8216;tuneado&#8217; en e-Performance, una empresa de Fuenlabrada especializada en la personalizaci\u00f3n de veh\u00edculos y le ha dado literalmente una nueva cara \u00ab<strong>tal como \u00e9l quer\u00eda<\/strong>\u00bb, destacan desde la cuenta de Instagram de la empresa, en la que se ve c\u00f3mo ha quedado su G Wagon y sobre todo la reacci\u00f3n del cantante al verlo.<\/p>\n<p class=\"v-p\">\u00abMe han cambiado el coche\u00bb, dice Montes al ver por primera vez su veh\u00edculo personalizado. No puede evitar exclamar un \u00ab\u00a1mira qu\u00e9 preciosidad!\u00bb. \u00abMadre m\u00eda&#8230;. pero <strong>\u00bfy estas ruedas? \u00bfSon de cami\u00f3n o de coche?<\/strong>\u00bb, se pregunta impactado por su di\u00e1metro.<\/p>\n<p class=\"v-p\">En el v\u00eddeo, desde la empresa explican el trabajo hecho: para empezar le han cambiado el color de la carrocer\u00eda \u00abutilizando vinilo en<strong> color oro rosa cromado<\/strong>\u00bb. \u00abTambi\u00e9n le hemos cambiado las llantas y ahora lleva estas Brabus de 24 pulgadas\u00bb, siguen las explicaciones. <\/p>\n<p class=\"v-p\">Por otro lado, los t\u00e9cnicos le han instalado iluminaci\u00f3n ambiental interior, para acabar conformando lo que parece \u00ab<strong>un techo estrellado<\/strong>\u00bb: seg\u00fan remarcan, cuenta con m\u00e1s de 1.250 puntos de luz que, a la vista de las im\u00e1genes, est\u00e1 elaborado con leds pueden variar de tonalidad o intensidad. <\/p>\n<p class=\"v-p\"><strong>\u00ab\u00a1Qu\u00e9 chuler\u00eda!\u00bb,<\/strong> responde el propio Montes a la publicaci\u00f3n, que recibi\u00f3 todo tipo de comentarios. Mientras que para algunos el coche personalizado es una aut\u00e9ntica pasada y la mano de e-Performance, \u00abun trabajado\u00bb, para otros el resultado final es un tanto hortera y prefieren opciones m\u00e1s discretas.<\/p>\n","protected":false},"excerpt":{"rendered":"Es habitual que muchos famosos tengan coches como m\u00ednimo de alta gama como una forma de reflejar su&hellip;\n","protected":false},"author":2,"featured_media":315595,"comment_status":"","ping_status":"","sticky":false,"template":"","format":"standard","meta":{"footnotes":""},"categories":[174],"tags":[18086,41318,255,3075,146,18899,147,25,24,73866,1557,256,15476,524,15181,9173,20673,23,18018,38825],"class_list":{"0":"post-315594","1":"post","2":"type-post","3":"status-publish","4":"format-standard","5":"has-post-thumbnail","7":"category-famosos","8":"tag-18086","9":"tag-camion","10":"tag-celebrities","11":"tag-coche","12":"tag-entertainment","13":"tag-entregan","14":"tag-entretenimiento","15":"tag-es","16":"tag-espana","17":"tag-estrellado","18":"tag-euros","19":"tag-famosos","20":"tag-montes","21":"tag-nuevo","22":"tag-omar","23":"tag-reaccion","24":"tag-ruedas","25":"tag-spain","26":"tag-techo","27":"tag-valorado"},"share_on_mastodon":{"url":"https:\/\/pubeurope.com\/@es\/115814160280584324","error":""},"_links":{"self":[{"href":"https:\/\/www.europesays.com\/es\/wp-json\/wp\/v2\/posts\/315594","targetHints":{"allow":["GET"]}}],"collection":[{"href":"https:\/\/www.europesays.com\/es\/wp-json\/wp\/v2\/posts"}],"about":[{"href":"https:\/\/www.europesays.com\/es\/wp-json\/wp\/v2\/types\/post"}],"author":[{"embeddable":true,"href":"https:\/\/www.europesays.com\/es\/wp-json\/wp\/v2\/users\/2"}],"replies":[{"embeddable":true,"href":"https:\/\/www.europesays.com\/es\/wp-json\/wp\/v2\/comments?post=315594"}],"version-history":[{"count":0,"href":"https:\/\/www.europesays.com\/es\/wp-json\/wp\/v2\/posts\/315594\/revisions"}],"wp:featuredmedia":[{"embeddable":true,"href":"https:\/\/www.europesays.com\/es\/wp-json\/wp\/v2\/media\/315595"}],"wp:attachment":[{"href":"https:\/\/www.europesays.com\/es\/wp-json\/wp\/v2\/media?parent=315594"}],"wp:term":[{"taxonomy":"category","embeddable":true,"href":"https:\/\/www.europesays.com\/es\/wp-json\/wp\/v2\/categories?post=315594"},{"taxonomy":"post_tag","embeddable":true,"href":"https:\/\/www.europesays.com\/es\/wp-json\/wp\/v2\/tags?post=315594"}],"curies":[{"name":"wp","href":"https:\/\/api.w.org\/{rel}","templated":true}]}}