{"id":315627,"date":"2025-12-31T12:51:13","date_gmt":"2025-12-31T12:51:13","guid":{"rendered":"https:\/\/www.europesays.com\/es\/315627\/"},"modified":"2025-12-31T12:51:13","modified_gmt":"2025-12-31T12:51:13","slug":"el-ano-casi-perfecto-de-la-mejor-seleccion-del-mundo-espana-regalo-momentos-inolvidables-futbol-deportes","status":"publish","type":"post","link":"https:\/\/www.europesays.com\/es\/315627\/","title":{"rendered":"El a\u00f1o casi perfecto de la mejor selecci\u00f3n del mundo: \u201cEspa\u00f1a regal\u00f3 momentos inolvidables\u201d | F\u00fatbol | Deportes"},"content":{"rendered":"<p class=\"\">El 2025 ser\u00e1 recordado en la Ciudad del F\u00fatbol de Las Rozas como un a\u00f1o casi perfecto para la selecci\u00f3n femenina. La Roja levant\u00f3 en diciembre <a href=\"https:\/\/elpais.com\/deportes\/futbol\/2025-12-02\/la-generacion-de-oro-de-espana-se-corona-de-nuevo-campeona-de-la-nations-league.html\" target=\"_self\" rel=\"nofollow noopener\" title=\"https:\/\/elpais.com\/deportes\/futbol\/2025-12-02\/la-generacion-de-oro-de-espana-se-corona-de-nuevo-campeona-de-la-nations-league.html\">el tercer t\u00edtulo de su historia al derrotar a Alemania en la final<\/a> de la Nations League solo unos meses despu\u00e9s de perder la Eurocopa ante Inglaterra en la tanda de penaltis. Esa derrota \u2014t\u00e9cnicamente cuenta como un empate\u2014 fue el \u00fanico lunar relevante de un equipo que volvi\u00f3 a dominar las dos competiciones en las que particip\u00f3. El ciclo dorado, que comenz\u00f3 con el Mundial en 2023 y sigui\u00f3 con la Liga de Naciones en 2024, se extendi\u00f3 otro a\u00f1o m\u00e1s gracias a <a href=\"https:\/\/elpais.com\/deportes\/futbol\/2025-11-28\/espana-busca-alargar-su-ciclo-dorado-ante-alemania-en-la-final-de-la-nations-league.html\" target=\"_self\" rel=\"nofollow noopener\" title=\"https:\/\/elpais.com\/deportes\/futbol\/2025-11-28\/espana-busca-alargar-su-ciclo-dorado-ante-alemania-en-la-final-de-la-nations-league.html\">la mejor generaci\u00f3n de jugadoras de la historia del pa\u00eds,<\/a> con iconos globales como Aitana Bonmat\u00ed, Alexia Putellas, Irene Paredes o Mariona Caldentey. El equipo dirigido por Sonia Berm\u00fadez cierra este mes de diciembre en el primer puesto del ranking FIFA, una posici\u00f3n que recuper\u00f3 en julio tras lograr el subcampeonato de la Euro de Suiza.<\/p>\n<p class=\"\">La seleccionadora dec\u00eda hace solo unos d\u00edas que el a\u00f1o que termina ha regalado a los aficionados de la Roja \u201cmomentos inolvidables\u201d. La propuesta futbol\u00edstica, con un estilo asociativo y seductor en el que el equipo siempre trata de desarbolar a los rivales desde la posesi\u00f3n, funcion\u00f3 durante todo el a\u00f1o. Espa\u00f1a disput\u00f3 17 partidos, de los que gan\u00f3 14, empat\u00f3 dos y tan solo perdi\u00f3 uno, con 50 goles a favor (2,94 por encuentro) y 13 (0,76) en contra, seg\u00fan datos de la empresa especializada en estad\u00edsticas deportivas Opta. Los n\u00fameros revelan una superioridad extraordinaria de una selecci\u00f3n <a href=\"https:\/\/elpais.com\/especiales\/2021\/50-aniversario-seleccion-futbol-femenino\/\" rel=\"nofollow noopener\" title=\"https:\/\/elpais.com\/especiales\/2021\/50-aniversario-seleccion-futbol-femenino\/\" target=\"_blank\">que hasta antes de ayer era una novata en las fases finales<\/a> de los grandes torneos y que hoy en d\u00eda, en cambio, va de final en final. \u201cEl equipo no piensa en si somos leyendas o no\u201d, dijo Alexia tras levantar este mes la Liga de Naciones.<\/p>\n<p class=\"\">La \u00fanica derrota del 2025 <a href=\"https:\/\/elpais.com\/deportes\/futbol\/2025-02-26\/la-falta-de-pegada-penaliza-a-espana-ante-inglaterra-en-wembley.html\" target=\"_self\" rel=\"nofollow noopener\" title=\"https:\/\/elpais.com\/deportes\/futbol\/2025-02-26\/la-falta-de-pegada-penaliza-a-espana-ante-inglaterra-en-wembley.html\">ocurri\u00f3 el pasado febrero en Wembley ante Inglaterra en la Nations.<\/a> Las lionesses se impusieron por 1-0 en un partido en el que Espa\u00f1a disfrut\u00f3 de m\u00e1s posesi\u00f3n y ocasiones de gol. Solo la falta de acierto penaliz\u00f3 al combinado que entonces dirig\u00eda Montse Tom\u00e9, pero fue su equipo el que qued\u00f3 primero de grupo y se meti\u00f3 en la final four. Con ella en el banquillo, las inglesas tambi\u00e9n <a href=\"https:\/\/elpais.com\/deportes\/eurocopa-futbol-femenino\/2025-07-27\/inglaterra-se-corona-en-los-penaltis-ante-una-espana-que-se-va-de-la-eurocopa-con-la-cabeza-alta.html\" target=\"_self\" rel=\"nofollow noopener\" title=\"https:\/\/elpais.com\/deportes\/eurocopa-futbol-femenino\/2025-07-27\/inglaterra-se-corona-en-los-penaltis-ante-una-espana-que-se-va-de-la-eurocopa-con-la-cabeza-alta.html\">se impusieron en la final de la Euro<\/a> despu\u00e9s de los errores de Mariona, Aitana y Salma Paralluelo desde el punto de penalti. <\/p>\n<p class=\"\"><a href=\"https:\/\/elpais.com\/deportes\/eurocopa-futbol-femenino\/2025-07-29\/espana-se-va-de-suiza-sin-la-eurocopa-pero-con-la-mejor-imagen.html\" target=\"_self\" rel=\"nofollow noopener\" title=\"https:\/\/elpais.com\/deportes\/eurocopa-futbol-femenino\/2025-07-29\/espana-se-va-de-suiza-sin-la-eurocopa-pero-con-la-mejor-imagen.html\">La Roja regres\u00f3 de Suiza sin el trofeo pero con la mejor imagen del torneo<\/a> tras haber dominado la final y desplegado el f\u00fatbol m\u00e1s fascinante de todos los equipos. Sin embargo, el presidente de la Real Federaci\u00f3n Espa\u00f1ola de F\u00fatbol (RFEF), <a href=\"https:\/\/elpais.com\/deportes\/2025-08-11\/la-federacion-no-renueva-a-montse-tome-como-entrenadora-de-la-seleccion-femenina-de-futbol.html\" target=\"_self\" rel=\"nofollow noopener\" title=\"https:\/\/elpais.com\/deportes\/2025-08-11\/la-federacion-no-renueva-a-montse-tome-como-entrenadora-de-la-seleccion-femenina-de-futbol.html\">Rafael Louz\u00e1n, opt\u00f3 en agosto por no renovar a Tom\u00e9 y sustituirla por Berm\u00fadez,<\/a> una de las figuras m\u00edticas del f\u00fatbol femenino nacional. En el seno de la federaci\u00f3n consideraban que la relaci\u00f3n de la exseleccionadora con algunas de las jugadoras no era la id\u00edlica y que su imagen estaba quemada por c\u00f3mo gestion\u00f3 el final del caso Rubiales.<\/p>\n<p class=\"\">Berm\u00fadez alz\u00f3 la Nations con solo cuatro partidos en el banquillo: <a href=\"https:\/\/elpais.com\/deportes\/futbol\/2025-10-29\/espana-extiende-el-ciclo-de-su-generacion-de-oro-con-la-cuarta-final-en-tres-anos.html\" target=\"_blank\" rel=\"nofollow noopener\" title=\"https:\/\/elpais.com\/deportes\/futbol\/2025-10-29\/espana-extiende-el-ciclo-de-su-generacion-de-oro-con-la-cuarta-final-en-tres-anos.html\">las semifinales ante Suecia<\/a> y los duelos decisivos ante Alemania. La exdelantera congeni\u00f3 ipso facto con un grupo en el que algunas internacionales no entendieron por qu\u00e9 Tom\u00e9 hab\u00eda apartado a Jenni Hermoso, la m\u00e1xima goleadora hist\u00f3rica de la selecci\u00f3n. La t\u00e9cnica vallecana ya la recuper\u00f3 en su primera convocatoria, aunque su papel hasta ahora ha sido muy secundario y se antoja complicado que a sus 35 a\u00f1os vuelva a ser titular en citas importantes. La otra cara conocida que regres\u00f3 a Las Rozas fue Mapi Le\u00f3n (30). La central del Bar\u00e7a, en el once inicial desde su vuelta, se hab\u00eda negado a vestir la camiseta de Espa\u00f1a desde septiembre de 2022, cuando form\u00f3 parte de un grupo de 15 futbolistas que dej\u00f3 de jugar con la Roja para protestar por las condiciones en las que estaban. <\/p>\n<p class=\"\">El inicio de la era Berm\u00fadez ha sido hasta ahora una balsa de aceite. En la consecuci\u00f3n de la Nations, con la goleada en el Metropolitano ante Alemania (3-0) tras el empate a cero en Kaiserslautern, fueron fundamentales por primera vez dos j\u00f3venes que hasta entonces no hab\u00edan sido titulares en una final. <a href=\"https:\/\/elpais.com\/deportes\/futbol\/2025-12-02\/claudia-pina-tras-levantar-la-nations-me-hace-especial-ilusion-porque-es-mi-primer-titulo-con-la-seleccion.html\" target=\"_self\" rel=\"nofollow noopener\" title=\"https:\/\/elpais.com\/deportes\/futbol\/2025-12-02\/claudia-pina-tras-levantar-la-nations-me-hace-especial-ilusion-porque-es-mi-primer-titulo-con-la-seleccion.html\">Claudia Pina, de 24 a\u00f1os, marc\u00f3 un doblete,<\/a> mientras que <a href=\"https:\/\/elpais.com\/deportes\/futbol\/2025-10-24\/vicky-lopez-la-mejor-futbolista-joven-de-europa-cuando-regateo-a-alguien-me-sale-la-sonrisa.html\" target=\"_self\" rel=\"nofollow noopener\" title=\"https:\/\/elpais.com\/deportes\/futbol\/2025-10-24\/vicky-lopez-la-mejor-futbolista-joven-de-europa-cuando-regateo-a-alguien-me-sale-la-sonrisa.html\">Vicky L\u00f3pez, de 19, firm\u00f3 un tanto espectacular con la izquierda<\/a> tras una conducci\u00f3n en diagonal.<\/p>\n<p>M\u00e1s informaci\u00f3n<\/p>\n<p class=\"\">La constataci\u00f3n en la absoluta de futbolistas que han cosechado \u00e9xitos en las categor\u00edas inferiores ser\u00e1 esencial en los pr\u00f3ximos a\u00f1os para que el vestuario mantenga la competitividad extrema que ha mostrado desde 2023. El triunfo contra las germanas en el Metropolitano ante 55.843 personas \u2014r\u00e9cord de asistencia en un partido del combinado en Espa\u00f1a\u2014 se logr\u00f3 sin tres piezas clave en el centro del campo: <a href=\"https:\/\/elpais.com\/deportes\/futbol\/2025-12-02\/espana-se-juega-la-nations-ante-alemania-tras-el-bajonazo-por-la-lesion-de-aitana.html\" target=\"_self\" rel=\"nofollow noopener\" title=\"https:\/\/elpais.com\/deportes\/futbol\/2025-12-02\/espana-se-juega-la-nations-ante-alemania-tras-el-bajonazo-por-la-lesion-de-aitana.html\">la tres veces Bal\u00f3n de Oro, Aitana, que unos d\u00edas antes se hab\u00eda roto el peron\u00e9,<\/a> y las pivotes Patri Guijarro y Teresa Abelleira. \u201cTenemos una generaci\u00f3n de oro, porque realmente estamos viviendo cosas \u00fanicas, y no todos los a\u00f1os se va a tener esta generaci\u00f3n\u201d, apuntaba Bonmat\u00ed en la previa de la final de la Eurocopa.<\/p>\n<p class=\"\"><a href=\"https:\/\/elpais.com\/deportes\/futbol\/2025-12-04\/espana-la-seleccion-que-quiere-seguir-inspirando-mira-al-futuro-tras-su-tercer-titulo-en-tres-anos.html\" target=\"_self\" rel=\"nofollow noopener\" title=\"https:\/\/elpais.com\/deportes\/futbol\/2025-12-04\/espana-la-seleccion-que-quiere-seguir-inspirando-mira-al-futuro-tras-su-tercer-titulo-en-tres-anos.html\">La selecci\u00f3n que \u201cquiere seguir inspirando\u201d, como dijo Alexia hace unas semanas,<\/a> tiene entre marzo y junio del a\u00f1o que viene la fase de clasificaci\u00f3n para el Mundial de Brasil 2027, en donde debe defender la corona lograda en S\u00eddney. Enfrente estar\u00e1n la campeona de Europa, Inglaterra, adem\u00e1s de Islandia y Ucrania. Despu\u00e9s comenzar\u00e1 la tercera edici\u00f3n de la Nations, una competici\u00f3n que hasta ahora es monopolio de Espa\u00f1a. Berm\u00fadez dec\u00eda hace unos d\u00edas que el vestuario afronta el 2026 \u201ccon la misma ilusi\u00f3n y ganas\u201d. En solo tres a\u00f1os, el equipo <a href=\"https:\/\/elpais.com\/especiales\/2021\/50-aniversario-seleccion-futbol-femenino\/\" target=\"_self\" rel=\"nofollow noopener\" title=\"https:\/\/elpais.com\/especiales\/2021\/50-aniversario-seleccion-futbol-femenino\/\">ha pasado de estar casi en el ostracismo<\/a> deportivo <a href=\"https:\/\/elpais.com\/deportes\/eurocopa-futbol-femenino\/2025-07-27\/la-generacion-de-oro-de-espana-busca-en-la-final-de-la-eurocopa-una-triple-corona-inedita.html\" target=\"_self\" rel=\"nofollow noopener\" title=\"https:\/\/elpais.com\/deportes\/eurocopa-futbol-femenino\/2025-07-27\/la-generacion-de-oro-de-espana-busca-en-la-final-de-la-eurocopa-una-triple-corona-inedita.html\">a causar una revoluci\u00f3n futbol\u00edstica y social<\/a> al enganchar a millones de personas, <a href=\"https:\/\/elpais.com\/deportes\/eurocopa-futbol-femenino\/2025-07-25\/la-revolucion-futbolistica-de-espana-a-las-puertas-de-la-triple-corona.html\" target=\"_self\" rel=\"nofollow noopener\" title=\"https:\/\/elpais.com\/deportes\/eurocopa-futbol-femenino\/2025-07-25\/la-revolucion-futbolistica-de-espana-a-las-puertas-de-la-triple-corona.html\">animar a m\u00e1s ni\u00f1as que nunca a patear el bal\u00f3n<\/a> y dejar ya un legado tanto dentro como fuera del campo.<\/p>\n","protected":false},"excerpt":{"rendered":"El 2025 ser\u00e1 recordado en la Ciudad del F\u00fatbol de Las Rozas como un a\u00f1o casi perfecto para&hellip;\n","protected":false},"author":2,"featured_media":315628,"comment_status":"","ping_status":"","sticky":false,"template":"","format":"standard","meta":{"footnotes":""},"categories":[93],"tags":[6748,1548,6623,1540,168,1539,25,24,1536,1537,282,1809,1538,7854,1546,58372,1545,1810,1542,1541,1551,19508,23,167,7853],"class_list":{"0":"post-315627","1":"post","2":"type-post","3":"status-publish","4":"format-standard","5":"has-post-thumbnail","7":"category-deportes","8":"tag-aitana-bonmati","9":"tag-alexia-putellas","10":"tag-caldentey","11":"tag-competiciones","12":"tag-deportes","13":"tag-entrenadores","14":"tag-es","15":"tag-espana","16":"tag-eurocopa-femenina","17":"tag-eurocopa-femenina-2025","18":"tag-futbol","19":"tag-futbol-femenino","20":"tag-futbolistas","21":"tag-liga-de-las-naciones-femenina-de-la-uefa","22":"tag-montse-tome","23":"tag-mundial-brasil-2027-futbol-femenino","24":"tag-mundial-futbol-femenino","25":"tag-partidos-futbol","26":"tag-seleccion-alemana-futbol-femenino","27":"tag-seleccion-espanola-futbol-femenino","28":"tag-seleccion-inglesa-futbol-femenino","29":"tag-sonia-bermudez","30":"tag-spain","31":"tag-sports","32":"tag-trofeos-futbol"},"share_on_mastodon":{"url":"","error":"Validation failed: Text character limit of 500 exceeded"},"_links":{"self":[{"href":"https:\/\/www.europesays.com\/es\/wp-json\/wp\/v2\/posts\/315627","targetHints":{"allow":["GET"]}}],"collection":[{"href":"https:\/\/www.europesays.com\/es\/wp-json\/wp\/v2\/posts"}],"about":[{"href":"https:\/\/www.europesays.com\/es\/wp-json\/wp\/v2\/types\/post"}],"author":[{"embeddable":true,"href":"https:\/\/www.europesays.com\/es\/wp-json\/wp\/v2\/users\/2"}],"replies":[{"embeddable":true,"href":"https:\/\/www.europesays.com\/es\/wp-json\/wp\/v2\/comments?post=315627"}],"version-history":[{"count":0,"href":"https:\/\/www.europesays.com\/es\/wp-json\/wp\/v2\/posts\/315627\/revisions"}],"wp:featuredmedia":[{"embeddable":true,"href":"https:\/\/www.europesays.com\/es\/wp-json\/wp\/v2\/media\/315628"}],"wp:attachment":[{"href":"https:\/\/www.europesays.com\/es\/wp-json\/wp\/v2\/media?parent=315627"}],"wp:term":[{"taxonomy":"category","embeddable":true,"href":"https:\/\/www.europesays.com\/es\/wp-json\/wp\/v2\/categories?post=315627"},{"taxonomy":"post_tag","embeddable":true,"href":"https:\/\/www.europesays.com\/es\/wp-json\/wp\/v2\/tags?post=315627"}],"curies":[{"name":"wp","href":"https:\/\/api.w.org\/{rel}","templated":true}]}}