{"id":315635,"date":"2025-12-31T12:55:09","date_gmt":"2025-12-31T12:55:09","guid":{"rendered":"https:\/\/www.europesays.com\/es\/315635\/"},"modified":"2025-12-31T12:55:09","modified_gmt":"2025-12-31T12:55:09","slug":"la-mayoria-de-miembros-de-la-fed-ven-probable-nuevos-recortes-de-tasas","status":"publish","type":"post","link":"https:\/\/www.europesays.com\/es\/315635\/","title":{"rendered":"La mayor\u00eda de miembros de la Fed ven probable nuevos recortes de tasas"},"content":{"rendered":"<p>    <img src=\"https:\/\/www.europesays.com\/es\/wp-content\/uploads\/2025\/12\/2025-12-31T113A463A55Z-90710535.jpg\" width=\"1024\" height=\"682\" alt=\"\" loading=\"eager\" decoding=\"sync\" fetchpriority=\"high\"\/><\/p>\n<p>            afp_tickers        <\/p>\n<p>        Este contenido fue publicado en    <\/p>\n<p>        31 diciembre 2025 &#8211; 12:46\n<\/p>\n<p>La mayor\u00eda de los miembros de la Reserva Federal de Estados Unidos (Fed, banco central) considera apropiado nuevos recortes de las tasas de inter\u00e9s si la inflaci\u00f3n disminuye, seg\u00fan las actas de la reuni\u00f3n m\u00e1s reciente publicadas el martes.<\/p>\n<p>Pero algunos funcionarios tambi\u00e9n sugirieron que probablemente ser\u00eda adecuado mantener los tipos \u00absin cambios durante alg\u00fan tiempo\u00bb, luego de la \u00faltima reducci\u00f3n este mes.<\/p>\n<p>En su reuni\u00f3n del 9 y 10 de diciembre, los integrantes del Comit\u00e9 de Pol\u00edtica Monetaria (FOMC) votaron 9-3 a favor de bajar las tasas en un cuarto de punto porcentual, situ\u00e1ndolas en un rango comprendido entre el 3,50% y el 3,75%.<\/p>\n<p>Sin embargo, unos pocos que votaron por este tercer recorte consecutivo indicaron que podr\u00edan haber apoyado mantener las tasas incambiadas.<\/p>\n<p>Las actas de la reuni\u00f3n de la Fed resaltan la cuerda floja en la que se mueven los funcionarios de la Fed, al equilibrar la necesidad de apuntalar un mercado laboral debilitado frente al riesgo de que la inflaci\u00f3n se afiance.<\/p>\n<p>Los responsables de las pol\u00edtica monetaria han estado divididos sobre el ritmo de los recortes, en tanto las tasas m\u00e1s bajas impulsan la econom\u00eda y las m\u00e1s altas buscan contener la inflaci\u00f3n a medida que los aranceles del presidente Donald Trump hacen sentir su efecto.<\/p>\n<p>El presidente de la Fed, Jerome Powell, insinu\u00f3 que el banco central podr\u00eda posponer un nuevo recorte en los pr\u00f3ximos meses.\u00a0<\/p>\n<p>Por ahora, las actas de la Fed muestran que los funcionarios esperan que la inflaci\u00f3n se mantenga \u00abalgo elevada en el corto plazo\u00bb antes de avanzar gradualmente hacia su objetivo del 2%.<\/p>\n<p>Algunos alertaron sobre el riesgo de que una inflaci\u00f3n alta m\u00e1s persistente de lo esperado.<\/p>\n<p>Por otra parte, la mayor\u00eda de los responsables de la pol\u00edtica monetaria estimaron que los indicadores recientes apuntan a una continua desaceleraci\u00f3n del empleo. Tambi\u00e9n destacaron que los hogares de menores ingresos estaban especialmente preocupados por sus perspectivas laborales.<\/p>\n<p>La pr\u00f3xima reuni\u00f3n de la Fed est\u00e1 prevista para el 27 y 28 de enero y los actores del mercado esperan que los tipos se mantengan en su nivel actual, seg\u00fan lo recopilado por la herramienta de seguimiento de CME, FedWatch.<\/p>\n<p>bys\/ksb\/lb\/ad<\/p>\n","protected":false},"excerpt":{"rendered":"afp_tickers Este contenido fue publicado en 31 diciembre 2025 &#8211; 12:46 La mayor\u00eda de los miembros de la&hellip;\n","protected":false},"author":2,"featured_media":315636,"comment_status":"","ping_status":"","sticky":false,"template":"","format":"standard","meta":{"footnotes":""},"categories":[80],"tags":[82,4430,95,10017,94,84,25,24,10019,4437,87,10022,88,23,90],"class_list":{"0":"post-315635","1":"post","2":"type-post","3":"status-publish","4":"format-standard","5":"has-post-thumbnail","7":"category-economia","8":"tag-business","9":"tag-central-bank","10":"tag-economia","11":"tag-economic-policy","12":"tag-economy","13":"tag-economy-general","14":"tag-es","15":"tag-espana","16":"tag-finance-general","17":"tag-government","18":"tag-macro-economics","19":"tag-money-and-monetary-policy","20":"tag-politics","21":"tag-spain","22":"tag-ticker"},"share_on_mastodon":{"url":"https:\/\/pubeurope.com\/@es\/115814290239911856","error":""},"_links":{"self":[{"href":"https:\/\/www.europesays.com\/es\/wp-json\/wp\/v2\/posts\/315635","targetHints":{"allow":["GET"]}}],"collection":[{"href":"https:\/\/www.europesays.com\/es\/wp-json\/wp\/v2\/posts"}],"about":[{"href":"https:\/\/www.europesays.com\/es\/wp-json\/wp\/v2\/types\/post"}],"author":[{"embeddable":true,"href":"https:\/\/www.europesays.com\/es\/wp-json\/wp\/v2\/users\/2"}],"replies":[{"embeddable":true,"href":"https:\/\/www.europesays.com\/es\/wp-json\/wp\/v2\/comments?post=315635"}],"version-history":[{"count":0,"href":"https:\/\/www.europesays.com\/es\/wp-json\/wp\/v2\/posts\/315635\/revisions"}],"wp:featuredmedia":[{"embeddable":true,"href":"https:\/\/www.europesays.com\/es\/wp-json\/wp\/v2\/media\/315636"}],"wp:attachment":[{"href":"https:\/\/www.europesays.com\/es\/wp-json\/wp\/v2\/media?parent=315635"}],"wp:term":[{"taxonomy":"category","embeddable":true,"href":"https:\/\/www.europesays.com\/es\/wp-json\/wp\/v2\/categories?post=315635"},{"taxonomy":"post_tag","embeddable":true,"href":"https:\/\/www.europesays.com\/es\/wp-json\/wp\/v2\/tags?post=315635"}],"curies":[{"name":"wp","href":"https:\/\/api.w.org\/{rel}","templated":true}]}}