{"id":31564,"date":"2025-08-07T12:32:09","date_gmt":"2025-08-07T12:32:09","guid":{"rendered":"https:\/\/www.europesays.com\/es\/31564\/"},"modified":"2025-08-07T12:32:09","modified_gmt":"2025-08-07T12:32:09","slug":"tercera-etapa-primer-test-con-orduna-como-protagonista","status":"publish","type":"post","link":"https:\/\/www.europesays.com\/es\/31564\/","title":{"rendered":"Tercera etapa, primer test con Ordu\u00f1a como protagonista"},"content":{"rendered":"<p>La tercera etapa de la Vuelta a Burgos ya ha comenzado, au que lo ha hecho con retraso ya que en el tramo neutralizado ha habido una ca\u00edda en la que se ha visto involucrado Roger Adri\u00e1, l\u00edder de la prueba. El pelot\u00f3n\u00a0 tiene una jornada por delante en la que se esperan movimientos de los hombres importantes. El comienzo ha sido en el monasterio de San Pedro Carde\u00f1a y acabar\u00e1 en Valpuesta despu\u00e9s de 185 kil\u00f3metros de recorrido.<\/p>\n<p>El ascenso a Ordu\u00f1a ser\u00e1 el punto \u00e1lgido de la jornada y se coronar\u00e1 a 22 kil\u00f3metros de la meta. Los Del Toro, Ciccone, Landa, Bernal y compa\u00f1\u00eda tendr\u00e1n la oportunidad de comprobar su estado de forma. Se ver\u00e1 los aspirantes a lograr la victoria definitiva, que se decidir\u00e1 el s\u00e1bado en las rampas de Las Lagunas.<\/p>\n","protected":false},"excerpt":{"rendered":"La tercera etapa de la Vuelta a Burgos ya ha comenzado, au que lo ha hecho con retraso&hellip;\n","protected":false},"author":2,"featured_media":31565,"comment_status":"","ping_status":"","sticky":false,"template":"","format":"standard","meta":{"footnotes":""},"categories":[273],"tags":[623,313,312,168,25,24,23,167,11162],"class_list":{"0":"post-31564","1":"post","2":"type-post","3":"status-publish","4":"format-standard","5":"has-post-thumbnail","7":"category-ciclismo","8":"tag-burgos","9":"tag-ciclismo","10":"tag-cycling","11":"tag-deportes","12":"tag-es","13":"tag-espana","14":"tag-spain","15":"tag-sports","16":"tag-vuelta-ciclista-a-burgos"},"share_on_mastodon":{"url":"","error":""},"_links":{"self":[{"href":"https:\/\/www.europesays.com\/es\/wp-json\/wp\/v2\/posts\/31564","targetHints":{"allow":["GET"]}}],"collection":[{"href":"https:\/\/www.europesays.com\/es\/wp-json\/wp\/v2\/posts"}],"about":[{"href":"https:\/\/www.europesays.com\/es\/wp-json\/wp\/v2\/types\/post"}],"author":[{"embeddable":true,"href":"https:\/\/www.europesays.com\/es\/wp-json\/wp\/v2\/users\/2"}],"replies":[{"embeddable":true,"href":"https:\/\/www.europesays.com\/es\/wp-json\/wp\/v2\/comments?post=31564"}],"version-history":[{"count":0,"href":"https:\/\/www.europesays.com\/es\/wp-json\/wp\/v2\/posts\/31564\/revisions"}],"wp:featuredmedia":[{"embeddable":true,"href":"https:\/\/www.europesays.com\/es\/wp-json\/wp\/v2\/media\/31565"}],"wp:attachment":[{"href":"https:\/\/www.europesays.com\/es\/wp-json\/wp\/v2\/media?parent=31564"}],"wp:term":[{"taxonomy":"category","embeddable":true,"href":"https:\/\/www.europesays.com\/es\/wp-json\/wp\/v2\/categories?post=31564"},{"taxonomy":"post_tag","embeddable":true,"href":"https:\/\/www.europesays.com\/es\/wp-json\/wp\/v2\/tags?post=31564"}],"curies":[{"name":"wp","href":"https:\/\/api.w.org\/{rel}","templated":true}]}}