{"id":315654,"date":"2025-12-31T13:14:13","date_gmt":"2025-12-31T13:14:13","guid":{"rendered":"https:\/\/www.europesays.com\/es\/315654\/"},"modified":"2025-12-31T13:14:13","modified_gmt":"2025-12-31T13:14:13","slug":"en-la-cima-del-mundo","status":"publish","type":"post","link":"https:\/\/www.europesays.com\/es\/315654\/","title":{"rendered":"En la cima del mundo"},"content":{"rendered":"<p class=\"\">El f\u00fatbol espa\u00f1ol despide 2025 como el a\u00f1o en el que se convirti\u00f3 en el pa\u00eds dominador del f\u00fatbol mundial masculino y femenino. <a href=\"https:\/\/as.com\/futbol\/femenino\/hazana-historica-de-espana-f202512-n\/\" target=\"_self\" rel=\"nofollow noopener\" title=\"https:\/\/as.com\/futbol\/femenino\/hazana-historica-de-espana-f202512-n\/\"><b>Las dos Selecciones comenzar\u00e1n 2026 como l\u00edderes de sus respectivos ranking FIFA<\/b><\/a>, lo que no ocurr\u00eda desde que lo lograra Alemania en 2014. Un hito que no hace mucho parec\u00eda una quimera para un pa\u00eds que apenas celebr\u00f3 en categor\u00eda absoluta una Eurocopa masculina durante todo el Siglo XX, pero que en el XXI acumula un palmar\u00e9s incre\u00edble. Y si se acota a los tres \u00faltimos a\u00f1os, el Mundial femenino, la Eurocopa masculina y tres Nations League son la envidia mundial.<\/p>\n<p class=\"\">Argumentos para que se pueda hablar de la verdadera Edad de Oro del f\u00fatbol nacional. Un t\u00edtulo que resid\u00eda con todo merecimiento en aquella generaci\u00f3n irrepetible que logr\u00f3 el triplete Eurocopa-Mundial-Eurocopa entre 2008 y 2012. Una \u00e9poca en la que todo el f\u00fatbol que trascend\u00eda era masculino y nadie se pod\u00eda imaginar a unas mujeres espa\u00f1olas levantando alg\u00fan t\u00edtulo. Por poner en perspectiva:<b> cuando Iker Casillas levant\u00f3 la Copa del Mundo al cielo del Soccer City de Johannesburgo, la Selecci\u00f3n femenina era la 20\u00aa del ranking FIFA<\/b>, nunca hab\u00eda logrado la clasificaci\u00f3n para un Mundial y solo hab\u00edan disputado una Eurocopa, con unas meritorias semifinales que brillaban como la gesta de unas pioneras sin continuidad.<\/p>\n<p><img decoding=\"async\" src=\"https:\/\/www.europesays.com\/es\/wp-content\/uploads\/2025\/12\/EXAUNFJZQJBNPIRUGYO25ZXTVU.png\" alt=\"En la cima del mundo\" height=\"309\" width=\"1200\"   loading=\"lazy\"\/><\/p>\n<p class=\"\">Todo cambi\u00f3 en 2023 con el Mundial que conquist\u00f3 una Selecci\u00f3n que hoy en d\u00eda <a href=\"https:\/\/as.com\/futbol\/femenino\/hazana-historica-de-espana-f202512-n\/\" target=\"_self\" rel=\"nofollow noopener\" title=\"https:\/\/as.com\/futbol\/femenino\/hazana-historica-de-espana-f202512-n\/\">ya es referencia del deporte espa\u00f1ol<\/a>, como acreditan los 55.843 espectadores que se dieron cita en el Metropolitano en el reciente triunfo en la Nations League. <b>\u201cAlgunas de nosotras llevamos 13 a\u00f1os jugando con la Selecci\u00f3n y nunca imaginamos esto.<\/b> Dice mucho de lo que hemos hecho por el f\u00fatbol femenino en Espa\u00f1a. Seguiremos inspirando a ni\u00f1as y ni\u00f1os a luchar por sus sue\u00f1os\u201d, reflexionaba entonces una Alexia Putellas que ha vivido, con la camiseta de la Selecci\u00f3n puesta, toda esta transici\u00f3n. De un equipo irrelevante a referencia mundial. De 39.000 licencias en Espa\u00f1a cuando debut\u00f3 con La Roja a casi 110.000 en la actualidad.<\/p>\n<p class=\"\">La paradoja es que tal irrupci\u00f3n ha coincidido con una Selecci\u00f3n masculina a la que, salvando a\u00fan las enormes distancias, ya se le empiezan a encontrar similitudes con la de Iniesta, Casillas, Xavi y compa\u00f1\u00eda. La Eurocopa y la Nations de 2024, m\u00e1s una clasificaci\u00f3n mundialista impoluta y <b>un r\u00e9cord de 31 partidos invicto que supera al propio equipo de Del Bosque<\/b>, ha sido la confirmaci\u00f3n de que se puede so\u00f1ar con la segunda estrella. <\/p>\n<p><img decoding=\"async\" src=\"https:\/\/www.europesays.com\/es\/wp-content\/uploads\/2025\/12\/YS5AJM744NEBZETD76G4U5DBUY.jpg\" alt=\"En la cima del mundo\" height=\"2855\" width=\"4282\"   loading=\"lazy\"\/>Soccrates Images<\/p>\n<p class=\"\">\u201cCon toda la humildad, somos los mejores del mundo. La Selecci\u00f3n compite con los mejores, pero especialmente, la Selecci\u00f3n une e ilusiona a todos los aficionados del pa\u00eds\u201d, proclama Rafael Louz\u00e1n, presidente de una Real Federaci\u00f3n Espa\u00f1ola de F\u00fatbol que, en apenas un a\u00f1o en el cargo, ha tenido que tomar dos decisiones claves en el plano deportivo. Por un lado,<b> la renovaci\u00f3n de Luis de la Fuente como seleccionador masculino<\/b>, un t\u00e9cnico que ha pasado por todas las categor\u00edas de la casa, con la oportunidad de ir puliendo a muchas de las joyas de la nueva generaci\u00f3n. Y por el otro, <b>la contrataci\u00f3n de Sonia Berm\u00fadez<\/b> en la femenina, para dar continuidad al trabajo ya hecho en una medida que forma parte del objetivo de dotar a las jugadoras del mejor staff y los mejores recursos posibles.<\/p>\n<p class=\"\">Todo, mientras en el extranjero intentan analizar los m\u00e9todos formativos, el trabajo de clubes y federaciones territoriales, la alta calidad de los t\u00e9cnicos o las innumerables canteras repletas de talento <b>para intentar detectar cu\u00e1l es el secreto de la mayor potencia futbol\u00edstica<\/b> de lo que va de este siglo. El 2026 ser\u00e1 un a\u00f1o en el que intentar certificar este inusual dominio, conscientes de que si llegar a la cima es dif\u00edcil, m\u00e1s lo es mantenerse.<\/p>\n<tr>Ranking FIFA masculinoPuntosRanking FIFA femeninoPuntos<\/tr>\n<tr>\n<td><b>Espa\u00f1a<\/b><\/td>\n<td><b>1877.18<\/b><\/td>\n<td><b>Espa\u00f1a<\/b><\/td>\n<td><b>2094.891<\/b><\/td>\n<\/tr>\n<tr>\n<td>Argentina<\/td>\n<td>1873.33<\/td>\n<td>Estados Unidos<\/td>\n<td>2057.583<\/td>\n<\/tr>\n<tr>\n<td>Francia<\/td>\n<td>1870<\/td>\n<td>Alemania<\/td>\n<td>2010.797<\/td>\n<\/tr>\n<tr>\n<td>Inglaterra<\/td>\n<td>1834.12<\/td>\n<td>Inglaterra<\/td>\n<td>2009.679<\/td>\n<\/tr>\n<tr>\n<td>Brasil<\/td>\n<td>1760.46<\/td>\n<td>Suecia<\/td>\n<td>1993.396<\/td>\n<\/tr>\n<p>Un dominio que se refleja en los premios individuales<\/p>\n<p class=\"\">Aitana Bonmat\u00ed conquist\u00f3 este a\u00f1o su tercer Bal\u00f3n de Oro consecutivo, algo que ninguna futbolista hab\u00eda logrado en la historia. <b>La jugadora del Bar\u00e7a es el mayor exponente espa\u00f1ol de que los \u00e9xitos colectivos<\/b> se traducen tambi\u00e9n en los galardones individuales, como tambi\u00e9n se le ha reconocido en los premios The Best. Antes, su compa\u00f1era Alexia, con dos dobletes tambi\u00e9n, fue la referente de un f\u00fatbol espa\u00f1ol femenino que tambi\u00e9n ha visto pelear por los m\u00e1ximos reconocimientos a Mariona Caldentey, Salma Paralluelo o Cata Coll. Incluida una Vicky L\u00f3pez que gan\u00f3 el Trofeo Kopa a la jugadora m\u00e1s prometedora del a\u00f1o.<\/p>\n<p>Noticias relacionadas<\/p>\n<p class=\"\">El mismo galard\u00f3n que Lamine Yamal ha conquistado en dos ocasiones, a la vez que acab\u00f3 segundo en el Bal\u00f3n de Oro de esta \u00faltima temporada. <b>Un logro que se une al hito conseguido por Rodri en 2024<\/b>, cuando conquist\u00f3 lo que ning\u00fan compatriota lograba desde Luis Su\u00e1rez en 1960, el Bal\u00f3n de Oro absoluto. Ni la generaci\u00f3n dorada que gan\u00f3 el Mundial lo consigui\u00f3: Iniesta cosech\u00f3 un segundo y un tercero, Xavi acab\u00f3 tres veces tercero, mismo puesto en el que acab\u00f3 Fernando Torres en 2008. <\/p>\n<p class=\"\"><b>\u00a1Tus opiniones importan!<\/b> Comenta en los art\u00edculos y suscr\u00edbete gratis a nuestra <a href=\"https:\/\/asfan.as.com\/newsletters\/\" target=\"_blank\" rel=\"nofollow noopener\" title=\"https:\/\/asfan.as.com\/newsletters\/\">newsletter<\/a> y a las alertas informativas en la <a href=\"https:\/\/as.com\/aplicacion-de-as-n\/\" target=\"_blank\" rel=\"nofollow noopener\" title=\"https:\/\/as.com\/aplicacion-de-as-n\/\">App<\/a> o el canal de <a href=\"https:\/\/www.whatsapp.com\/channel\/0029VaAasdA7j6g745nz9M10\" target=\"_blank\" rel=\"nofollow noopener\" title=\"https:\/\/www.whatsapp.com\/channel\/0029VaAasdA7j6g745nz9M10\">WhatsApp<\/a>. \u00bfBuscas licenciar contenido? Haz clic <a href=\"https:\/\/profesional.elpais.com\/soluciones-sindicacion?utm_medium=interno&amp;utm_source=crosslinking&amp;utm_campaign=sindicacion_as_pie_articulos\" target=\"_blank\" rel=\"nofollow noopener\" title=\"https:\/\/profesional.elpais.com\/soluciones-sindicacion?utm_medium=interno&amp;utm_source=crosslinking&amp;utm_campaign=sindicacion_as_pie_articulos\">aqu\u00ed<\/a><\/p>\n","protected":false},"excerpt":{"rendered":"El f\u00fatbol espa\u00f1ol despide 2025 como el a\u00f1o en el que se convirti\u00f3 en el pa\u00eds dominador del&hellip;\n","protected":false},"author":2,"featured_media":315655,"comment_status":"","ping_status":"","sticky":false,"template":"","format":"standard","meta":{"footnotes":""},"categories":[93],"tags":[168,25,24,23,167],"class_list":{"0":"post-315654","1":"post","2":"type-post","3":"status-publish","4":"format-standard","5":"has-post-thumbnail","7":"category-deportes","8":"tag-deportes","9":"tag-es","10":"tag-espana","11":"tag-spain","12":"tag-sports"},"share_on_mastodon":{"url":"https:\/\/pubeurope.com\/@es\/115814364918260547","error":""},"_links":{"self":[{"href":"https:\/\/www.europesays.com\/es\/wp-json\/wp\/v2\/posts\/315654","targetHints":{"allow":["GET"]}}],"collection":[{"href":"https:\/\/www.europesays.com\/es\/wp-json\/wp\/v2\/posts"}],"about":[{"href":"https:\/\/www.europesays.com\/es\/wp-json\/wp\/v2\/types\/post"}],"author":[{"embeddable":true,"href":"https:\/\/www.europesays.com\/es\/wp-json\/wp\/v2\/users\/2"}],"replies":[{"embeddable":true,"href":"https:\/\/www.europesays.com\/es\/wp-json\/wp\/v2\/comments?post=315654"}],"version-history":[{"count":0,"href":"https:\/\/www.europesays.com\/es\/wp-json\/wp\/v2\/posts\/315654\/revisions"}],"wp:featuredmedia":[{"embeddable":true,"href":"https:\/\/www.europesays.com\/es\/wp-json\/wp\/v2\/media\/315655"}],"wp:attachment":[{"href":"https:\/\/www.europesays.com\/es\/wp-json\/wp\/v2\/media?parent=315654"}],"wp:term":[{"taxonomy":"category","embeddable":true,"href":"https:\/\/www.europesays.com\/es\/wp-json\/wp\/v2\/categories?post=315654"},{"taxonomy":"post_tag","embeddable":true,"href":"https:\/\/www.europesays.com\/es\/wp-json\/wp\/v2\/tags?post=315654"}],"curies":[{"name":"wp","href":"https:\/\/api.w.org\/{rel}","templated":true}]}}