{"id":315663,"date":"2025-12-31T13:19:10","date_gmt":"2025-12-31T13:19:10","guid":{"rendered":"https:\/\/www.europesays.com\/es\/315663\/"},"modified":"2025-12-31T13:19:10","modified_gmt":"2025-12-31T13:19:10","slug":"rusia-difunde-un-video-de-uno-de-los-drones-derribados-en-el-supuesto-ataque-contra-la-residencia-de-putin","status":"publish","type":"post","link":"https:\/\/www.europesays.com\/es\/315663\/","title":{"rendered":"Rusia difunde un v\u00eddeo de uno de los drones derribados en el supuesto ataque contra la residencia de Putin"},"content":{"rendered":"<p><img id=\"fotoPrincipalNoticia\" src=\"https:\/\/www.europesays.com\/es\/wp-content\/uploads\/2025\/12\/fotonoticia_20251231105421_690.jpg\" loading=\"eager\" decoding=\"async\" style=\"view-transition-name: fechor_20251231105421;\" border=\"0\" alt=\"Vladimir Putin.\" fetchpriority=\"high\" title=\"Rusia difunde un v\u00eddeo de uno de los drones derribados en el supuesto ataque contra la residencia de Putin\" width=\"690\" height=\"426\" itemprop=\"image\"\/><\/p>\n<p>Vladimir Putin. &#8211; Europa Press\/Contacto\/Mikhail Metzel\/Kremlin Pool<\/p>\n<p>   MADRID, 31 Dic. (EUROPA PRESS) &#8211; <\/p>\n<p>   El Ministerio de Defensa de Rusia ha difundido un v\u00eddeo este mi\u00e9rcoles de uno de los drones que supuestamente utilizaron durante la noche del 28 al 29 de diciembre las fuerzas ucranianas para intentar atacar la residencia del presidente ruso, Vladimir Putin, en N\u00f3vgorod, en el noroeste del pa\u00eds.<\/p>\n<p>    Se trata de un dron tipo Chaklun-V, equipados con una carga altamente explosiva de seis kilos, seg\u00fan relata el militar ruso que aparece en el v\u00eddeo junto al aparato, uno de los 91 que supuestamente se utiliz\u00f3 para atentar contra el presidente ruso, extremo que Ucrania pone en cuesti\u00f3n.<\/p>\n<p>   Por otro lado, en una rueda de prensa, este martes, el mayor general de las Fuerzas Aeroespaciales de Rusia, Alexander Roman\u00e9nkov, ha detallado que los drones que ten\u00edan como objetivo la residencia oficial de Putin en N\u00f3vgorod fueron lanzados desde las regiones ucranianas de Sumi y Chern\u00edgov.<\/p>\n<p>   Asimismo, ha informado de que el ataque logr\u00f3 ser repelido por las fuerzas rusas gracias a los sistemas de defensa a\u00e9rea desplegados en Briansk, Smolensk y N\u00f3vgorod.<\/p>\n","protected":false},"excerpt":{"rendered":"Vladimir Putin. &#8211; Europa Press\/Contacto\/Mikhail Metzel\/Kremlin Pool MADRID, 31 Dic. (EUROPA PRESS) &#8211; El Ministerio de Defensa de&hellip;\n","protected":false},"author":2,"featured_media":315664,"comment_status":"","ping_status":"","sticky":false,"template":"","format":"standard","meta":{"footnotes":""},"categories":[42],"tags":[17,18,13,14,11,61,62,63,64,19,20,9,10,15,16,12,21,22,65,66,67],"class_list":{"0":"post-315663","1":"post","2":"type-post","3":"status-publish","4":"format-standard","5":"has-post-thumbnail","7":"category-internacional","8":"tag-breaking-news","9":"tag-breakingnews","10":"tag-featured-news","11":"tag-featurednews","12":"tag-headlines","13":"tag-internacional","14":"tag-international","15":"tag-international-news","16":"tag-internationalnews","17":"tag-latest-news","18":"tag-latestnews","19":"tag-news","20":"tag-noticias","21":"tag-noticias-destacadas","22":"tag-noticiasdestacadas","23":"tag-titulares","24":"tag-ultimas-noticias","25":"tag-ultimasnoticias","26":"tag-world","27":"tag-world-news","28":"tag-worldnews"},"share_on_mastodon":{"url":"https:\/\/pubeurope.com\/@es\/115814384571596396","error":""},"_links":{"self":[{"href":"https:\/\/www.europesays.com\/es\/wp-json\/wp\/v2\/posts\/315663","targetHints":{"allow":["GET"]}}],"collection":[{"href":"https:\/\/www.europesays.com\/es\/wp-json\/wp\/v2\/posts"}],"about":[{"href":"https:\/\/www.europesays.com\/es\/wp-json\/wp\/v2\/types\/post"}],"author":[{"embeddable":true,"href":"https:\/\/www.europesays.com\/es\/wp-json\/wp\/v2\/users\/2"}],"replies":[{"embeddable":true,"href":"https:\/\/www.europesays.com\/es\/wp-json\/wp\/v2\/comments?post=315663"}],"version-history":[{"count":0,"href":"https:\/\/www.europesays.com\/es\/wp-json\/wp\/v2\/posts\/315663\/revisions"}],"wp:featuredmedia":[{"embeddable":true,"href":"https:\/\/www.europesays.com\/es\/wp-json\/wp\/v2\/media\/315664"}],"wp:attachment":[{"href":"https:\/\/www.europesays.com\/es\/wp-json\/wp\/v2\/media?parent=315663"}],"wp:term":[{"taxonomy":"category","embeddable":true,"href":"https:\/\/www.europesays.com\/es\/wp-json\/wp\/v2\/categories?post=315663"},{"taxonomy":"post_tag","embeddable":true,"href":"https:\/\/www.europesays.com\/es\/wp-json\/wp\/v2\/tags?post=315663"}],"curies":[{"name":"wp","href":"https:\/\/api.w.org\/{rel}","templated":true}]}}