{"id":315691,"date":"2025-12-31T13:42:10","date_gmt":"2025-12-31T13:42:10","guid":{"rendered":"https:\/\/www.europesays.com\/es\/315691\/"},"modified":"2025-12-31T13:42:10","modified_gmt":"2025-12-31T13:42:10","slug":"lista-de-las-37-ong-que-operan-en-gaza-a-las-que-israel-retirara-manana-la-licencia","status":"publish","type":"post","link":"https:\/\/www.europesays.com\/es\/315691\/","title":{"rendered":"Lista de las 37 ONG que operan en Gaza a las que Israel retirar\u00e1 ma\u00f1ana la licencia"},"content":{"rendered":"<p>Jerusal\u00e9n, 31 dic (EFE).- El Gobierno de Israel retirar\u00e1 ma\u00f1ana 1 de enero las licencias a <a href=\"https:\/\/efe.com\/mundo\/2025-12-30\/israel-ong-gaza-msf-medicos-sin-fronteras\/\" target=\"_blank\" rel=\"noreferrer noopener nofollow\">37 ONG que operan en Gaza <\/a>y tambi\u00e9n en Cisjordania, entre ellas M\u00e9dicos Sin Fronteras (MSF), al considerar que empleados de esas organizaciones \u00abestuvieron involucrados en actividades terroristas\u00bb.<\/p>\n<p>C\u00e1ritas Jerusal\u00e9n dice que seguir\u00e1 con sus operaciones <\/p>\n<p>La organizaci\u00f3n C\u00e1ritas Jerusal\u00e9n afirm\u00f3 que continuar\u00e1 con sus operaciones humanitarias y de desarrollo en Gaza, Cisjordania y Jerusal\u00e9n a pesar del anunci\u00f3 del Gobierno israel\u00ed de que retirar\u00e1 ma\u00f1ana su licencia para operar, argumentando que se trata de una persona jur\u00eddica reconocida por Israel en un acuerdo con la Santa Sede.<\/p>\n<p>En un comunicado, el portavoz del Patriarcado Latino de Jerusal\u00e9n, Farid Jubran, explica este jueves que la organizaci\u00f3n no ha iniciado ning\u00fan proceso de \u00abreinscripci\u00f3n\u00bb ante las autoridades israel\u00edes, que aprobaron a principios de 2025 un nuevo sistema de registro de las ONG internacionales ampliamente criticado por estas organizaciones, al comprender informaci\u00f3n sensible como los nombres de todos sus empleados.<\/p>\n<p>Por su parte, el Ministerio de Asuntos Exteriores de la Autoridad Nacional Palestina (ANP), que gobierna en partes del territorio de Cisjordania, dijo que el Gobierno israel\u00ed \u00abno quiere testigos de sus cr\u00edmenes\u00bb, tras anunciar que no renovar\u00e1 la licencias.<\/p>\n<p>Esta es la lista, a la que ha tenido acceso EFE a trav\u00e9s de una fuente del <a href=\"https:\/\/efe.com\/noticias\/guerra-gaza\/\" target=\"_blank\" rel=\"noreferrer noopener nofollow\">Gobierno israel\u00ed<\/a>, de las organizaciones afectadas, varias de ellas espa\u00f1olas, que tendr\u00e1n hasta el 1 de marzo para completar el cese de sus actividades en los territorios palestinos.<\/p>\n<ol class=\"wp-block-list\">\n<li>Acci\u00f3n contra el Hambre.<\/li>\n<li>Action Aid.<\/li>\n<li>Alianza por la Solidaridad.<\/li>\n<li>Artsen Zonder Grenzen (M\u00e9dicos sin Fronteras Holanda).<\/li>\n<li>Campaign for the Children of Palestine (CCP Jap\u00f3n).<\/li>\n<li>CARE.<\/li>\n<li>DanChurchAid.<\/li>\n<li>Danish Refugee Council.<\/li>\n<li>Handicap International \u2013 Humanity and Inclusion.<\/li>\n<li>Japan International Volunteer Center.<\/li>\n<li>M\u00e9dicos del Mundo Francia.<\/li>\n<li>M\u00e9dicos del Mundo Suiza.<\/li>\n<li>M\u00e9dicos Sin Fronteras B\u00e9lgica.<\/li>\n<li>M\u00e9dicos Sin Fronteras Francia.<\/li>\n<li>M\u00e9dicos del Mundo Espa\u00f1a.<\/li>\n<li>Mercy Corps.<\/li>\n<li>M\u00e9dicos Sin Fronteras Espa\u00f1a.<\/li>\n<li>Norweigan Refugee Council.<\/li>\n<li>Oxfam Novib.<\/li>\n<li>Premi\u00e8re Urgence Internationale.<\/li>\n<li>Terre des Hommes Lausanne.<\/li>\n<li>The International Rescue Committee (IRC).<\/li>\n<li>WeWorld-GVC 24 \u2013 World Vision International.<\/li>\n<li>Relief International.<\/li>\n<li>Fondazione AVSI.<\/li>\n<li>Movimiento por la Paz \u2013 MPDL.<\/li>\n<li>American Friends Service Committee (AFSC).<\/li>\n<li>Medico International.<\/li>\n<li>The Palestine Solidarity Association (PSAS) Suecia.<\/li>\n<li>Defense for Children International.<\/li>\n<li>Medical Aid for Palestinians Reino Unido.<\/li>\n<li>Caritas Internationalis.<\/li>\n<li>Caritas Jerusalem.<\/li>\n<li>Near East Council Churches.<\/li>\n<li>OXFAM Quebec.<\/li>\n<li>War Child Holanda. EFE<\/li>\n<\/ol>\n","protected":false},"excerpt":{"rendered":"Jerusal\u00e9n, 31 dic (EFE).- El Gobierno de Israel retirar\u00e1 ma\u00f1ana 1 de enero las licencias a 37 ONG&hellip;\n","protected":false},"author":2,"featured_media":315692,"comment_status":"","ping_status":"","sticky":false,"template":"","format":"standard","meta":{"footnotes":""},"categories":[42],"tags":[17,18,13,14,7639,11,61,62,63,64,74,19,20,9,10,15,16,1899,12,21,22,65,66,67],"class_list":{"0":"post-315691","1":"post","2":"type-post","3":"status-publish","4":"format-standard","5":"has-post-thumbnail","7":"category-internacional","8":"tag-breaking-news","9":"tag-breakingnews","10":"tag-featured-news","11":"tag-featurednews","12":"tag-guerra-en-gaza","13":"tag-headlines","14":"tag-internacional","15":"tag-international","16":"tag-international-news","17":"tag-internationalnews","18":"tag-israel","19":"tag-latest-news","20":"tag-latestnews","21":"tag-news","22":"tag-noticias","23":"tag-noticias-destacadas","24":"tag-noticiasdestacadas","25":"tag-ong","26":"tag-titulares","27":"tag-ultimas-noticias","28":"tag-ultimasnoticias","29":"tag-world","30":"tag-world-news","31":"tag-worldnews"},"share_on_mastodon":{"url":"https:\/\/pubeurope.com\/@es\/115814474981943099","error":""},"_links":{"self":[{"href":"https:\/\/www.europesays.com\/es\/wp-json\/wp\/v2\/posts\/315691","targetHints":{"allow":["GET"]}}],"collection":[{"href":"https:\/\/www.europesays.com\/es\/wp-json\/wp\/v2\/posts"}],"about":[{"href":"https:\/\/www.europesays.com\/es\/wp-json\/wp\/v2\/types\/post"}],"author":[{"embeddable":true,"href":"https:\/\/www.europesays.com\/es\/wp-json\/wp\/v2\/users\/2"}],"replies":[{"embeddable":true,"href":"https:\/\/www.europesays.com\/es\/wp-json\/wp\/v2\/comments?post=315691"}],"version-history":[{"count":0,"href":"https:\/\/www.europesays.com\/es\/wp-json\/wp\/v2\/posts\/315691\/revisions"}],"wp:featuredmedia":[{"embeddable":true,"href":"https:\/\/www.europesays.com\/es\/wp-json\/wp\/v2\/media\/315692"}],"wp:attachment":[{"href":"https:\/\/www.europesays.com\/es\/wp-json\/wp\/v2\/media?parent=315691"}],"wp:term":[{"taxonomy":"category","embeddable":true,"href":"https:\/\/www.europesays.com\/es\/wp-json\/wp\/v2\/categories?post=315691"},{"taxonomy":"post_tag","embeddable":true,"href":"https:\/\/www.europesays.com\/es\/wp-json\/wp\/v2\/tags?post=315691"}],"curies":[{"name":"wp","href":"https:\/\/api.w.org\/{rel}","templated":true}]}}