{"id":315729,"date":"2025-12-31T14:16:08","date_gmt":"2025-12-31T14:16:08","guid":{"rendered":"https:\/\/www.europesays.com\/es\/315729\/"},"modified":"2025-12-31T14:16:08","modified_gmt":"2025-12-31T14:16:08","slug":"fin-de-ano-con-novedades-para-corberan-a-la-espera-de-fichajes","status":"publish","type":"post","link":"https:\/\/www.europesays.com\/es\/315729\/","title":{"rendered":"Fin de A\u00f1o con novedades para Corber\u00e1n a la espera de fichajes"},"content":{"rendered":"<p class=\"ft-text\"><strong>El <\/strong><a class=\"ft-link ft-link--decoration\" href=\"https:\/\/www.superdeporte.es\/valencia-cf\/2025\/12\/25\/corberan-cumple-ano-busca-recuperar-reaccion-125136628.html\" rel=\"nofollow noopener\" target=\"_blank\"><strong>Valencia CF <\/strong><\/a><strong>cierra el a\u00f1o con novedades<\/strong> en la ciudad deportiva de Paterna. <a class=\"ft-link ft-link--decoration\" href=\"https:\/\/www.superdeporte.es\/valencia-cf\/2025\/12\/29\/promesa-carlos-corberan-valencianismo-jose-luis-gaya-125231416.html\" rel=\"nofollow noopener\" target=\"_blank\"><strong>Carlos Corber\u00e1n <\/strong><\/a>recupera efectivos de cara al partido de LaLiga del s\u00e1bado contra el Celta de Vigo en Bala\u00eddos. <strong>Pepelu <\/strong>ha regresado a los entrenanientos este 31 de diciembre despu\u00e9s de superar un proceso v\u00edrico que le ha impedido ejercitarse con el resto del grupo en los \u00faltimos d\u00edas. El mediocentro cerr\u00f3 el a\u00f1o convertido en u<strong>no de los jugadores m\u00e1s en forma de la plantilla y es una pieza clave <\/strong>para que el equipo d\u00e9 el paso adelante definitivo en 2026.<\/p>\n<p class=\"ft-text\">Corber\u00e1n est\u00e1 centrado en lo estrictamente deportivo, pero <strong>sin dejar de mirar a lo que pase en el mercado de fichajes<\/strong>. El t\u00e9cnico <strong>espera refuerzos <\/strong>para afrontar con m\u00e1s garant\u00edas la segunda parte del campeonato. El de Cheste est\u00e1 en <strong>permanente contacto con el CEO de F\u00fatbol Ron Gourlay y su nueva estructura t\u00e9cnica. <\/strong><\/p>\n<p>Con T\u00e1rrega y C\u00f6mert<\/p>\n<p class=\"ft-text\">Las\u00a0buenas noticias\u00a0llegaron un d\u00eda antes en la sesi\u00f3n del martes en el eje central de la defensa.\u00a0Corber\u00e1n tambi\u00e9n cont\u00f3 con normalidad con otro de los afectados que arrastraba un proceso v\u00edrico: <strong>C\u00e9sar T\u00e1rrega.<\/strong> Mermadas por problemas f\u00edsicos en la recta final de competici\u00f3n en 2025, el a\u00f1o comenzar\u00e1 recuperando piezas.\u00a0Tanto C\u00e9sar T\u00e1rrega como<strong> Eray C\u00f6mert<\/strong> se entrenaron con el resto\u00a0del grupo este martes.<\/p>\n<p>Sin Dimitrievski<\/p>\n<p class=\"ft-text\">La \u00fanica ausencia en el \u00faltimo entrenamiento del a\u00f1o ha sido la del portero Stolen Dimitrievski. El normacedonio se ejercita al margen en pleno proceso de recuperaci\u00f3n de su lesi\u00f3n muscular. El guardameta padece una lesi\u00f3n en la musculatura aductora de su muslo derecho que le ha impedido competir desde principios de diciembre. <a href=\"https:\/\/www.superdeporte.es\/valencia-cf\/2025\/12\/16\/valenciacf-sporting-victoria-lucasbeltran-raba-octavosdefinal-124866343.html\" class=\"ft-link ft-link--decoration\" rel=\"nofollow noopener\" target=\"_blank\">Contra el Sporting de Gij\u00f3n debi\u00f3 actuar bajo los palos\u00a0<\/a><a href=\"https:\/\/www.superdeporte.es\/valencia-cf\/2025\/12\/16\/valenciacf-sporting-victoria-lucasbeltran-raba-octavosdefinal-124866343.html\" class=\"ft-link ft-link--decoration\" rel=\"nofollow noopener\" target=\"_blank\"><strong>Julen Agirrezabala<\/strong><\/a><strong>,<\/strong>\u00a0quien seguir\u00e1 haci\u00e9ndolo, como es habitual en la\u00a0<a href=\"https:\/\/www.superdeporte.es\/tags\/laliga\/\" class=\"ft-link ft-link--decoration\" rel=\"nofollow noopener\" target=\"_blank\">LaLiga<\/a>, este 3 de enero en Bala\u00eddos.<\/p>\n","protected":false},"excerpt":{"rendered":"El Valencia CF cierra el a\u00f1o con novedades en la ciudad deportiva de Paterna. Carlos Corber\u00e1n recupera efectivos&hellip;\n","protected":false},"author":2,"featured_media":315730,"comment_status":"","ping_status":"","sticky":false,"template":"","format":"standard","meta":{"footnotes":""},"categories":[268],"tags":[1611,27893,63335,73892,5416,168,25,24,280,282,288,5285,18882,43940,281,23,167,67450,235,5419],"class_list":{"0":"post-315729","1":"post","2":"type-post","3":"status-publish","4":"format-standard","5":"has-post-thumbnail","7":"category-futbol","8":"tag-ano","9":"tag-carlos-corberan","10":"tag-cesar-tarrega","11":"tag-comert","12":"tag-corberan","13":"tag-deportes","14":"tag-es","15":"tag-espana","16":"tag-football","17":"tag-futbol","18":"tag-laliga","19":"tag-novedades","20":"tag-paterna","21":"tag-pepelu","22":"tag-soccer","23":"tag-spain","24":"tag-sports","25":"tag-tarrega","26":"tag-valencia","27":"tag-valencia-cf"},"share_on_mastodon":{"url":"https:\/\/pubeurope.com\/@es\/115814608768496063","error":""},"_links":{"self":[{"href":"https:\/\/www.europesays.com\/es\/wp-json\/wp\/v2\/posts\/315729","targetHints":{"allow":["GET"]}}],"collection":[{"href":"https:\/\/www.europesays.com\/es\/wp-json\/wp\/v2\/posts"}],"about":[{"href":"https:\/\/www.europesays.com\/es\/wp-json\/wp\/v2\/types\/post"}],"author":[{"embeddable":true,"href":"https:\/\/www.europesays.com\/es\/wp-json\/wp\/v2\/users\/2"}],"replies":[{"embeddable":true,"href":"https:\/\/www.europesays.com\/es\/wp-json\/wp\/v2\/comments?post=315729"}],"version-history":[{"count":0,"href":"https:\/\/www.europesays.com\/es\/wp-json\/wp\/v2\/posts\/315729\/revisions"}],"wp:featuredmedia":[{"embeddable":true,"href":"https:\/\/www.europesays.com\/es\/wp-json\/wp\/v2\/media\/315730"}],"wp:attachment":[{"href":"https:\/\/www.europesays.com\/es\/wp-json\/wp\/v2\/media?parent=315729"}],"wp:term":[{"taxonomy":"category","embeddable":true,"href":"https:\/\/www.europesays.com\/es\/wp-json\/wp\/v2\/categories?post=315729"},{"taxonomy":"post_tag","embeddable":true,"href":"https:\/\/www.europesays.com\/es\/wp-json\/wp\/v2\/tags?post=315729"}],"curies":[{"name":"wp","href":"https:\/\/api.w.org\/{rel}","templated":true}]}}