{"id":315731,"date":"2025-12-31T14:17:12","date_gmt":"2025-12-31T14:17:12","guid":{"rendered":"https:\/\/www.europesays.com\/es\/315731\/"},"modified":"2025-12-31T14:17:12","modified_gmt":"2025-12-31T14:17:12","slug":"la-sonrisa-de-amelia-bono-y-su-novio-al-completar-la-san-silvestre-en-su-primera-nochevieja-juntos","status":"publish","type":"post","link":"https:\/\/www.europesays.com\/es\/315731\/","title":{"rendered":"La sonrisa de Amelia Bono y su novio al completar la San Silvestre en su primera Nochevieja juntos"},"content":{"rendered":"<p id=\"es49PJx_KP\" data-wc=\"111\">Amelia Bono despide el 2025 viviendo una de las etapas m\u00e1s felices de su vida. A principios de diciembre, la hija del que fuera ministro de Defensa de Espa\u00f1a compart\u00eda en redes sociales que estaba de nuevo enamorada y <a class=\"hm-link ho-link\" href=\"https:\/\/www.hola.com\/actualidad\/20251205871471\/amelia-bono-nuevo-novio-fotografia-juntos\/\" data-mrf-recirculation=\"article-body-link\" rel=\"nofollow noopener\" target=\"_blank\">presentaba su \u00abpersona especial\u00bb con una preciosa fotograf\u00eda de ambos tomada tras una sesi\u00f3n de deporte<\/a> \u2014los dos son aficionados al running\u2014. Acompa\u00f1ando a la instant\u00e1nea, la influencer a\u00f1ad\u00eda un emotivo texto en el que manifestaba vivir su relaci\u00f3n \u00aben paz, sin curiosidades que pesen\u00bb. Casi un mes despu\u00e9s, hemos visto a Amelia en una de sus tradiciones de fin de a\u00f1o favoritas, a la que no ha podido faltar su chico.\u00a0<\/p>\n<p> <img src=\"https:\/\/www.europesays.com\/es\/wp-content\/uploads\/2025\/12\/b7d9375a5acb-dlu597480006.jpg\"   width=\"1024\" height=\"682\" loading=\"lazy\" decoding=\"async\" alt=\"Amelia Bono y su novio en la San Silvestre de Las Rozas\" fetchpriority=\"auto\" class=\"image ho-image\"\/>\u00a9 GTRES<\/p>\n<p id=\"eF6W-q1jlqV\" data-wc=\"107\">\u00abMi prieta San Silvestre de Las Rozas. \u00a1Madre Santa que dura!\u00bb, compart\u00eda la influencer y empresaria en redes sociales tras cruzar la l\u00ednea de meta; mientras que, en sus redes sociales, Alejandro, su novio, compart\u00eda una divertida instant\u00e1nea junto a un amigo acompa\u00f1ada del texto \u00abSan Silvestre roce\u00f1a 2025\u00bb. Amelia no ha querido perderse esta carrera, la cu\u00e1l ha sido todo un reto debido a su dificultad. Sin embargo, nada m\u00e1s terminar, ha hecho ejercicios de recuperaci\u00f3n muscular para adentrarse en otro reto deportivo: una clase de &#8216;cyclo&#8217;, el deporte que ha estado tan en tendencia de estos \u00faltimos meses. \u00ab\u00a1Terminando el a\u00f1o como Dios manda!\u00bb, compart\u00eda.<\/p>\n<p>Amantes del deporte<\/p>\n<p id=\"eJSv-A8VWK\" data-wc=\"62\">Sin embargo, antes de esto, Amelia se ha dejado ver junto a su chico durante la San Silvestre, con quien ha posado muy cari\u00f1osamente. Tanto la empresaria como su nueva ilusi\u00f3n han participado en la carrera, la cual es un evento ben\u00e9fico, adem\u00e1s de deportivo \u2014concretamente, la de Las Rozas colabora con la Fundaci\u00f3n Elena Tertre, centrada en la investigaci\u00f3n del osteosarcoma\u2014.<\/p>\n<p> <img src=\"https:\/\/www.europesays.com\/es\/wp-content\/uploads\/2025\/12\/155c4dec3cb6-dlu597480016.jpg\"   width=\"1024\" height=\"680\" loading=\"lazy\" decoding=\"async\" alt=\"Amelia Bono y su novio en la San Silvestre de Las Rozas\" fetchpriority=\"auto\" class=\"image ho-image\"\/>\u00a9 GTRES<\/p>\n<p id=\"esAEYkmbHU\" data-wc=\"94\">Sonrientes, abrazados y con much\u00edsima complicidad; as\u00ed han sido las im\u00e1genes donde los enamorados han demostrado que su relaci\u00f3n se consolida a pasos agigantados. Una de las grandes aficiones que comparten es el deporte, concretamente el running. De hecho, esta no es la primera carrera que han completado juntos: el pasado noviembre, un mes antes de confirmar su relaci\u00f3n, <a class=\"hm-link ho-link\" href=\"https:\/\/www.hola.com\/actualidad\/20251104865443\/amelia-bono-sofia-bono-hermanas-abrazo-maraton-nueva-york\/\" data-mrf-recirculation=\"article-body-link\" rel=\"nofollow noopener\" target=\"_blank\">Alejandro y Amelia completaron el incre\u00edble reto que es la marat\u00f3n de Nueva York<\/a> \u2014la tercera para \u00e9l, la primera para ella\u2014, \u00abuna de las mejores experiencias de mi vida\u00bb, tal y como compart\u00eda deportista.\u00a0<\/p>\n<p>Pilar fundamental<\/p>\n<p id=\"e0zHOaqmpg\" data-wc=\"58\">Tras cruzar la l\u00ednea de meta, Alejandro le dedic\u00f3 un precioso texto a la empresaria, quien estuvo junto a \u00e9l los m\u00e1s de 40 kil\u00f3metros que tuvo el recorrido. \u00abGracias a mi pupila\/compa\u00f1era Amelia por hacernos fuertes juntos en este reto y verte conseguir este logro es de lo mejor que me ha podido ocurrir\u00bb, fueron sus palabras.\u00a0<\/p>\n<p> <img src=\"https:\/\/www.europesays.com\/es\/wp-content\/uploads\/2025\/12\/57a2b81b8ca0-dlu597480007.jpg\"   width=\"682\" height=\"1024\" loading=\"lazy\" decoding=\"async\" alt=\"Amelia Bono y su novio en la San Silvestre de Las Rozas\" fetchpriority=\"auto\" class=\"image ho-image\"\/>\u00a9 GTRES<\/p>\n<p id=\"eFqDhM2zIt\" data-wc=\"133\">Amelia, por su parte, <a class=\"hm-link ho-link\" href=\"https:\/\/www.hola.com\/actualidad\/20250512831392\/amelia-bono-con-su-madre-tras-polemica-foto\/\" data-mrf-recirculation=\"article-body-link\" rel=\"nofollow noopener\" target=\"_blank\">le agradeci\u00f3 todo su apoyo durante el duro proceso<\/a>: \u00abNada de esto habr\u00eda sido posible sin Alejandro, quien crey\u00f3 en m\u00ed incluso cuando yo dudaba. A su lado he aprendido que los sue\u00f1os se construyen con confianza y paciencia\u00bb. Adem\u00e1s, reconoc\u00eda que el deportista se hab\u00eda convertido en \u00abmi impulso, mi calma y saber llevarme hasta esa meta como lo has hecho. Porque ha cre\u00eddo en m\u00ed cuando yo dudaba, porque me ha ense\u00f1ado que la confianza no se impone, se contagia. Porque ha estado ah\u00ed, sin hacer ruido, empujando con su ejemplo, record\u00e1ndome que rendirse no era una opci\u00f3n\u00bb. \u00abCon \u00e9l he aprendido que a veces alguien ve en ti lo que t\u00fa a\u00fan no eres capaz de ver, y eso lo cambia todo\u00bb, finalizaba su emotivo mensaje.\u00a0<\/p>\n<p> <img src=\"https:\/\/www.europesays.com\/es\/wp-content\/uploads\/2025\/12\/12101f3c7f87-dlu597480015.jpg\"   width=\"1024\" height=\"680\" loading=\"lazy\" decoding=\"async\" alt=\"Amelia Bono y su novio en la San Silvestre de Las Rozas\" fetchpriority=\"auto\" class=\"image ho-image\"\/>\u00a9 GTRES<br \/>\nUn final de a\u00f1o feliz<\/p>\n<p id=\"erk3GX9n6U\" data-wc=\"56\">Amelia dice adi\u00f3s a un a\u00f1o repleto de alegr\u00edas y buenas noticias, viviendo una \u00abetapa bonita, tranquila, con una sonrisa que me sale sola y con el coraz\u00f3n bastante en calma\u00bb. \u00abAgradecida por lo que llega, por lo que suma y por sentirme tan feliz\u00bb, compart\u00eda con sus seguidores, junto a una imagen de su chico.\u00a0<\/p>\n<p> <img src=\"https:\/\/www.europesays.com\/es\/wp-content\/uploads\/2025\/12\/a2c9be2f342d-dlu597480013.jpg\"   width=\"682\" height=\"1024\" loading=\"lazy\" decoding=\"async\" alt=\"Amelia Bono y su novio en la San Silvestre de Las Rozas\" fetchpriority=\"auto\" class=\"image ho-image\"\/>\u00a9 GTRES<\/p>\n<p id=\"eE3BhQ6d_0\" data-wc=\"59\">Si bien no han trascendido detalles de c\u00f3mo celebrar\u00e1 esta \u00faltima noche del a\u00f1o, <a class=\"hm-link ho-link\" href=\"https:\/\/www.hola.com\/actualidad\/20250425826899\/amelia-bono-relacion-manuel-martos-le-necesito-en-mi-vida-igual-el-a-mi\/\" data-mrf-recirculation=\"article-body-link\" rel=\"nofollow noopener\" target=\"_blank\">no hay duda de que Amelia estar\u00e1 rodeada de lo que m\u00e1s quiere en el mundo: su familia<\/a>. La influencer y empresaria comparte cuatro hijos con su ex pareja, Manuel Martos, con quien sigue manteniendo una estrecha relaci\u00f3n incluso un a\u00f1o despu\u00e9s de su separaci\u00f3n.\u00a0<\/p>\n<p> <img src=\"https:\/\/www.europesays.com\/es\/wp-content\/uploads\/2025\/12\/163012ce9164-dlu597480001.jpg\"   width=\"682\" height=\"1024\" loading=\"lazy\" decoding=\"async\" alt=\"Amelia Bono en la San Silvestre de Las Rozas\" fetchpriority=\"auto\" class=\"image ho-image\"\/>\u00a9 GTRES<\/p>\n<p id=\"evgHTZe9_Q\" data-wc=\"44\">\u00abEspero que sea as\u00ed para siempre, porque yo le necesito en mi vida igual que \u00e9l a m\u00ed. Nos necesitamos, somos amigos\u00bb, nos confesaba durante una entrevista el pasado mes de abril. \u00abManuel es un t\u00edo estupendo, es un tipazo de hombre\u00bb, comentaba sincera.\u00a0<\/p>\n","protected":false},"excerpt":{"rendered":"Amelia Bono despide el 2025 viviendo una de las etapas m\u00e1s felices de su vida. A principios de&hellip;\n","protected":false},"author":2,"featured_media":315732,"comment_status":"","ping_status":"","sticky":false,"template":"","format":"standard","meta":{"footnotes":""},"categories":[174],"tags":[517,25811,255,146,147,25,24,256,23],"class_list":{"0":"post-315731","1":"post","2":"type-post","3":"status-publish","4":"format-standard","5":"has-post-thumbnail","7":"category-famosos","8":"tag-actualidad","9":"tag-amelia-bono","10":"tag-celebrities","11":"tag-entertainment","12":"tag-entretenimiento","13":"tag-es","14":"tag-espana","15":"tag-famosos","16":"tag-spain"},"share_on_mastodon":{"url":"https:\/\/pubeurope.com\/@es\/115814612651240115","error":""},"_links":{"self":[{"href":"https:\/\/www.europesays.com\/es\/wp-json\/wp\/v2\/posts\/315731","targetHints":{"allow":["GET"]}}],"collection":[{"href":"https:\/\/www.europesays.com\/es\/wp-json\/wp\/v2\/posts"}],"about":[{"href":"https:\/\/www.europesays.com\/es\/wp-json\/wp\/v2\/types\/post"}],"author":[{"embeddable":true,"href":"https:\/\/www.europesays.com\/es\/wp-json\/wp\/v2\/users\/2"}],"replies":[{"embeddable":true,"href":"https:\/\/www.europesays.com\/es\/wp-json\/wp\/v2\/comments?post=315731"}],"version-history":[{"count":0,"href":"https:\/\/www.europesays.com\/es\/wp-json\/wp\/v2\/posts\/315731\/revisions"}],"wp:featuredmedia":[{"embeddable":true,"href":"https:\/\/www.europesays.com\/es\/wp-json\/wp\/v2\/media\/315732"}],"wp:attachment":[{"href":"https:\/\/www.europesays.com\/es\/wp-json\/wp\/v2\/media?parent=315731"}],"wp:term":[{"taxonomy":"category","embeddable":true,"href":"https:\/\/www.europesays.com\/es\/wp-json\/wp\/v2\/categories?post=315731"},{"taxonomy":"post_tag","embeddable":true,"href":"https:\/\/www.europesays.com\/es\/wp-json\/wp\/v2\/tags?post=315731"}],"curies":[{"name":"wp","href":"https:\/\/api.w.org\/{rel}","templated":true}]}}