{"id":315756,"date":"2025-12-31T14:38:07","date_gmt":"2025-12-31T14:38:07","guid":{"rendered":"https:\/\/www.europesays.com\/es\/315756\/"},"modified":"2025-12-31T14:38:07","modified_gmt":"2025-12-31T14:38:07","slug":"el-presidente-de-los-cleveland-cavaliers-a-pie-de-pista-pendiente-de-balcerowski-y-ruzic","status":"publish","type":"post","link":"https:\/\/www.europesays.com\/es\/315756\/","title":{"rendered":"El presidente de los Cleveland Cavaliers, a pie de pista pendiente de Balcerowski y Ruzic"},"content":{"rendered":"<p>El \u00faltimo partido del a\u00f1o dej\u00f3 un invitado especial en las gradas del Palacio de los Deportes. El encuentro entre el Unicaja y el Joventut  &#8230; ten\u00eda muchos alicientes, m\u00e1s all\u00e1 del aspecto clasificatorio para la Liga y la Copa del Rey. El choque reun\u00eda a un grupo importante de j\u00f3venes jugadores y esto siempre est\u00e1 controlado por la NBA. <\/p>\n<p class=\"v-p\">Durante estos d\u00edas, el presidente de operaciones de los Cleveland Cavaliers, Koby Altman, ha estado de gira por Europa y esta semana quiso ver varios partidos en Espa\u00f1a. El domingo estuvo en el Real Madrid-Unicaja y tambi\u00e9n en el Unicaja-Joventut. <\/p>\n<p class=\"v-p\">En el caso del equipo malague\u00f1o, el jugador con m\u00e1s proyecci\u00f3n es Olek Balcerowski. El polaco atraviesa por un gran momento y ante el Joventut firm\u00f3 un encuentro muy serio. Balcerowski se present\u00f3 al Draft de 2022, aunque no fue elegido, lo que no significa que los equipos de la liga estadounidense lo hayan perdido de vista.<\/p>\n<p><a href=\"http:\/\/www.diariosur.es\/unicaja\/balance-unicaja-2025-partidos-triunfos-derrotas-cinco-competiciones-20251230172251-nt.html#vtm_modulosEngag=mod-rel:unicaja:noticia:1:cmp:1-not\" class=\"v-a-link\" aria-label=\"Imagen\" rel=\"nofollow noopener\" target=\"_blank\"><\/p>\n<p><img decoding=\"async\" loading=\"lazy\" src=\"https:\/\/www.europesays.com\/es\/wp-content\/uploads\/2025\/12\/unicaja-balance-U00265182220xxO-366x256@Diario Sur.jpg\" class=\"v-a-img\" width=\"258\" height=\"180\" alt=\"\" data-voc-vtm-id=\"in-text-traffic\"\/><\/p>\n<p><\/a><\/p>\n<p class=\"v-p\">En las filas catalanas, la atenci\u00f3n de Altman se centr\u00f3 en el croata Michael Ruzic, que este a\u00f1o retir\u00f3 su nombre del Draft. El ala-p\u00edvot de 2,06 metros y 19 a\u00f1os es uno de los jugadores m\u00e1s interesantes de su generaci\u00f3n y ha optado por seguir en Espa\u00f1a, pese a las ofertas que ten\u00eda de la NCAA. <\/p>\n<p class=\"v-p\">La presencia de Koby Altman en M\u00e1laga tambi\u00e9n ten\u00eda otra explicaci\u00f3n. El directivo de los Cavaliers tiene una buena relaci\u00f3n con Juanma Rodr\u00edguez, director deportivo del club, pues este fue ojeador para Europa de la franquicia estadounidense durante varios a\u00f1os. Ambos estuvieron charlando al comienzo del partido a pie de pista y luego el estadounidense se sent\u00f3 en primera fila para seguir con atenci\u00f3n el partido.<\/p>\n","protected":false},"excerpt":{"rendered":"El \u00faltimo partido del a\u00f1o dej\u00f3 un invitado especial en las gradas del Palacio de los Deportes. El&hellip;\n","protected":false},"author":2,"featured_media":315757,"comment_status":"","ping_status":"","sticky":false,"template":"","format":"standard","meta":{"footnotes":""},"categories":[269],"tags":[299,298,73894,73893,168,25,24,12082,5839,1461,23,167,73895],"class_list":{"0":"post-315756","1":"post","2":"type-post","3":"status-publish","4":"format-standard","5":"has-post-thumbnail","7":"category-baloncesto","8":"tag-baloncesto","9":"tag-basketball","10":"tag-cavaliers","11":"tag-cleveland","12":"tag-deportes","13":"tag-es","14":"tag-espana","15":"tag-pie","16":"tag-pista","17":"tag-presidente","18":"tag-spain","19":"tag-sports","20":"tag-unicajajoventut"},"share_on_mastodon":{"url":"https:\/\/pubeurope.com\/@es\/115814695162801793","error":""},"_links":{"self":[{"href":"https:\/\/www.europesays.com\/es\/wp-json\/wp\/v2\/posts\/315756","targetHints":{"allow":["GET"]}}],"collection":[{"href":"https:\/\/www.europesays.com\/es\/wp-json\/wp\/v2\/posts"}],"about":[{"href":"https:\/\/www.europesays.com\/es\/wp-json\/wp\/v2\/types\/post"}],"author":[{"embeddable":true,"href":"https:\/\/www.europesays.com\/es\/wp-json\/wp\/v2\/users\/2"}],"replies":[{"embeddable":true,"href":"https:\/\/www.europesays.com\/es\/wp-json\/wp\/v2\/comments?post=315756"}],"version-history":[{"count":0,"href":"https:\/\/www.europesays.com\/es\/wp-json\/wp\/v2\/posts\/315756\/revisions"}],"wp:featuredmedia":[{"embeddable":true,"href":"https:\/\/www.europesays.com\/es\/wp-json\/wp\/v2\/media\/315757"}],"wp:attachment":[{"href":"https:\/\/www.europesays.com\/es\/wp-json\/wp\/v2\/media?parent=315756"}],"wp:term":[{"taxonomy":"category","embeddable":true,"href":"https:\/\/www.europesays.com\/es\/wp-json\/wp\/v2\/categories?post=315756"},{"taxonomy":"post_tag","embeddable":true,"href":"https:\/\/www.europesays.com\/es\/wp-json\/wp\/v2\/tags?post=315756"}],"curies":[{"name":"wp","href":"https:\/\/api.w.org\/{rel}","templated":true}]}}