{"id":315762,"date":"2025-12-31T14:43:07","date_gmt":"2025-12-31T14:43:07","guid":{"rendered":"https:\/\/www.europesays.com\/es\/315762\/"},"modified":"2025-12-31T14:43:07","modified_gmt":"2025-12-31T14:43:07","slug":"el-motivo-por-el-que-aqui-no-hay-quien-viva-deja-de-emitirse-en-television-en-espana-en-2026","status":"publish","type":"post","link":"https:\/\/www.europesays.com\/es\/315762\/","title":{"rendered":"El motivo por el que &#8216;Aqu\u00ed no hay quien viva&#8217; deja de emitirse en televisi\u00f3n en Espa\u00f1a en 2026"},"content":{"rendered":"<p>Se acab\u00f3. La exitosa comedia espa\u00f1ola &#8216;Aqu\u00ed no hay quien viva&#8217; dejar\u00e1 de emitirse en abierto en Espa\u00f1a en 2026. Despu\u00e9s de a\u00f1o reciclando su  &#8230; contenido en sus distintos canales en abierto, Atresmedia deja de emitir la serie desde el 1 de enero. Despu\u00e9s de m\u00e1s de veinte a\u00f1os emitiendo de forma ininterrumpida la serie &#8216;Aqu\u00ed no hay quien viva&#8217; en sus canales, Atresmedia finaliza la programaci\u00f3n.<\/p>\n<p class=\"v-p\">Aunque no han trascendido oficialmente los motivos de este cese de emisi\u00f3n, todo parece estar relacionado con unas declaraciones que hicieron recientemente los creadores de la ficci\u00f3n espa\u00f1ola. En una reciente informaci\u00f3n de la Vanguardia, sus creadores, los hermanos Laura y Alberto Caballero e I\u00f1aki Aritzimu\u00f1o expresaban algunas preocupaciones en cuanto a la distribuci\u00f3n de la serie.<\/p>\n<p class=\"v-p\">Los creadores aseguraron que la productora, Miram\u00f3n Mendi, no ha respetado los acuerdos originales y en consecuencia, ha explotado la obra de una manera \u00abindebida, no consentida y excesiva\u00bb. Seg\u00fan el medio Dircomfidencial, el Juzgado de lo Mercantil n\u00ba 18 de Madrid admiti\u00f3 la pr\u00e1ctica de diligencias preliminares solicitadas por los tres creadores, que exig\u00edan a Atresmedia la facilitaci\u00f3n de informaci\u00f3n detallada sobre todas las formas de explotaci\u00f3n de &#8216;Aqu\u00ed no hay quien viva&#8217; desde su inicio en 2003 hasta este mismo a\u00f1o.<\/p>\n<p class=\"v-p\">Parece, por tanto, que esta denuncia est\u00e1 directamente relacionada con el cese de emisi\u00f3n de la serie en Atresmedia este 2026. Aunque Atresmedia consider\u00f3 que el reclamo era \u00abexcesivo y desproporcionado\u00bb con falta de justa causa y mala fe en la solicitud, han cesado de emitir la ficci\u00f3n, seguramente de forma preventiva ante lo que pueda ocurrir.<\/p>\n<p class=\"v-p\">El grupo argument\u00f3 que la cesi\u00f3n de los contenidos a la productora no era limitada y que la obligaci\u00f3n de informar que estipula el art\u00edculo 75 del RD-ley 21\/2024 no era aplicable en este caso. Pero todo est\u00e1 por resolver en los juzgados. De momento, &#8216;Aqu\u00ed no hay quien viva&#8217; se despide de la televisi\u00f3n en abierto en Espa\u00f1a.<\/p>\n","protected":false},"excerpt":{"rendered":"Se acab\u00f3. La exitosa comedia espa\u00f1ola &#8216;Aqu\u00ed no hay quien viva&#8217; dejar\u00e1 de emitirse en abierto en Espa\u00f1a&hellip;\n","protected":false},"author":2,"featured_media":315763,"comment_status":"","ping_status":"","sticky":false,"template":"","format":"standard","meta":{"footnotes":""},"categories":[171],"tags":[3076,51,32456,146,147,25,24,5135,23,807,214,10748],"class_list":{"0":"post-315762","1":"post","2":"type-post","3":"status-publish","4":"format-standard","5":"has-post-thumbnail","7":"category-tv","8":"tag-3076","9":"tag-deja","10":"tag-emitirse","11":"tag-entertainment","12":"tag-entretenimiento","13":"tag-es","14":"tag-espana","15":"tag-motivo","16":"tag-spain","17":"tag-television","18":"tag-tv","19":"tag-viva"},"share_on_mastodon":{"url":"https:\/\/pubeurope.com\/@es\/115814714770848176","error":""},"_links":{"self":[{"href":"https:\/\/www.europesays.com\/es\/wp-json\/wp\/v2\/posts\/315762","targetHints":{"allow":["GET"]}}],"collection":[{"href":"https:\/\/www.europesays.com\/es\/wp-json\/wp\/v2\/posts"}],"about":[{"href":"https:\/\/www.europesays.com\/es\/wp-json\/wp\/v2\/types\/post"}],"author":[{"embeddable":true,"href":"https:\/\/www.europesays.com\/es\/wp-json\/wp\/v2\/users\/2"}],"replies":[{"embeddable":true,"href":"https:\/\/www.europesays.com\/es\/wp-json\/wp\/v2\/comments?post=315762"}],"version-history":[{"count":0,"href":"https:\/\/www.europesays.com\/es\/wp-json\/wp\/v2\/posts\/315762\/revisions"}],"wp:featuredmedia":[{"embeddable":true,"href":"https:\/\/www.europesays.com\/es\/wp-json\/wp\/v2\/media\/315763"}],"wp:attachment":[{"href":"https:\/\/www.europesays.com\/es\/wp-json\/wp\/v2\/media?parent=315762"}],"wp:term":[{"taxonomy":"category","embeddable":true,"href":"https:\/\/www.europesays.com\/es\/wp-json\/wp\/v2\/categories?post=315762"},{"taxonomy":"post_tag","embeddable":true,"href":"https:\/\/www.europesays.com\/es\/wp-json\/wp\/v2\/tags?post=315762"}],"curies":[{"name":"wp","href":"https:\/\/api.w.org\/{rel}","templated":true}]}}