{"id":315778,"date":"2025-12-31T14:52:09","date_gmt":"2025-12-31T14:52:09","guid":{"rendered":"https:\/\/www.europesays.com\/es\/315778\/"},"modified":"2025-12-31T14:52:09","modified_gmt":"2025-12-31T14:52:09","slug":"la-x-swimsilvestre-de-galdar-despide-2025-con-record-de-participacion","status":"publish","type":"post","link":"https:\/\/www.europesays.com\/es\/315778\/","title":{"rendered":"La X Swimsilvestre de G\u00e1ldar despide 2025 con r\u00e9cord de participaci\u00f3n"},"content":{"rendered":"<p>-La traves\u00eda a nado del 31 de diciembre en la Playa de Sardina se consolida con \u00e9xito de participaci\u00f3n y un sol radiante  <\/p>\n<p>La Playa de Sardina de G\u00e1ldar ha acogido con \u00e9xito la d\u00e9cima edici\u00f3n de la Swimsilvestre, la traves\u00eda a nado organizada por la Concejal\u00eda de Actividad F\u00edsica, Deporte y Salud del Ayuntamiento de G\u00e1ldar que dirige Ancor Bola\u00f1os, con la que el municipio despide el a\u00f1o de forma saludable y diferente en un entorno \u00fanico y con el mejor ambiente.<\/p>\n<p>Sol, buena temperatura en el agua y muchas ganas de pasarlo bien han sido la t\u00f3nica de una ma\u00f1ana que ha contado con 300 participantes, la totalidad de las inscripciones ofertadas que se agotaron con semanas de antelaci\u00f3n obligando incluso a abrir una lista de espera.<\/p>\n<p>A las 11:00 en punto se daba el pistoletazo de salida. Por delante, 1.300 metros de traves\u00eda bajo un sol radiante y el \u00e1nimo del numeroso p\u00fablico congregado. Este a\u00f1o la Swimsilvestre de G\u00e1ldar ha contado con participantes de Italia, Portugal, Reino Unido, Argentina, Chile o Polonia, adem\u00e1s de diversos puntos de Espa\u00f1a. Prueba de car\u00e1cter l\u00fadico y no competitivo, todos ellos han demostrado compa\u00f1erismo y deportividad y han cubierto la distancia en una ma\u00f1ana de fabulosas temperaturas y ausencia de viento.<\/p>\n<p>La Swimsilvestre se convierte as\u00ed en la mejor imagen navide\u00f1a para despedir el a\u00f1o exportando la imagen de la costa galdense, 300 nadadores en el agua en pleno mes de diciembre a pleno sol y con temperaturas primaverales.<\/p>\n<p>Nada m\u00e1s concluir la prueba ha tenido lugar el tradicional brindis entre participantes y organizaci\u00f3n. Ancor Bola\u00f1os, concejal de Actividad F\u00edsica, Deporte y Salud del Ayuntamiento de G\u00e1ldar ha dado las gracias a los nadadores, \u201cla respuesta de participaci\u00f3n ha sido tal que ya podemos confirmar que el pr\u00f3ximo a\u00f1o habr\u00e1 m\u00e1s plazas disponibles,\u201d adem\u00e1s de aplaudir el esfuerzo y la deportividad \u201cpara despedir el a\u00f1o de una forma diferente, que es nuestro objetivo. Gracias tambi\u00e9n a nuestros colaboradores y a todos los que han hecho posible que volvamos a celebrar esta prueba un a\u00f1o m\u00e1s.\u201d<\/p>\n<p>La X SwimSilvestre est\u00e1 organizada por la Concejal\u00eda de Actividad F\u00edsica, Deporte y Salud del Ayuntamiento de G\u00e1ldar con el patrocinio del Instituto Insular de Deportes del Cabildo de Gran Canaria. Colabora Pap\u00fa Spot.<\/p>\n","protected":false},"excerpt":{"rendered":"-La traves\u00eda a nado del 31 de diciembre en la Playa de Sardina se consolida con \u00e9xito de&hellip;\n","protected":false},"author":2,"featured_media":315779,"comment_status":"","ping_status":"","sticky":false,"template":"","format":"standard","meta":{"footnotes":""},"categories":[8],"tags":[17,18,25,24,13,14,11,19,20,9,10,15,16,23,12,21,22],"class_list":{"0":"post-315778","1":"post","2":"type-post","3":"status-publish","4":"format-standard","5":"has-post-thumbnail","7":"category-espana","8":"tag-breaking-news","9":"tag-breakingnews","10":"tag-es","11":"tag-espana","12":"tag-featured-news","13":"tag-featurednews","14":"tag-headlines","15":"tag-latest-news","16":"tag-latestnews","17":"tag-news","18":"tag-noticias","19":"tag-noticias-destacadas","20":"tag-noticiasdestacadas","21":"tag-spain","22":"tag-titulares","23":"tag-ultimas-noticias","24":"tag-ultimasnoticias"},"share_on_mastodon":{"url":"https:\/\/pubeurope.com\/@es\/115814750301167781","error":""},"_links":{"self":[{"href":"https:\/\/www.europesays.com\/es\/wp-json\/wp\/v2\/posts\/315778","targetHints":{"allow":["GET"]}}],"collection":[{"href":"https:\/\/www.europesays.com\/es\/wp-json\/wp\/v2\/posts"}],"about":[{"href":"https:\/\/www.europesays.com\/es\/wp-json\/wp\/v2\/types\/post"}],"author":[{"embeddable":true,"href":"https:\/\/www.europesays.com\/es\/wp-json\/wp\/v2\/users\/2"}],"replies":[{"embeddable":true,"href":"https:\/\/www.europesays.com\/es\/wp-json\/wp\/v2\/comments?post=315778"}],"version-history":[{"count":0,"href":"https:\/\/www.europesays.com\/es\/wp-json\/wp\/v2\/posts\/315778\/revisions"}],"wp:featuredmedia":[{"embeddable":true,"href":"https:\/\/www.europesays.com\/es\/wp-json\/wp\/v2\/media\/315779"}],"wp:attachment":[{"href":"https:\/\/www.europesays.com\/es\/wp-json\/wp\/v2\/media?parent=315778"}],"wp:term":[{"taxonomy":"category","embeddable":true,"href":"https:\/\/www.europesays.com\/es\/wp-json\/wp\/v2\/categories?post=315778"},{"taxonomy":"post_tag","embeddable":true,"href":"https:\/\/www.europesays.com\/es\/wp-json\/wp\/v2\/tags?post=315778"}],"curies":[{"name":"wp","href":"https:\/\/api.w.org\/{rel}","templated":true}]}}