{"id":315790,"date":"2025-12-31T15:08:09","date_gmt":"2025-12-31T15:08:09","guid":{"rendered":"https:\/\/www.europesays.com\/es\/315790\/"},"modified":"2025-12-31T15:08:09","modified_gmt":"2025-12-31T15:08:09","slug":"la-taquilla-espanola-cierra-por-todo-lo-alto-con-el-mejor-fin-de-semana-del-ano","status":"publish","type":"post","link":"https:\/\/www.europesays.com\/es\/315790\/","title":{"rendered":"La taquilla espa\u00f1ola cierra por todo lo alto con el mejor fin de semana del a\u00f1o"},"content":{"rendered":"<p>Los art\u00edculos sobre la taquilla espa\u00f1ola de cada mi\u00e9rcoles de 2025 no han destacado por el positivismo precisamente, con una industria que vive un mal momento en las salas. Sin embargo, el \u00faltimo nos ha dejado un milagro navide\u00f1o en forma de r\u00e9cord. <strong>Con 9,81 millones de euros recaudados<\/strong>, el fin de semana del 26 al 28 de diciembre es <strong>el mejor \u00faltimo fin de semana del a\u00f1o desde que se tienen registros<\/strong>.<\/p>\n<p>Tr\u00e1iler final &#8216;Avatar: Fuego y ceniza&#8217;<\/p>\n<p><video id=\"vid-36045\" class=\"video-js vjs-default-skin\" data-title=\"Tr\u00e1iler final 'Avatar: Fuego y ceniza'\" poster=\"https:\/\/www.ecartelera.com\/images\/videos\/36000\/f36045.jpg\" controls=\"\" preload=\"auto\" width=\"640\" height=\"360\" playsinline=\"\" data-vtt=\"\/\/v1.ecartelera.com\/video\/36000\/36045_sprite.vtt\" data-stream=\"1\">El navegador no soporta el tag de v\u00eddeo.<\/video><\/p>\n<p>X<\/p>\n<p>Supera as\u00ed los 9,6 millones del \u00faltimo fin de semana de 2019, poco antes de que la pandemia lo cambiara todo. Lo de aquellos tiempos era la t\u00f3nica y lo de ahora es la excepci\u00f3n, pero igualmente es un gran resultado para <strong>cerrar el a\u00f1o con una sensaci\u00f3n de alivio<\/strong> entre tanto escepticismo sobre el futuro de las salas.<\/p>\n<p>Como viene siendo habitual desde hace 30 a\u00f1os, los hitos en taquilla tienen nombre y apellido: <a href=\"https:\/\/www.ecartelera.com\/personas\/james-cameron\/\" data-mention-type=\"persona\" data-mention-id=\"1366\" rel=\"nofollow noopener\" target=\"_blank\">James Cameron<\/a>. <strong>Hablamos del director detr\u00e1s de tres de las cinco pel\u00edculas m\u00e1s taquilleras de la historia de Espa\u00f1a<\/strong>: &#8216;<a href=\"https:\/\/www.ecartelera.com\/peliculas\/avatar\/\" data-mention-type=\"pelicula\" data-mention-id=\"1762\" rel=\"nofollow noopener\" target=\"_blank\">Avatar<\/a>&#8216; (1\u00aa con 79,4 millones de euros), &#8216;<a href=\"https:\/\/www.ecartelera.com\/peliculas\/avatar-2\/\" data-mention-type=\"pelicula\" data-mention-id=\"4261\" rel=\"nofollow noopener\" target=\"_blank\">Avatar: El sentido del agua<\/a>&#8216; (3\u00aa con 51,1 millones) y &#8216;<a href=\"https:\/\/www.ecartelera.com\/peliculas\/titanic\/\" data-mention-type=\"pelicula\" data-mention-id=\"2425\" rel=\"nofollow noopener\" target=\"_blank\">Titanic<\/a>&#8216; (5\u00aa con 42,7 millones). &#8216;<a href=\"https:\/\/www.ecartelera.com\/peliculas\/avatar-3\/\" data-mention-type=\"pelicula\" data-mention-id=\"10676\" rel=\"nofollow noopener\" target=\"_blank\">Avatar: Fuego y ceniza<\/a>&#8216; lo tiene dif\u00edcil para colarse en ese top 5, pero de nuevo est\u00e1 demostrando que <strong>Espa\u00f1a y Pandora se llevan bien<\/strong>.<\/p>\n<p>\t\t\t\t\t\t\t<img decoding=\"async\" loading=\"lazy\" src=\"https:\/\/www.europesays.com\/es\/wp-content\/uploads\/2025\/12\/250200_avatar-fuego-y-ceniza-incendia-la-taquilla-internacional-pero-decepciona-en-esta.jpg\" alt=\"'Avatar: Fuego y ceniza' ha incendiado la taquilla espa\u00f1ola a final de a\u00f1o\" width=\"1200\" height=\"633\"\/><\/p>\n<p>\t\t\t\t\t\t&#8216;Avatar: Fuego y ceniza&#8217; ha incendiado la taquilla espa\u00f1ola a final de a\u00f1o (Disney)<\/p>\n<p>En su segunda semana la tercera entrega de la saga <strong>apenas cae un 12% con 5,39 millones de euros y una media por cine de 15.406\u20ac<\/strong>. Cabe recordar que estamos hablando de una pel\u00edcula de tres horas y media de duraci\u00f3n, lo que todav\u00eda tiene m\u00e1s m\u00e9rito. El acumulado ya va por <strong>15,5 millones en apenas 10 d\u00edas<\/strong>, y a\u00fan quedan d\u00edas de Navidad para seguir engordando cifras.<\/p>\n<p>Y si no que se lo pregunten a &#8216;<a href=\"https:\/\/www.ecartelera.com\/peliculas\/zootropolis-2\/\" data-mention-type=\"pelicula\" data-mention-id=\"19152\" rel=\"nofollow noopener\" target=\"_blank\">Zootr\u00f3polis 2<\/a>&#8216;, que ha aprovechado las vacaciones para plantarse con <strong>1,41 millones de euros en su quinta semana, una espectacular subida del 10%<\/strong> con respecto al fin de semana anterior. Los ni\u00f1os han terminado el colegio y han acudido en masa a ver la secuela, que suma un total de 13,4 millones, <strong>igualando el acumulado de la &#8216;<a href=\"https:\/\/www.ecartelera.com\/peliculas\/zootopia\/\" data-mention-type=\"pelicula\" data-mention-id=\"6835\" rel=\"nofollow noopener\" target=\"_blank\">Zootr\u00f3polis<\/a>&#8216; original<\/strong>.<\/p>\n<p>Hay vida, aunque poca, m\u00e1s all\u00e1 de Disney, que destaca sobre el resto con sus dos t\u00edtulos en todo lo alto. <strong>En tercer lugar, fruto de las fechas en las que nos encontramos, debuta &#8216;<a href=\"https:\/\/www.ecartelera.com\/peliculas\/bob-esponja-una-aventura-pirata\/\" data-mention-type=\"pelicula\" data-mention-id=\"19339\" rel=\"nofollow noopener\" target=\"_blank\">Bob Esponja: Una aventura pirata<\/a>&#8216;<\/strong> con unos destacables 616.715\u20ac. La cinta de animaci\u00f3n supera al que se presupon\u00eda como estreno m\u00e1s importante, &#8216;<a href=\"https:\/\/www.ecartelera.com\/peliculas\/anaconda-2025\/\" data-mention-type=\"pelicula\" data-mention-id=\"19485\" rel=\"nofollow noopener\" target=\"_blank\">Anaconda<\/a>&#8216;, que no ha conquistado al p\u00fablico y debe conformarse con 579.024\u20ac.<\/p>\n<p>\t\t\t\t\t\t\t<img decoding=\"async\" loading=\"lazy\" src=\"https:\/\/www.europesays.com\/es\/wp-content\/uploads\/2025\/12\/250015_anaconda.jpg\" alt=\"'Anaconda' ha debutado en tierra de nadie\" width=\"1200\" height=\"500\"\/><\/p>\n<p>\t\t\t\t\t\t&#8216;Anaconda&#8217; ha debutado en tierra de nadie (Sony Pictures)<\/p>\n<p>En quinta posici\u00f3n se encuentra una de las grandes sorpresas del final de a\u00f1o, &#8216;<a href=\"https:\/\/www.ecartelera.com\/peliculas\/nuremberg\/\" data-mention-type=\"pelicula\" data-mention-id=\"19553\" rel=\"nofollow noopener\" target=\"_blank\">N\u00faremberg<\/a>&#8216;, que aprovecha la ausencia de t\u00edtulos adultos y <strong>sube \u00a1un 25%! en su quinto fin de semana<\/strong>. Los 298.084\u20ac recaudados le permiten alcanzar los 3 millones en el acumulado. Al borde de los 5 millones se queda otra veterana del ranking, &#8216;<a href=\"https:\/\/www.ecartelera.com\/peliculas\/five-nights-freddys-2\/\" data-mention-type=\"pelicula\" data-mention-id=\"19357\" rel=\"nofollow noopener\" target=\"_blank\">Five Nights at Freddy&#8217;s 2<\/a>&#8216;, que obtiene 239.006\u20ac en su cuarto fin de semana. Llegar a los 7,5 de &#8216;<a href=\"https:\/\/www.ecartelera.com\/peliculas\/five-nights-at-freddys\/\" data-mention-type=\"pelicula\" data-mention-id=\"18090\" rel=\"nofollow noopener\" target=\"_blank\">Five Nights at Freddy&#8217;s<\/a>&#8216; parece dif\u00edcil.<\/p>\n<p>S\u00e9ptimo en el top 10 es &#8216;<a href=\"https:\/\/www.ecartelera.com\/peliculas\/el-rey-de-reyes\/\" data-mention-type=\"pelicula\" data-mention-id=\"19182\" rel=\"nofollow noopener\" target=\"_blank\">El Rey de Reyes<\/a>&#8216;, una adaptaci\u00f3n de la historia de Charles Dickens sobre la vida de Jes\u00fas, que <strong>aprovecha la celebraci\u00f3n de la Natividad para lograr otros 231.836\u20ac<\/strong> que le acercan al mill\u00f3n de euros de recaudaci\u00f3n total. Le siguen dos debutantes como &#8216;<a href=\"https:\/\/www.ecartelera.com\/peliculas\/father-mother-sister-brother\/\" data-mention-type=\"pelicula\" data-mention-id=\"19754\" rel=\"nofollow noopener\" target=\"_blank\">Father Mother Sister Brother<\/a>&#8216; y &#8216;<a href=\"https:\/\/www.ecartelera.com\/peliculas\/homo-argentum\/\" data-mention-type=\"pelicula\" data-mention-id=\"19718\" rel=\"nofollow noopener\" target=\"_blank\">Homo Argentum<\/a>&#8216; con 161.446\u20ac y 125.396\u20ac respectivamente. Cierra el ranking &#8216;<a href=\"https:\/\/www.ecartelera.com\/peliculas\/vida-privada-2025\/\" data-mention-type=\"pelicula\" data-mention-id=\"19607\" rel=\"nofollow noopener\" target=\"_blank\">Vida privada<\/a>&#8216;, que en su segunda semana solo cae un 16% y recauda 117.257\u20ac.<\/p>\n<p>\t\t\t\t\t\t\t<img decoding=\"async\" loading=\"lazy\" src=\"https:\/\/www.europesays.com\/es\/wp-content\/uploads\/2025\/12\/250538_la-asistenta.jpg\" alt=\"'La asistenta' llega a las salas\" width=\"1200\" height=\"800\"\/><\/p>\n<p>\t\t\t\t\t\t&#8216;La asistenta&#8217; llega a las salas (Diamond Films)<br \/>\n\t\t\t\t\t\tA\u00f1o Nuevo, pelis nuevas<\/p>\n<p>Todo parece indicar que &#8216;Avatar: Fuego y ceniza&#8217; comenzar\u00e1 2026 como termina 2025: dominando la taquilla espa\u00f1ola con pu\u00f1o de hierro. Aun as\u00ed, el 1 de enero aterrizan a la cartelera algunos contendientes que intentar\u00e1n pon\u00e9rselo dif\u00edcil. <strong>Destaca principalmente &#8216;<a href=\"https:\/\/www.ecartelera.com\/peliculas\/la-asistenta\/\" data-mention-type=\"pelicula\" data-mention-id=\"19481\" rel=\"nofollow noopener\" target=\"_blank\">La asistenta<\/a>&#8216;<\/strong>, la adaptaci\u00f3n de la popular novela de misterio de Freida McFadden protagonizada por <a href=\"https:\/\/www.ecartelera.com\/personas\/sydney-sweeney\/\" data-mention-type=\"persona\" data-mention-id=\"23798\" rel=\"nofollow noopener\" target=\"_blank\">Sydney Sweeney<\/a> y <a href=\"https:\/\/www.ecartelera.com\/personas\/amanda-seyfried\/\" data-mention-type=\"persona\" data-mention-id=\"1590\" rel=\"nofollow noopener\" target=\"_blank\">Amanda Seyfried<\/a>.<\/p>\n<p>Adem\u00e1s de &#8216;La asistenta&#8217; se estrenan &#8216;<a href=\"https:\/\/www.ecartelera.com\/peliculas\/rondallas\/\" data-mention-type=\"pelicula\" data-mention-id=\"19629\" rel=\"nofollow noopener\" target=\"_blank\">Rondallas<\/a>&#8216;, &#8216;<a href=\"https:\/\/www.ecartelera.com\/peliculas\/abuela-tremenda\/\" data-mention-type=\"pelicula\" data-mention-id=\"19732\" rel=\"nofollow noopener\" target=\"_blank\">Abuela Tremenda<\/a>&#8216;, &#8216;<a href=\"https:\/\/www.ecartelera.com\/peliculas\/el-medico-2\/\" data-mention-type=\"pelicula\" data-mention-id=\"19652\" rel=\"nofollow noopener\" target=\"_blank\">El M\u00e9dico 2<\/a>&#8216; y &#8216;<a href=\"https:\/\/www.ecartelera.com\/peliculas\/los-guardianes-del-diente-magico\/\" data-mention-type=\"pelicula\" data-mention-id=\"19800\" rel=\"nofollow noopener\" target=\"_blank\">Los guardianes del diente m\u00e1gico<\/a>&#8216;.<\/p>\n","protected":false},"excerpt":{"rendered":"Los art\u00edculos sobre la taquilla espa\u00f1ola de cada mi\u00e9rcoles de 2025 no han destacado por el positivismo precisamente,&hellip;\n","protected":false},"author":2,"featured_media":315791,"comment_status":"","ping_status":"","sticky":false,"template":"","format":"standard","meta":{"footnotes":""},"categories":[169],"tags":[1014,1015,1013,177,1011,146,147,25,24,782,176,1019,1016,175,753,1012,23,1017,1018],"class_list":{"0":"post-315790","1":"post","2":"type-post","3":"status-publish","4":"format-standard","5":"has-post-thumbnail","7":"category-cine","8":"tag-actores","9":"tag-actrices","10":"tag-cartelera","11":"tag-cine","12":"tag-ecartelera","13":"tag-entertainment","14":"tag-entretenimiento","15":"tag-es","16":"tag-espana","17":"tag-estrellas","18":"tag-film","19":"tag-fotogramas","20":"tag-fotos","21":"tag-movies","22":"tag-peliculas","23":"tag-pelis","24":"tag-spain","25":"tag-trailers","26":"tag-videos"},"share_on_mastodon":{"url":"https:\/\/pubeurope.com\/@es\/115814813171982103","error":""},"_links":{"self":[{"href":"https:\/\/www.europesays.com\/es\/wp-json\/wp\/v2\/posts\/315790","targetHints":{"allow":["GET"]}}],"collection":[{"href":"https:\/\/www.europesays.com\/es\/wp-json\/wp\/v2\/posts"}],"about":[{"href":"https:\/\/www.europesays.com\/es\/wp-json\/wp\/v2\/types\/post"}],"author":[{"embeddable":true,"href":"https:\/\/www.europesays.com\/es\/wp-json\/wp\/v2\/users\/2"}],"replies":[{"embeddable":true,"href":"https:\/\/www.europesays.com\/es\/wp-json\/wp\/v2\/comments?post=315790"}],"version-history":[{"count":0,"href":"https:\/\/www.europesays.com\/es\/wp-json\/wp\/v2\/posts\/315790\/revisions"}],"wp:featuredmedia":[{"embeddable":true,"href":"https:\/\/www.europesays.com\/es\/wp-json\/wp\/v2\/media\/315791"}],"wp:attachment":[{"href":"https:\/\/www.europesays.com\/es\/wp-json\/wp\/v2\/media?parent=315790"}],"wp:term":[{"taxonomy":"category","embeddable":true,"href":"https:\/\/www.europesays.com\/es\/wp-json\/wp\/v2\/categories?post=315790"},{"taxonomy":"post_tag","embeddable":true,"href":"https:\/\/www.europesays.com\/es\/wp-json\/wp\/v2\/tags?post=315790"}],"curies":[{"name":"wp","href":"https:\/\/api.w.org\/{rel}","templated":true}]}}