{"id":315800,"date":"2025-12-31T15:13:13","date_gmt":"2025-12-31T15:13:13","guid":{"rendered":"https:\/\/www.europesays.com\/es\/315800\/"},"modified":"2025-12-31T15:13:13","modified_gmt":"2025-12-31T15:13:13","slug":"warren-buffett-cierra-su-era-historica-como-ceo-tras-55-anos-liderando-berkshire-hathaway","status":"publish","type":"post","link":"https:\/\/www.europesays.com\/es\/315800\/","title":{"rendered":"Warren Buffett cierra su era hist\u00f3rica como CEO tras 55 a\u00f1os liderando Berkshire Hathaway"},"content":{"rendered":"<p>    <img fetchpriority=\"high\" decoding=\"async\" src=\"data:image\/gif;base64,R0lGODlhAQABAIAAAAAAAP\/\/\/ywAAAAAAQABAAACAUwAOw==\" alt=\"Warren Buffett cierra su era hist\u00f3rica como CEO tras 55 a\u00f1os liderando Berkshire Hathaway\" loading=\"eager\" height=\"640\" width=\"960\" class=\"yf-lglytj loader\"\/> Warren Buffett cierra su era hist\u00f3rica como CEO tras 55 a\u00f1os liderando Berkshire Hathaway         <\/p>\n<p class=\"yf-7hmkaz\">En el \u00faltimo d\u00eda burs\u00e1til del a\u00f1o, el legendario inversor <strong>Warren<\/strong> <strong>Buffett<\/strong> est\u00e1 a punto de cerrar uno de los cap\u00edtulos de liderazgo m\u00e1s notables de la historia corporativa: ser\u00e1 su \u00faltimo d\u00eda como director ejecutivo (CEO) de <strong>Berkshire Hathaway Inc.<\/strong> (NYSE:<a href=\"http:\/\/es.benzinga.com\/quote\/brk-a\" rel=\"nofollow noopener\" target=\"_blank\" data-ylk=\"slk:BRK-A;elm:context_link;itc:0;sec:content-canvas\" class=\"link \">BRK-A<\/a>) (NYSE:<a href=\"http:\/\/es.benzinga.com\/quote\/brk-b\" rel=\"nofollow noopener\" target=\"_blank\" data-ylk=\"slk:BRK-B;elm:context_link;itc:0;sec:content-canvas\" class=\"link \">BRK-B<\/a>), tras m\u00e1s de 55 a\u00f1os al tim\u00f3n.<\/p>\n<p class=\"yf-7hmkaz\">Buffett tom\u00f3 el control de la empresa textil en dificultades en 1965, cuando las acciones de Berkshire se negociaban en torno a 19 d\u00f3lares, y asumi\u00f3 el cargo de CEO en 1970. Casi seis d\u00e9cadas despu\u00e9s, y mientras se prepara para dar un paso al costado, la acci\u00f3n cambia de manos a 755.400 d\u00f3lares, lo que supone una ganancia del 3.975.690 % en este periodo.<\/p>\n<p class=\"yf-7hmkaz\">Esto equivale a una tasa de crecimiento anual compuesta del 19,3 %, m\u00e1s del doble que el 7,55 % anual compuesto del \u00edndice <strong>S&amp;P 500<\/strong> en el mismo periodo.<\/p>\n<p class=\"yf-7hmkaz\">Dicho de otro modo, 100 d\u00f3lares invertidos en Berkshire cuando Buffett tom\u00f3 las riendas hace m\u00e1s de medio siglo valdr\u00edan hoy 3,96 millones de d\u00f3lares (con capitalizaci\u00f3n anual). En cambio, esa misma inversi\u00f3n en el \u00edndice S&amp;P 500 por aquellas fechas valdr\u00eda apenas 7.881 d\u00f3lares.<\/p>\n<p class=\"yf-7hmkaz\">La trayectoria de Buffett es un ejemplo del tipo de riqueza que puede crearse con una inversi\u00f3n constante y disciplinada, capitalizada durante largos periodos.<\/p>\n<p class=\"yf-7hmkaz\">Lee tambi\u00e9n: <a href=\"https:\/\/es.benzinga.com\/news\/spain\/stocks\/redeia-dividendo-2026-020-euros-potencial-12\/\" rel=\"nofollow noopener\" target=\"_blank\" data-ylk=\"slk:Redeia activa el primer dividendo de 2026: 0,20 euros y un potencial cercano al 12 %;elm:context_link;itc:0;sec:content-canvas\" class=\"link \"><strong>Redeia activa el primer dividendo de 2026: 0,20 euros y un potencial cercano al 12 %<\/strong><\/a><\/p>\n<p class=\"yf-7hmkaz\">Con 95 a\u00f1os, Buffett deja Berkshire como una fortaleza financiera valorada en 1,08 billones de d\u00f3lares, con 381.670 millones de d\u00f3lares en efectivo en su balance y 127.240 millones de d\u00f3lares de deuda.<\/p>\n<p class=\"yf-7hmkaz\">Hoy es un conglomerado global que abarca seguros, ferrocarriles, servicios p\u00fablicos, fabricaci\u00f3n, marcas de consumo y una de las mayores carteras de acciones cotizadas del mundo. La compa\u00f1\u00eda posee GEICO, BNSF Railway, Berkshire Hathaway Energy, Precision Castparts, Dairy Queen y See\u2019s Candies, entre otras.<\/p>\n<p class=\"yf-7hmkaz\">Su cartera de renta variable cotizada incluye participaciones significativas en empresas como <strong>Apple Inc.<\/strong> (NASDAQ:AAPL), <strong>American Express Co.<\/strong> (NYSE:AXP), <strong>Coca-Cola Co.<\/strong> (NYSE:KO), <strong>Bank of America Corp.<\/strong> (NYSE:BAC) y <strong>UnitedHealth Group Inc.<\/strong> (NYSE:UNH).<\/p>\n<p class=\"yf-7hmkaz\">El vicepresidente de la compa\u00f1\u00eda, <strong>Greg<\/strong> <strong>Abel<\/strong>, suceder\u00e1 a Buffett como CEO a partir del 1 de enero de 2026, una decisi\u00f3n anunciada durante la junta anual de accionistas de mayo de 2025.<\/p>\n<p class=\"yf-7hmkaz\">Abel entr\u00f3 por primera vez en la \u00f3rbita de Berkshire en 1999 y, desde 2018, ejerce como vicepresidente de operaciones no aseguradoras, supervisando filiales del grupo en ferrocarriles, servicios p\u00fablicos, energ\u00eda, fabricaci\u00f3n y comercio minorista.<\/p>\n<p class=\"yf-7hmkaz\">Las acciones clase B de Berkshire Hathaway subieron un 0,53 % el martes y cerraron en 503,71 d\u00f3lares; en la negociaci\u00f3n nocturna bajaban un 0,09 %. Seg\u00fan <strong>Benzinga Edge Stock Rankings<\/strong>, las acciones de BRK-B obtienen una puntuaci\u00f3n alta en Valor, pero baja en Impulso y Calidad. Presentan una tendencia de precios favorable a corto, medio y largo plazo. Haz clic <a href=\"https:\/\/www.benzinga.com\/premium\/ideas\/benzinga-edge-3\/#:~:text=Turn%20Market%20Chaos,when%20markets%20rebound\" rel=\"nofollow noopener\" target=\"_blank\" data-ylk=\"slk:aqu\u00ed;elm:context_link;itc:0;sec:content-canvas\" class=\"link \">aqu\u00ed<\/a> para obtener informaci\u00f3n m\u00e1s detallada sobre las acciones.<\/p>\n<p>  <a href=\"https:\/\/www.benzinga.com\/premium\/ideas\/benzinga-edge-3\/#:~:text=Turn%20Market%20Chaos,when%20markets%20rebound\" target=\"_blank\" rel=\"noopener noreferrer nofollow\"><img decoding=\"async\" src=\"data:image\/gif;base64,R0lGODlhAQABAIAAAAAAAP\/\/\/ywAAAAAAQABAAACAUwAOw==\" alt=\"\" loading=\"lazy\" height=\"111\" width=\"766\" class=\"yf-lglytj loader\"\/><\/a>   <\/p>\n<p class=\"yf-7hmkaz\">Foto: Photo Agency en Shutterstock.com<\/p>\n<p class=\"yf-7hmkaz\">Lee tambi\u00e9n: <a href=\"https:\/\/es.benzinga.com\/news\/spain\/stocks\/dividendos-ibex-35-enero-2026-redeia-7-amadeus-mas-accion\/\" rel=\"nofollow noopener\" target=\"_blank\" data-ylk=\"slk:Ibex 35 abre 2026 con seis dividendos en enero: Redeia paga el 7 y Amadeus paga m\u00e1s por acci\u00f3n;elm:context_link;itc:0;sec:content-canvas\" class=\"link \"><strong>Ibex 35 abre 2026 con seis dividendos en enero: Redeia paga el 7 y Amadeus paga m\u00e1s por acci\u00f3n<\/strong><\/a><\/p>\n<p class=\"yf-7hmkaz\">Para m\u00e1s actualizaciones sobre este tema, activa las notificaciones de\u00a0<a href=\"https:\/\/es.benzinga.com\/#\" rel=\"nofollow noopener\" target=\"_blank\" data-ylk=\"slk:Benzinga Espa\u00f1a;elm:context_link;itc:0;sec:content-canvas\" class=\"link \">Benzinga Espa\u00f1a<\/a>\u00a0o s\u00edguenos en nuestras redes sociales:\u00a0<a href=\"https:\/\/twitter.com\/BenzingaSpain\" rel=\"nofollow noopener\" target=\"_blank\" data-ylk=\"slk:X;elm:context_link;itc:0;sec:content-canvas\" class=\"link \">X<\/a>\u00a0y\u00a0<a href=\"https:\/\/www.facebook.com\/benzinga.es\" rel=\"nofollow noopener\" target=\"_blank\" data-ylk=\"slk:Facebook;elm:context_link;itc:0;sec:content-canvas\" class=\"link \">Facebook<\/a>.<\/p>\n<p class=\"yf-7hmkaz\"><strong>Recibe informaci\u00f3n exclusiva sobre los movimientos del mercado 30 minutos antes que otros traders<\/strong><\/p>\n<p class=\"yf-7hmkaz\">La prueba gratuita de 14 d\u00edas de Benzinga Pro, disponible en ingl\u00e9s, te da acceso a informaci\u00f3n exclusiva para que puedas recibir se\u00f1ales de trading \u00fatiles antes que millones de otros traders.\u00a0<a href=\"https:\/\/www.benzinga.com\/pro\/free-trial\" rel=\"nofollow noopener\" target=\"_blank\" data-ylk=\"slk:HAZ CLIC AQU\u00cd;elm:context_link;itc:0;sec:content-canvas\" class=\"link \">HAZ CLIC AQU\u00cd<\/a>\u00a0para comenzar tu prueba gratuita.<\/p>\n<p class=\"yf-7hmkaz\"><a class=\"link \" href=\"https:\/\/es.benzinga.com\/news\/usa\/stocks\/warren-buffett-cierra-era-ceo-berkshire-hathaway-2\/\" rel=\"nofollow noopener\" target=\"_blank\" data-ylk=\"slk:Lee m\u00e1s en Benzinga Espa\u00f1a;elm:context_link;itc:0;sec:content-canvas\">Lee m\u00e1s en Benzinga Espa\u00f1a<\/a><\/p>\n<p> <script async src=\"https:\/\/platform.twitter.com\/widgets.js\" charset=\"utf-8\"><\/script><\/p>\n","protected":false},"excerpt":{"rendered":"Warren Buffett cierra su era hist\u00f3rica como CEO tras 55 a\u00f1os liderando Berkshire Hathaway En el \u00faltimo d\u00eda&hellip;\n","protected":false},"author":2,"featured_media":315801,"comment_status":"","ping_status":"","sticky":false,"template":"","format":"standard","meta":{"footnotes":""},"categories":[80],"tags":[73898,73896,73897,82,73899,95,94,25,24,23,22390],"class_list":{"0":"post-315800","1":"post","2":"type-post","3":"status-publish","4":"format-standard","5":"has-post-thumbnail","7":"category-economia","8":"tag-berkshire","9":"tag-berkshire-hathaway-energy","10":"tag-berkshire-hathaway-inc","11":"tag-business","12":"tag-disponible-en-ingles","13":"tag-economia","14":"tag-economy","15":"tag-es","16":"tag-espana","17":"tag-spain","18":"tag-warren-buffett"},"share_on_mastodon":{"url":"https:\/\/pubeurope.com\/@es\/115814832751421090","error":""},"_links":{"self":[{"href":"https:\/\/www.europesays.com\/es\/wp-json\/wp\/v2\/posts\/315800","targetHints":{"allow":["GET"]}}],"collection":[{"href":"https:\/\/www.europesays.com\/es\/wp-json\/wp\/v2\/posts"}],"about":[{"href":"https:\/\/www.europesays.com\/es\/wp-json\/wp\/v2\/types\/post"}],"author":[{"embeddable":true,"href":"https:\/\/www.europesays.com\/es\/wp-json\/wp\/v2\/users\/2"}],"replies":[{"embeddable":true,"href":"https:\/\/www.europesays.com\/es\/wp-json\/wp\/v2\/comments?post=315800"}],"version-history":[{"count":0,"href":"https:\/\/www.europesays.com\/es\/wp-json\/wp\/v2\/posts\/315800\/revisions"}],"wp:featuredmedia":[{"embeddable":true,"href":"https:\/\/www.europesays.com\/es\/wp-json\/wp\/v2\/media\/315801"}],"wp:attachment":[{"href":"https:\/\/www.europesays.com\/es\/wp-json\/wp\/v2\/media?parent=315800"}],"wp:term":[{"taxonomy":"category","embeddable":true,"href":"https:\/\/www.europesays.com\/es\/wp-json\/wp\/v2\/categories?post=315800"},{"taxonomy":"post_tag","embeddable":true,"href":"https:\/\/www.europesays.com\/es\/wp-json\/wp\/v2\/tags?post=315800"}],"curies":[{"name":"wp","href":"https:\/\/api.w.org\/{rel}","templated":true}]}}