{"id":315806,"date":"2025-12-31T15:16:09","date_gmt":"2025-12-31T15:16:09","guid":{"rendered":"https:\/\/www.europesays.com\/es\/315806\/"},"modified":"2025-12-31T15:16:09","modified_gmt":"2025-12-31T15:16:09","slug":"ha-sido-intervenido-de-urgencia","status":"publish","type":"post","link":"https:\/\/www.europesays.com\/es\/315806\/","title":{"rendered":"\u00abHa sido intervenido de urgencia\u00bb"},"content":{"rendered":"<p style=\"\">Una inesperada \u00faltima hora ha paralizado esta ma\u00f1ana de mi\u00e9rcoles &#8216;<a href=\"https:\/\/www.abc.es\/noticias\/espejo-publico\/\" target=\"_self\" data-voc-vtm-id=\"in-text-traffic\" title=\"Espejo P\u00fablico\" data-mrf-link=\"www.abc.es\" rel=\"nofollow noopener\">Espejo P\u00fablico<\/a>&#8216; (Antena 3). Y es que, el matinal de la cadena de Atresmedia se encontraba abordando los asuntos que ten\u00eda en escaleta, cuando Gema L\u00f3pez, presentadora del espacio estos d\u00edas, se vio obligada  &#8230; a detener la emisi\u00f3n ante la noticia que  llegaba de un conocido exftubolista del Real Madrid: <strong>Roberto Carlos<\/strong>. Una informaci\u00f3n que se\u00f1alaba que el deportista hab\u00eda sufrido un <strong>infarto<\/strong> y de la que daba todos los datos Crist\u00f3bal Soria, colaborador del matinal.<\/p>\n<p class=\"voc-p\" style=\"\">&#8216;<a href=\"https:\/\/www.abc.es\/play\/television\/noticias\/preguntan-joven-espanol-miedo-vivir-peor-padres-20251230122736-nt.html\" target=\"_self\" data-voc-vtm-id=\"in-text-traffic\" title=\"Espejo P\u00fablico\" data-mrf-link=\"www.abc.es\" rel=\"nofollow noopener\">Espejo P\u00fablico<\/a>&#8216; se encontraba en su franja de actualidad, cuando Gema L\u00f3pez interrump\u00eda la emisi\u00f3n. \u00abVamos ahora con una noticia de \u00faltima hora que nos va a actualizar ahora mi compa\u00f1ero <strong>Crist\u00f3bal Soria<\/strong>\u00bb, manifestaba la periodista antes de indicar cu\u00e1l era la noticia que obligaba a paralizar el espacio de Antena 3. \u00abEl exfutbolista del Real Madrid, <strong>Roberto Carlos<\/strong>, ha sido intervenido de urgencia en Brasil\u00bb, comunicaba la presentadora del matinal que inmediatamente le ced\u00eda la palabra al tertuliano que la acompa\u00f1aba en el plat\u00f3.<\/p>\n<p class=\"voc-p\" style=\"\">\u00abPues s\u00ed, como bien dec\u00edas, me acaba de llegar una informaci\u00f3n recientemente que <strong>Roberto Carlos<\/strong> se encontraba pasando estas fechas en Brasil en compa\u00f1\u00eda de su actual esposa y uno de sus hijos y aunque se encuentra fuera de peligro ha sufrido un infarto\u00bb, informaba Crist\u00f3bal Soria ante las c\u00e1maras de &#8216;<a href=\"https:\/\/www.abc.es\/play\/television\/noticias\/isabel-rabago-verbaliza-piensan-retirada-temporal-india-20251230103934-nt.html\" target=\"_self\" data-voc-vtm-id=\"in-text-traffic\" title=\"Espejo P\u00fablico\" data-mrf-link=\"www.abc.es\" rel=\"nofollow noopener\">Espejo P\u00fablico<\/a>&#8216; antes de dar m\u00e1s datos del estado de salud del exfutbolista del Real Madrid. \u00abY se encuentra ahora mismo ingresado en un hospital de Sao Paulo. Insisto, fuera de peligro, pero ha sufrido un <strong>infarto<\/strong>\u00bb, comunicaba el colaborador al p\u00fablico y a sus compa\u00f1eros de programa.<\/p>\n<p class=\"voc-p\" style=\"\">\u00ab\u00bfCu\u00e1ntos a\u00f1os tiene?, \u00bf50?\u00bb, preguntaba Gema L\u00f3pez a <strong>Crist\u00f3bal Soria<\/strong> que le respond\u00eda. \u00abNo tiene que tener tantos, tendr\u00e1 cuarenta y algunos, pero a 50 no creo que llegue\u00bb, indicaba el tertuliano al que le comentaban que<strong> Roberto Carlos<\/strong> ten\u00eda 52 a\u00f1os.<\/p>\n<p class=\"voc-p\" style=\"\">Los datos sobre el estado de <strong>Roberto Carlos<\/strong> no quedaron ah\u00ed y Crist\u00f3bal Soria quiso dar algunas pinceladas de c\u00f3mo era el estado actual del exfutbolista y la sorpresa que supon\u00eda para todos que le hubiera dado un infarto. \u00abAparte \u00e9l, no est\u00e1 castigado como para tener las <strong>arterias<\/strong> como me informan que ten\u00eda todas las arterias cerradas y, bueno, un deportista de \u00e9lite&#8230; E insisto no est\u00e1 obeso, no ha tenido una vida  como  para que est\u00e9 as\u00ed\u00bb, finalizaba diciendo el colaborador de &#8216;<a href=\"https:\/\/www.abc.es\/play\/television\/noticias\/preguntan-juan-lobato-cuantas-elecciones-perder-psoe-20251229100331-nt.html\" target=\"_self\" data-voc-vtm-id=\"in-text-traffic\" title=\"Espejo P\u00fablico\" data-mrf-link=\"www.abc.es\" rel=\"nofollow noopener\">Espejo P\u00fablico<\/a>&#8216; sobre Roberto Carlos.<\/p>\n","protected":false},"excerpt":{"rendered":"Una inesperada \u00faltima hora ha paralizado esta ma\u00f1ana de mi\u00e9rcoles &#8216;Espejo P\u00fablico&#8216; (Antena 3). Y es que, el&hellip;\n","protected":false},"author":2,"featured_media":315807,"comment_status":"","ping_status":"","sticky":false,"template":"","format":"standard","meta":{"footnotes":""},"categories":[5],"tags":[17,18,415,5373,25,24,13,14,11,1458,10578,9933,19,20,9,10,15,16,15613,246,23,18389,12,575,1885,21,22,9849],"class_list":{"0":"post-315806","1":"post","2":"type-post","3":"status-publish","4":"format-standard","5":"has-post-thumbnail","7":"category-titulares","8":"tag-breaking-news","9":"tag-breakingnews","10":"tag-carlos","11":"tag-cristobal","12":"tag-es","13":"tag-espana","14":"tag-featured-news","15":"tag-featurednews","16":"tag-headlines","17":"tag-hora","18":"tag-infarto","19":"tag-intervenido","20":"tag-latest-news","21":"tag-latestnews","22":"tag-news","23":"tag-noticias","24":"tag-noticias-destacadas","25":"tag-noticiasdestacadas","26":"tag-roberto","27":"tag-soria","28":"tag-spain","29":"tag-sufrir","30":"tag-titulares","31":"tag-tras","32":"tag-ultima","33":"tag-ultimas-noticias","34":"tag-ultimasnoticias","35":"tag-urgencia"},"share_on_mastodon":{"url":"https:\/\/pubeurope.com\/@es\/115814844502334543","error":""},"_links":{"self":[{"href":"https:\/\/www.europesays.com\/es\/wp-json\/wp\/v2\/posts\/315806","targetHints":{"allow":["GET"]}}],"collection":[{"href":"https:\/\/www.europesays.com\/es\/wp-json\/wp\/v2\/posts"}],"about":[{"href":"https:\/\/www.europesays.com\/es\/wp-json\/wp\/v2\/types\/post"}],"author":[{"embeddable":true,"href":"https:\/\/www.europesays.com\/es\/wp-json\/wp\/v2\/users\/2"}],"replies":[{"embeddable":true,"href":"https:\/\/www.europesays.com\/es\/wp-json\/wp\/v2\/comments?post=315806"}],"version-history":[{"count":0,"href":"https:\/\/www.europesays.com\/es\/wp-json\/wp\/v2\/posts\/315806\/revisions"}],"wp:featuredmedia":[{"embeddable":true,"href":"https:\/\/www.europesays.com\/es\/wp-json\/wp\/v2\/media\/315807"}],"wp:attachment":[{"href":"https:\/\/www.europesays.com\/es\/wp-json\/wp\/v2\/media?parent=315806"}],"wp:term":[{"taxonomy":"category","embeddable":true,"href":"https:\/\/www.europesays.com\/es\/wp-json\/wp\/v2\/categories?post=315806"},{"taxonomy":"post_tag","embeddable":true,"href":"https:\/\/www.europesays.com\/es\/wp-json\/wp\/v2\/tags?post=315806"}],"curies":[{"name":"wp","href":"https:\/\/api.w.org\/{rel}","templated":true}]}}