{"id":315866,"date":"2025-12-31T16:11:09","date_gmt":"2025-12-31T16:11:09","guid":{"rendered":"https:\/\/www.europesays.com\/es\/315866\/"},"modified":"2025-12-31T16:11:09","modified_gmt":"2025-12-31T16:11:09","slug":"mercado-de-fichajes-hoy-31-de-diciembre-en-directo-ultima-hora-de-barcelona-real-madrid-psg-liverpool-city-united-bayern-juventus-sport","status":"publish","type":"post","link":"https:\/\/www.europesays.com\/es\/315866\/","title":{"rendered":"Mercado de fichajes, hoy 31 de diciembre en directo: \u00faltima hora de Barcelona, Real Madrid, PSG, Liverpool, City, United, Bayern, Juventus&#8230; &#8211; SPORT"},"content":{"rendered":"<ol>\n<li><a href=\"https:\/\/news.google.com\/rss\/articles\/CBMimAFBVV95cUxNSktvdEJLZTR5OVBOd3BGT0ZvZ1phSTlKdUg5bzBqWFdLRXljOG5SZ2s3bmdWeHZPZXU4bXB5TjlQUXhvZzZWaU9id1NzQzI5eWQyTFc1b2hJQ0V3Y2duSUZ6dENxZ09MVWZmRGFPc3F5bmt2OEpHc2Fxa21BQ0hYS203cW90Q3oyVVdyd0NFS0tReTVNUFJZedIBmAFBVV95cUxQVGFtYldmUzFyTUwxRjNSdVA1dnh1a0p1akdWMHFCS0dBTUJjbjltUnFZekRVWk8xam16RHRvaWkzbFJObEpZaDZVS1VsQWR3U3lHOE5yRjkweENvU1lQSGNXREs4YkZhekJYUlVENkVseVpuYWtVbl9nZEJLMlRYZVFZLVlGWjJ1SDFxc1ppa0ZabURVYmRZVw?oc=5\" target=\"_blank\" rel=\"nofollow noopener\">Mercado de fichajes, hoy 31 de diciembre en directo: \u00faltima hora de Barcelona, Real Madrid, PSG, Liverpool, City, United, Bayern, Juventus&#8230;<\/a>&nbsp;&nbsp;SPORT<\/li>\n<li><a href=\"https:\/\/news.google.com\/rss\/articles\/CBMi6AFBVV95cUxQcUVEa29pU2puNEFwNW5CQTNMc2dvYXhhMkhBREJNUnNDYlNFY2lXbEdmcUlibTdUdWhNd3VpRmV1WXVKWWNvVjBDMlpybk01ZlpOYU5WbXRSMHRFQWxRTF9lTndPWTdYYk02X25UUjVuWkkzNzN3STRQZnpPcTkzSlNaVHlsaVVEV3Q2ZkswaGNQYUpIZk9SSVlvM2RlR2Y1MnpaMDVpbGJQU2FDbUtCTzROWUlrZFI1RGtOcC0tNWRnc05TUVREdFFkV3RfSkFFUmlXMURTV09jMFlvd3VWeVZpRnRzWFBO0gH8AUFVX3lxTFBJZGxIY2tXRExQaFM2VTYybXlNOWhBQjJiRHNDblNjRV83LUZDMm1VWUxkYnRXd1hKX3hZY0RTMXFQQmNvZVhMczNlLTNYNGxOd0RrNmpaY2h2M0ZFeUFwTmdDanFFZDNHMkZxVVc0ZkpKNlZiSlJLdUlqZ01rVEQzZ3U0eVZKVFVCaGpHRmdmeGJwVHF0VmRsQ2dGWGZvUW5UMnU1dDlUQnlGMmMycy1FQVZON2Rnb1BwQWVkMkxIRExtVEdsZmxWN2JvQVhMTHYzNDBKTXFCMWt3YVJmZmtyQm5OTzF4WGN1bmZaREQ4TzdBRURIclFncUlrUw?oc=5\" target=\"_blank\" rel=\"nofollow noopener\">Mercado de fichajes, en directo: \u00faltima hora de Real Madrid, Barcelona, Atl\u00e9tico de Madrid y f\u00fatbol internacio<\/a>&nbsp;&nbsp;Diario AS<\/li>\n<li><a href=\"https:\/\/news.google.com\/rss\/articles\/CBMizAFBVV95cUxNaHdGTFl1TFZ3QzNEYXlhSllqcTYxaFM1ckVxa2h6d2VKQXo2TVE3dkltMWl5UXp5Tm1LNVlaNElIdFZxeHZaSmJsU2J2NWU3NFBBRTRZMVgzdTBxTlNCQWJja1JYMXdWd05NN2dmNkhuNTdjQloxVEVmV2d0WVJUUlI5STVIZkxSb25HcGRDdk1fNzRkbndELWRSeDI2VmhCQ1FBdzhPY1g1LW5iZWo2R0lwUjBlMDBvUHNlaVRyQ3Q1M1U0OXZJZDBDMHbSAdoBQVVfeXFMTmVoVzM0azU5N0pSeDVOVm9PaWF3eE96ZEVpZXpWWnlhUTdQT0pRTFhRdjBpbEMzdnA3MEZQdGxuWWRkVzhmQTh4bE1MOUNPamF5OGZXc2ZLUnV5TU5sOHlIWWt0QXNZbTM3bENHbzRXSFdjY0kzVjE2dU90OHhWLWFBUzlRcnJMM3NucmRoU1pXTGFmd3hpbWc0M2wzeG5QMGt1V0w0NUkwTkx2ZDdkTW9DMlBuOVJmQTJHbjRaWFI3Z292NjBBSXowNm56N0czT3U4XzFrNDlManc?oc=5\" target=\"_blank\" rel=\"nofollow noopener\">Mercado de fichajes de f\u00fatbol, en directo hoy | Altas, bajas y rumores, en vivo<\/a>&nbsp;&nbsp;Mundo Deportivo<\/li>\n<li><a href=\"https:\/\/news.google.com\/rss\/articles\/CBMi2wFBVV95cUxPamRzNjg5NlNnem9ZbC04NzVza0FKTVdnbkdWU1dMMlBjc1lGRVJDZENSTFBZclUxR3pkY2JkZV9yUkd0ZUFDT2pwOC1tQzN5S2w2cUE4OUxCYjBSdHdXMWxiZW85UWhpbExOZjFqbUdVWmFITEZkWUt6N2RTUndyQlJBQWFGNExxNHpvR2pBaTQ2N0Ezc3Z1LWRUOHhmaGV1MFJYNHM2c3ZWek1QUURVX0dtU3dkeHhUODh1VVRrcnprZ3BTX2IySVRlS2t4SUVkR0Vual9tT1RnTms?oc=5\" target=\"_blank\" rel=\"nofollow noopener\">Mercado de fichajes del 31 de diciembre, en directo: Brahim D\u00edaz, Vlahovic&#8230;<\/a>&nbsp;&nbsp;El Desmarque<\/li>\n<li><a href=\"https:\/\/news.google.com\/rss\/articles\/CBMimgFBVV95cUxOWEprcURPVlVpNHFOZVRaTWQ2UnlqV0ZlaW9EckFQTmhiaUJBaHEwaFVlNFF0Vmd3OFhWVUtmOE9VM2tLVWFoOGNTVUhTSlRBQ182cDVPODl5b2F2YWtJeWROV3haZFlhX1hhM0plNXo5ZTV4Y09YM0ZHVTVyLVJoMU1ieEwzR1ZUQ1kwNTZBSHByUm5pNXNZenB30gGaAUFVX3lxTE9QcFFSRmUyZDJMUFBHVVpJYm9yNF9sOExNN0xKY09KaDJHbElPajMxZDFjdVRvSnU2LUt0ZnhzM2R1Vk5GSTFkSUhKS2ZpWjJFVFNjb3hubWl3bGZaUjJ4NG5rekEwMHVvTDRiN1VnZmt3ZGc0c21HdGVnQ0diU0dqcUVKMnJtNmpWUXlTRUp0RDdNeUhIV051SEE?oc=5\" target=\"_blank\" rel=\"nofollow noopener\">Mercado de fichajes, en directo | Altas, bajas y \u00faltima hora de los traspasos de invierno hoy, en vivo<\/a>&nbsp;&nbsp;MARCA<\/li>\n<\/ol>\n","protected":false},"excerpt":{"rendered":"Mercado de fichajes, hoy 31 de diciembre en directo: \u00faltima hora de Barcelona, Real Madrid, PSG, Liverpool, City,&hellip;\n","protected":false},"author":2,"featured_media":315867,"comment_status":"","ping_status":"","sticky":false,"template":"","format":"standard","meta":{"footnotes":""},"categories":[268],"tags":[2296,24836,168,25,24,285,280,282,15829,288,1239,4409,3048,281,23,167],"class_list":{"0":"post-315866","1":"post","2":"type-post","3":"status-publish","4":"format-standard","5":"has-post-thumbnail","7":"category-futbol","8":"tag-barca","9":"tag-bayern","10":"tag-deportes","11":"tag-es","12":"tag-espana","13":"tag-fichajes","14":"tag-football","15":"tag-futbol","16":"tag-juventus","17":"tag-laliga","18":"tag-mercado","19":"tag-psg","20":"tag-real-madrid","21":"tag-soccer","22":"tag-spain","23":"tag-sports"},"share_on_mastodon":{"url":"https:\/\/pubeurope.com\/@es\/115815060928121592","error":""},"_links":{"self":[{"href":"https:\/\/www.europesays.com\/es\/wp-json\/wp\/v2\/posts\/315866","targetHints":{"allow":["GET"]}}],"collection":[{"href":"https:\/\/www.europesays.com\/es\/wp-json\/wp\/v2\/posts"}],"about":[{"href":"https:\/\/www.europesays.com\/es\/wp-json\/wp\/v2\/types\/post"}],"author":[{"embeddable":true,"href":"https:\/\/www.europesays.com\/es\/wp-json\/wp\/v2\/users\/2"}],"replies":[{"embeddable":true,"href":"https:\/\/www.europesays.com\/es\/wp-json\/wp\/v2\/comments?post=315866"}],"version-history":[{"count":0,"href":"https:\/\/www.europesays.com\/es\/wp-json\/wp\/v2\/posts\/315866\/revisions"}],"wp:featuredmedia":[{"embeddable":true,"href":"https:\/\/www.europesays.com\/es\/wp-json\/wp\/v2\/media\/315867"}],"wp:attachment":[{"href":"https:\/\/www.europesays.com\/es\/wp-json\/wp\/v2\/media?parent=315866"}],"wp:term":[{"taxonomy":"category","embeddable":true,"href":"https:\/\/www.europesays.com\/es\/wp-json\/wp\/v2\/categories?post=315866"},{"taxonomy":"post_tag","embeddable":true,"href":"https:\/\/www.europesays.com\/es\/wp-json\/wp\/v2\/tags?post=315866"}],"curies":[{"name":"wp","href":"https:\/\/api.w.org\/{rel}","templated":true}]}}