{"id":315905,"date":"2025-12-31T16:43:14","date_gmt":"2025-12-31T16:43:14","guid":{"rendered":"https:\/\/www.europesays.com\/es\/315905\/"},"modified":"2025-12-31T16:43:14","modified_gmt":"2025-12-31T16:43:14","slug":"territorio-9-little-amelie-las-recomendaciones-de-aida-santos-e-irene-rivas","status":"publish","type":"post","link":"https:\/\/www.europesays.com\/es\/315905\/","title":{"rendered":"Territorio 9 &#8211; Little Am\u00e9lie | Las recomendaciones de Aida Santos e Irene Rivas"},"content":{"rendered":"<p>              <strong>+12<\/strong><\/p>\n<p>En el programa 468 os presentamos una de las pel\u00edculas de animaci\u00f3n que seguro va a gustar a toda la familia en 2026, \u00abLittle Am\u00e9lie\u00bb. Charlamos con dos de sus productoras. A continuaci\u00f3n, Aida Santos deja los c\u00f3mics infantiles y de superh\u00e9roes para recomendarnos tebeos para regalar estas Navidades. Lo mismo hace para terminar el programa nuestra subdirectora, Irene Rivas.<\/p>\n","protected":false},"excerpt":{"rendered":"+12 En el programa 468 os presentamos una de las pel\u00edculas de animaci\u00f3n que seguro va a gustar&hellip;\n","protected":false},"author":2,"featured_media":315906,"comment_status":"","ping_status":"","sticky":false,"template":"","format":"standard","meta":{"footnotes":""},"categories":[91],"tags":[146,147,25,24,73906,133,1448,1986,1987,23,34822],"class_list":{"0":"post-315905","1":"post","2":"type-post","3":"status-publish","4":"format-standard","5":"has-post-thumbnail","7":"category-entretenimiento","8":"tag-entertainment","9":"tag-entretenimiento","10":"tag-es","11":"tag-espana","12":"tag-little-amelie-las-recomendaciones-de-aida-santos-e-irene-rivas","13":"tag-online","14":"tag-radio","15":"tag-rne","16":"tag-rtve-play","17":"tag-spain","18":"tag-territorio-9"},"share_on_mastodon":{"url":"https:\/\/pubeurope.com\/@es\/115815186888734908","error":""},"_links":{"self":[{"href":"https:\/\/www.europesays.com\/es\/wp-json\/wp\/v2\/posts\/315905","targetHints":{"allow":["GET"]}}],"collection":[{"href":"https:\/\/www.europesays.com\/es\/wp-json\/wp\/v2\/posts"}],"about":[{"href":"https:\/\/www.europesays.com\/es\/wp-json\/wp\/v2\/types\/post"}],"author":[{"embeddable":true,"href":"https:\/\/www.europesays.com\/es\/wp-json\/wp\/v2\/users\/2"}],"replies":[{"embeddable":true,"href":"https:\/\/www.europesays.com\/es\/wp-json\/wp\/v2\/comments?post=315905"}],"version-history":[{"count":0,"href":"https:\/\/www.europesays.com\/es\/wp-json\/wp\/v2\/posts\/315905\/revisions"}],"wp:featuredmedia":[{"embeddable":true,"href":"https:\/\/www.europesays.com\/es\/wp-json\/wp\/v2\/media\/315906"}],"wp:attachment":[{"href":"https:\/\/www.europesays.com\/es\/wp-json\/wp\/v2\/media?parent=315905"}],"wp:term":[{"taxonomy":"category","embeddable":true,"href":"https:\/\/www.europesays.com\/es\/wp-json\/wp\/v2\/categories?post=315905"},{"taxonomy":"post_tag","embeddable":true,"href":"https:\/\/www.europesays.com\/es\/wp-json\/wp\/v2\/tags?post=315905"}],"curies":[{"name":"wp","href":"https:\/\/api.w.org\/{rel}","templated":true}]}}